{"id":8151,"date":"2021-04-15T08:23:56","date_gmt":"2021-04-15T08:23:56","guid":{"rendered":"https:\/\/cetm-madrid.es\/web\/?p=8151"},"modified":"2021-04-16T08:33:53","modified_gmt":"2021-04-16T08:33:53","slug":"las-bajas-temporales-de-los-vehiculos-tendran-una-duracion-maxima-de-un-ano","status":"publish","type":"post","link":"https:\/\/cetm-madrid.es\/web\/las-bajas-temporales-de-los-vehiculos-tendran-una-duracion-maxima-de-un-ano\/","title":{"rendered":"Las bajas temporales de los veh\u00edculos tendr\u00e1n una duraci\u00f3n m\u00e1xima de un a\u00f1o"},"content":{"rendered":"<p>[et_pb_section fb_built=&#8221;1&#8243; admin_label=&#8221;section&#8221; _builder_version=&#8221;3.22&#8243;][et_pb_row admin_label=&#8221;row&#8221; _builder_version=&#8221;3.25&#8243; background_size=&#8221;initial&#8221; background_position=&#8221;top_left&#8221; background_repeat=&#8221;repeat&#8221; column_structure=&#8221;2_3,1_3&#8243;][et_pb_column type=&#8221;2_3&#8243; _builder_version=&#8221;3.25&#8243; custom_padding=&#8221;|||&#8221; custom_padding__hover=&#8221;|||&#8221;][et_pb_text admin_label=&#8221;Texto&#8221; _builder_version=&#8221;4.7.7&#8243; background_size=&#8221;initial&#8221; background_position=&#8221;top_left&#8221; background_repeat=&#8221;repeat&#8221; text_orientation=&#8221;justified&#8221; hover_enabled=&#8221;0&#8243; use_border_color=&#8221;off&#8221; border_color=&#8221;#ffffff&#8221; border_style=&#8221;solid&#8221; sticky_enabled=&#8221;0&#8243;]<\/p>\n<p>Este mi\u00e9rcoles 14 de abril se ha publicado en el Bolet\u00edn Oficial del Estado (BOE) el Real Decreto 265\/2021 sobre los veh\u00edculos al final de su vida \u00fatil y por el que se modifica el Reglamento General de Veh\u00edculos, aprobado por el Real Decreto 2822\/1998, de 23 de diciembre.<\/p>\n<p>Entre las novedades, se establece un l\u00edmite temporal de 1 a\u00f1o desde la fecha de solicitud de la baja temporal. Pasado ese tiempo, <strong>si el interesado no ha solicitado la pr\u00f3rroga, el veh\u00edculo volver\u00e1 a estar en situaci\u00f3n activa,<\/strong> generando las obligaciones administrativas y fiscales que correspondan, como el impuesto de veh\u00edculos de tracci\u00f3n mec\u00e1nica.<\/p>\n<p>Tal y como ha informado la Direcci\u00f3n General de Tr\u00e1fico (DGT) en una nota de prensa, las pr\u00f3rrogas del plazo de baja temporal <strong>se podr\u00e1n solicitar como m\u00e1ximo dos meses antes<\/strong> de la fecha de finalizaci\u00f3n de la baja temporal. La medida tiene como objetivo evitar el uso abusivo de la baja temporal con el objetivo de evadir la obligaci\u00f3n de llevar el veh\u00edculo a un Centro Autorizado de Tratamiento (CAT).<\/p>\n<p>Por otra parte, en este Real Decreto se incluye la <strong>obligaci\u00f3n de pasar una inspecci\u00f3n ITV<\/strong> a aquellos veh\u00edculos que han sido declarados siniestro total por las compa\u00f1\u00edas aseguradoras y en los que, posteriormente, su titular pretenda continuar circulando con \u00e9l o transferirlo a otro titular. La inspecci\u00f3n deber\u00e1 pasarse con fecha posterior a la declaraci\u00f3n del siniestro.<\/p>\n<p>En el caso de que se quiera trasladar un veh\u00edculo a otro pa\u00eds donde vaya a ser matriculado, el titular u otra persona que acredite su propiedad, una vez comunicada la baja del veh\u00edculo por exportaci\u00f3n o tr\u00e1nsito comunitario, <strong>deber\u00e1 materializar la salida del veh\u00edculo de Espa\u00f1a en los siguientes tres meses<\/strong> desde la anotaci\u00f3n de la baja en el registro de veh\u00edculos de la DGT. Si se superan los tres meses y existe constancia de que el veh\u00edculo contin\u00faa circulando en Espa\u00f1a, se proceder\u00e1 de oficio a darle nuevamente de alta en el Registro General de Veh\u00edculos de la DGT.<\/p>\n<p>Adem\u00e1s, en el caso de que los veh\u00edculos a exportar tengan una antig\u00fcedad superior a cuatro a\u00f1os, desde su fecha de primera matriculaci\u00f3n, o cualquier veh\u00edculo que, tras un accidente u otra causa haya sufrido un da\u00f1o importante que pueda afectar a alg\u00fan elemento de seguridad, se exigir\u00e1 que,<strong> antes de ser dados de baja definitiva por traslado a otro pa\u00eds, superen una inspecci\u00f3n t\u00e9cnica<\/strong> para verificar que el veh\u00edculo sigue cumpliendo los requisitos para circular por las v\u00edas p\u00fablicas y no se trata de la exportaci\u00f3n de residuos.<\/p>\n<p>Otra novedad es la posibilidad de anotar de oficio la baja definitiva de los veh\u00edculos <strong>que no hayan estado asegurados o hayan superado la ITV durante los \u00faltimos diez a\u00f1os<\/strong>. La baja de oficio se anotar\u00e1 previa resoluci\u00f3n motivada de la Jefatura Provincial de Tr\u00e1fico y garantizar\u00e1, en un momento posterior, la rehabilitaci\u00f3n y puesta en circulaci\u00f3n del veh\u00edculo si el titular acredita la existencia del mismo y el cumplimiento de los requisitos para obtener el permiso de circulaci\u00f3n.<\/p>\n<p>La norma tambi\u00e9n contempla la posibilidad de que los Centros Autorizados de Tratamiento, previa autorizaci\u00f3n de la DGT, cedan los veh\u00edculos al final de su vida \u00fatil dados de baja definitiva <strong>a instituciones dedicadas a la formaci\u00f3n, investigaci\u00f3n en automoci\u00f3n o para trabajos de protecci\u00f3n civil o simulacros.<\/strong><\/p>\n<p>Tambi\u00e9n se podr\u00e1 solicitar, cumpliendo los requisitos establecidos,<strong> la rehabilitaci\u00f3n de los veh\u00edculos hist\u00f3ricos<\/strong> que previamente hayan sido dados de baja definitiva, siempre que se acredite que tienen un especial inter\u00e9s hist\u00f3rico o singularidad.<\/p>\n<p>Por \u00faltimo, para ayudar a los ciudadanos a identificar los Centros Autorizados de Tratamiento (CAT) de los talleres que no pueden descontaminar o desguazar los veh\u00edculos, <strong>exhibir\u00e1n una placa que los identifica.<\/strong> Desde 2013, dicha placa estaba regulada prevista v\u00eda instrucci\u00f3n de DGT.<\/p>\n<p>Pese a que la entrada en vigor de dicho RD es al d\u00eda siguiente de su publicaci\u00f3n, la Disposici\u00f3n transitoria segunda establece que las Administraciones p\u00fablicas competentes adoptar\u00e1n sus procedimientos y autorizaciones, as\u00ed como los documentos de traslados a lo previsto en este RD <strong>en el plazo de un a\u00f1o desde su entrada en vigor.\u00a0<\/strong><\/p>\n<p>[\/et_pb_text][\/et_pb_column][et_pb_column type=&#8221;1_3&#8243; _builder_version=&#8221;3.25&#8243; custom_padding=&#8221;|||&#8221; custom_padding__hover=&#8221;|||&#8221;][et_pb_image src=&#8221;https:\/\/cetm-madrid.es\/web\/wp-content\/uploads\/2020\/05\/Captura-7.jpg&#8221; align_tablet=&#8221;center&#8221; align_last_edited=&#8221;on|desktop&#8221; admin_label=&#8221;Imagen&#8221; _builder_version=&#8221;4.7.7&#8243; animation_style=&#8221;slide&#8221; animation_direction=&#8221;left&#8221; animation_duration=&#8221;500ms&#8221; animation_intensity_slide=&#8221;10%&#8221; hover_enabled=&#8221;0&#8243; use_border_color=&#8221;off&#8221; border_color=&#8221;#ffffff&#8221; border_style=&#8221;solid&#8221; animation=&#8221;left&#8221; sticky=&#8221;off&#8221; always_center_on_mobile=&#8221;on&#8221; title_text=&#8221;Captura&#8221; sticky_enabled=&#8221;0&#8243;][\/et_pb_image][et_pb_button _builder_version=&#8221;4.7.7&#8243; _module_preset=&#8221;default&#8221; button_text=&#8221;BOE&#8221; hover_enabled=&#8221;0&#8243; sticky_enabled=&#8221;0&#8243; button_url=&#8221;https:\/\/cetm-madrid.es\/web\/wp-content\/uploads\/2021\/04\/BOE-A-2021-5868.pdf&#8221; url_new_window=&#8221;on&#8221;][\/et_pb_button][\/et_pb_column][\/et_pb_row][\/et_pb_section]<\/p>\n","protected":false},"excerpt":{"rendered":"<p>Este mi\u00e9rcoles 14 de abril se ha publicado en el Bolet\u00edn Oficial del Estado (BOE) el Real Decreto 265\/2021 sobre los veh\u00edculos al final de su vida \u00fatil y por el que se modifica el Reglamento General de Veh\u00edculos, aprobado por el Real Decreto 2822\/1998, de 23 de diciembre. Entre las novedades, se establece un [&hellip;]<\/p>\n","protected":false},"author":1,"featured_media":5120,"comment_status":"closed","ping_status":"open","sticky":false,"template":"","format":"standard","meta":{"_et_pb_use_builder":"on","_et_pb_old_content":"","_et_gb_content_width":"","footnotes":""},"categories":[5,4],"tags":[],"class_list":["post-8151","post","type-post","status-publish","format-standard","has-post-thumbnail","hentry","category-general","category-organizacion"],"_links":{"self":[{"href":"https:\/\/cetm-madrid.es\/web\/wp-json\/wp\/v2\/posts\/8151","targetHints":{"allow":["GET"]}}],"collection":[{"href":"https:\/\/cetm-madrid.es\/web\/wp-json\/wp\/v2\/posts"}],"about":[{"href":"https:\/\/cetm-madrid.es\/web\/wp-json\/wp\/v2\/types\/post"}],"author":[{"embeddable":true,"href":"https:\/\/cetm-madrid.es\/web\/wp-json\/wp\/v2\/users\/1"}],"replies":[{"embeddable":true,"href":"https:\/\/cetm-madrid.es\/web\/wp-json\/wp\/v2\/comments?post=8151"}],"version-history":[{"count":2,"href":"https:\/\/cetm-madrid.es\/web\/wp-json\/wp\/v2\/posts\/8151\/revisions"}],"predecessor-version":[{"id":8155,"href":"https:\/\/cetm-madrid.es\/web\/wp-json\/wp\/v2\/posts\/8151\/revisions\/8155"}],"wp:featuredmedia":[{"embeddable":true,"href":"https:\/\/cetm-madrid.es\/web\/wp-json\/wp\/v2\/media\/5120"}],"wp:attachment":[{"href":"https:\/\/cetm-madrid.es\/web\/wp-json\/wp\/v2\/media?parent=8151"}],"wp:term":[{"taxonomy":"category","embeddable":true,"href":"https:\/\/cetm-madrid.es\/web\/wp-json\/wp\/v2\/categories?post=8151"},{"taxonomy":"post_tag","embeddable":true,"href":"https:\/\/cetm-madrid.es\/web\/wp-json\/wp\/v2\/tags?post=8151"}],"curies":[{"name":"wp","href":"https:\/\/api.w.org\/{rel}","templated":true}]}}