{"id":8122,"date":"2021-04-13T06:26:05","date_gmt":"2021-04-13T06:26:05","guid":{"rendered":"https:\/\/cetm-madrid.es\/web\/?p=8122"},"modified":"2021-04-15T06:36:38","modified_gmt":"2021-04-15T06:36:38","slug":"manual-sobre-los-nuevos-limites-de-velocidad-en-vias-urbanas","status":"publish","type":"post","link":"https:\/\/cetm-madrid.es\/web\/manual-sobre-los-nuevos-limites-de-velocidad-en-vias-urbanas\/","title":{"rendered":"Manual sobre los nuevos l\u00edmites de velocidad en v\u00edas urbanas"},"content":{"rendered":"<p>[et_pb_section fb_built=&#8221;1&#8243; admin_label=&#8221;section&#8221; _builder_version=&#8221;3.22&#8243;][et_pb_row admin_label=&#8221;row&#8221; _builder_version=&#8221;3.25&#8243; background_size=&#8221;initial&#8221; background_position=&#8221;top_left&#8221; background_repeat=&#8221;repeat&#8221; column_structure=&#8221;2_3,1_3&#8243;][et_pb_column type=&#8221;2_3&#8243; _builder_version=&#8221;3.25&#8243; custom_padding=&#8221;|||&#8221; custom_padding__hover=&#8221;|||&#8221;][et_pb_text admin_label=&#8221;Texto&#8221; _builder_version=&#8221;4.7.7&#8243; background_size=&#8221;initial&#8221; background_position=&#8221;top_left&#8221; background_repeat=&#8221;repeat&#8221; text_orientation=&#8221;justified&#8221; hover_enabled=&#8221;0&#8243; use_border_color=&#8221;off&#8221; border_color=&#8221;#ffffff&#8221; border_style=&#8221;solid&#8221; sticky_enabled=&#8221;0&#8243;]<\/p>\n<p>La Direcci\u00f3n General de Tr\u00e1fico (DGT) ha presentado este martes junto a la Federaci\u00f3n Espa\u00f1ola de Municipios y Provincias (FEMP) el manual de aplicaci\u00f3n de los nuevos l\u00edmites de velocidad en v\u00edas urbanas y traves\u00edas que <strong>entrar\u00e1n en vigor el pr\u00f3ximo 11 de mayo.<\/strong><\/p>\n<p>La modificaci\u00f3n del Reglamento de Circulaci\u00f3n en el que se recogen los l\u00edmites de velocidad en las ciudades se aprob\u00f3 el pasado 10 de noviembre en Consejo de Ministros y se estableci\u00f3 un plazo de 6 meses desde la publicaci\u00f3n del Real Decreto en el BOE para su entrada en vigor. En consecuencia, desde el pr\u00f3ximo 11 de mayo, <strong>el l\u00edmite de velocidad en v\u00edas urbanas ser\u00e1 de:<\/strong><\/p>\n<p>&#8211; 20 km\/h en v\u00edas que dispongan de plataforma \u00fanica de calzada y acera.<\/p>\n<p>&#8211; 30 km\/h en v\u00edas de \u00fanico carril por sentido de circulaci\u00f3n.<\/p>\n<p>&#8211; 50 km\/h en v\u00edas de dos o m\u00e1s carriles por sentido de circulaci\u00f3n.<\/p>\n<p>El manual de la DGT<strong> incluye ejemplos concretos sobre esta nueva medida<\/strong> y puede descargarse a trav\u00e9s del siguiente enlace: <br \/><a href=\"https:\/\/drive.google.com\/drive\/folders\/1sxiA2KYq3pqKSPcI0ghfv8EEUpHXUnmA?usp=sharing\" target=\"_blank\" rel=\"noopener noreferrer\">https:\/\/drive.google.com\/drive\/folders\/1sxiA2KYq3pqKSPcI0ghfv8EEUpHXUnmA?usp=sharing<\/a><\/p>\n<p>[\/et_pb_text][\/et_pb_column][et_pb_column type=&#8221;1_3&#8243; _builder_version=&#8221;3.25&#8243; custom_padding=&#8221;|||&#8221; custom_padding__hover=&#8221;|||&#8221;][et_pb_image src=&#8221;https:\/\/cetm-madrid.es\/web\/wp-content\/uploads\/2021\/04\/Dise\u00f1o-sin-t\u00edtulo-37.png&#8221; align_tablet=&#8221;center&#8221; align_last_edited=&#8221;on|desktop&#8221; admin_label=&#8221;Imagen&#8221; _builder_version=&#8221;4.7.7&#8243; animation_style=&#8221;slide&#8221; animation_direction=&#8221;left&#8221; animation_duration=&#8221;500ms&#8221; animation_intensity_slide=&#8221;10%&#8221; hover_enabled=&#8221;0&#8243; use_border_color=&#8221;off&#8221; border_color=&#8221;#ffffff&#8221; border_style=&#8221;solid&#8221; animation=&#8221;left&#8221; sticky=&#8221;off&#8221; always_center_on_mobile=&#8221;on&#8221; title_text=&#8221;Dise\u00f1o sin t\u00edtulo (37)&#8221; sticky_enabled=&#8221;0&#8243;][\/et_pb_image][\/et_pb_column][\/et_pb_row][\/et_pb_section]<\/p>\n","protected":false},"excerpt":{"rendered":"<p>La Direcci\u00f3n General de Tr\u00e1fico (DGT) ha presentado este martes junto a la Federaci\u00f3n Espa\u00f1ola de Municipios y Provincias (FEMP) el manual de aplicaci\u00f3n de los nuevos l\u00edmites de velocidad en v\u00edas urbanas y traves\u00edas que entrar\u00e1n en vigor el pr\u00f3ximo 11 de mayo. La modificaci\u00f3n del Reglamento de Circulaci\u00f3n en el que se recogen [&hellip;]<\/p>\n","protected":false},"author":1,"featured_media":8125,"comment_status":"closed","ping_status":"open","sticky":false,"template":"","format":"standard","meta":{"_et_pb_use_builder":"on","_et_pb_old_content":"","_et_gb_content_width":"","footnotes":""},"categories":[5,4],"tags":[],"class_list":["post-8122","post","type-post","status-publish","format-standard","has-post-thumbnail","hentry","category-general","category-organizacion"],"_links":{"self":[{"href":"https:\/\/cetm-madrid.es\/web\/wp-json\/wp\/v2\/posts\/8122","targetHints":{"allow":["GET"]}}],"collection":[{"href":"https:\/\/cetm-madrid.es\/web\/wp-json\/wp\/v2\/posts"}],"about":[{"href":"https:\/\/cetm-madrid.es\/web\/wp-json\/wp\/v2\/types\/post"}],"author":[{"embeddable":true,"href":"https:\/\/cetm-madrid.es\/web\/wp-json\/wp\/v2\/users\/1"}],"replies":[{"embeddable":true,"href":"https:\/\/cetm-madrid.es\/web\/wp-json\/wp\/v2\/comments?post=8122"}],"version-history":[{"count":2,"href":"https:\/\/cetm-madrid.es\/web\/wp-json\/wp\/v2\/posts\/8122\/revisions"}],"predecessor-version":[{"id":8126,"href":"https:\/\/cetm-madrid.es\/web\/wp-json\/wp\/v2\/posts\/8122\/revisions\/8126"}],"wp:featuredmedia":[{"embeddable":true,"href":"https:\/\/cetm-madrid.es\/web\/wp-json\/wp\/v2\/media\/8125"}],"wp:attachment":[{"href":"https:\/\/cetm-madrid.es\/web\/wp-json\/wp\/v2\/media?parent=8122"}],"wp:term":[{"taxonomy":"category","embeddable":true,"href":"https:\/\/cetm-madrid.es\/web\/wp-json\/wp\/v2\/categories?post=8122"},{"taxonomy":"post_tag","embeddable":true,"href":"https:\/\/cetm-madrid.es\/web\/wp-json\/wp\/v2\/tags?post=8122"}],"curies":[{"name":"wp","href":"https:\/\/api.w.org\/{rel}","templated":true}]}}