{"id":8114,"date":"2021-04-12T06:16:25","date_gmt":"2021-04-12T06:16:25","guid":{"rendered":"https:\/\/cetm-madrid.es\/web\/?p=8114"},"modified":"2021-04-15T06:22:22","modified_gmt":"2021-04-15T06:22:22","slug":"cortes-en-la-n-121-a-el-proximo-viernes-16-de-abril","status":"publish","type":"post","link":"https:\/\/cetm-madrid.es\/web\/cortes-en-la-n-121-a-el-proximo-viernes-16-de-abril\/","title":{"rendered":"Cortes en la N-121-a el pr\u00f3ximo viernes 16 de abril"},"content":{"rendered":"<p>[et_pb_section fb_built=&#8221;1&#8243; admin_label=&#8221;section&#8221; _builder_version=&#8221;3.22&#8243;][et_pb_row admin_label=&#8221;row&#8221; _builder_version=&#8221;3.25&#8243; background_size=&#8221;initial&#8221; background_position=&#8221;top_left&#8221; background_repeat=&#8221;repeat&#8221; column_structure=&#8221;2_3,1_3&#8243;][et_pb_column type=&#8221;2_3&#8243; _builder_version=&#8221;3.25&#8243; custom_padding=&#8221;|||&#8221; custom_padding__hover=&#8221;|||&#8221;][et_pb_text admin_label=&#8221;Texto&#8221; _builder_version=&#8221;4.7.7&#8243; background_size=&#8221;initial&#8221; background_position=&#8221;top_left&#8221; background_repeat=&#8221;repeat&#8221; text_orientation=&#8221;justified&#8221; hover_enabled=&#8221;0&#8243; use_border_color=&#8221;off&#8221; border_color=&#8221;#ffffff&#8221; border_style=&#8221;solid&#8221; sticky_enabled=&#8221;0&#8243;]<\/p>\n<p>Los Ayuntamientos de las localidades por las que transcurre la N-121-A han convocado una protesta para reclamar el desv\u00edo de camiones que implicar\u00e1 <strong>el corte del tr\u00e1fico en esta v\u00eda en 11 puntos diferentes.<\/strong><\/p>\n<p>Tal y como nos ha informado nuestra asociaci\u00f3n en Navarra, ANET, las concentraciones tendr\u00e1n lugar el pr\u00f3ximo viernes 16 de abril<strong> a las 19:00 horas<\/strong> y se proceder\u00e1 al corte de la circulaci\u00f3n en los siguientes puntos kilom\u00e9tricos:<\/p>\n<p>pk 5 (Ezcabarte), pk 10.5 (Olaibar), pk 14 (Odieta), pk 16 (Anue), pk 22,5 (Lantz), pk 26 (Ultzama-Arraitz), pk 38.5 (Baztan), pk 49 (Doneztebe-Sunbilla), pk 58.5 (Igantzi), pk 60 (Etxalar) y pk 64 (Lesaka-Bera).<\/p>\n<p>Tambi\u00e9n <strong>habr\u00e1 otra protesta en la PA-30<\/strong> en el punto kilom\u00e9trico 8.5 (Huarte).<\/p>\n<p>Aunque seg\u00fan los organizadores la duraci\u00f3n estimada de estos cortes ser\u00e1 de cinco minutos, recomendamos a las empresas de transporte que <strong>tengan en cuenta esta informaci\u00f3n para evitar contratiempos. <\/strong><\/p>\n<p>[\/et_pb_text][\/et_pb_column][et_pb_column type=&#8221;1_3&#8243; _builder_version=&#8221;3.25&#8243; custom_padding=&#8221;|||&#8221; custom_padding__hover=&#8221;|||&#8221;][et_pb_image src=&#8221;https:\/\/cetm-madrid.es\/web\/wp-content\/uploads\/2021\/04\/Dise\u00f1o-sin-t\u00edtulo-36.png&#8221; align_tablet=&#8221;center&#8221; align_last_edited=&#8221;on|desktop&#8221; admin_label=&#8221;Imagen&#8221; _builder_version=&#8221;4.7.7&#8243; animation_style=&#8221;slide&#8221; animation_direction=&#8221;left&#8221; animation_duration=&#8221;500ms&#8221; animation_intensity_slide=&#8221;10%&#8221; hover_enabled=&#8221;0&#8243; use_border_color=&#8221;off&#8221; border_color=&#8221;#ffffff&#8221; border_style=&#8221;solid&#8221; animation=&#8221;left&#8221; sticky=&#8221;off&#8221; always_center_on_mobile=&#8221;on&#8221; title_text=&#8221;Dise\u00f1o sin t\u00edtulo (36)&#8221; sticky_enabled=&#8221;0&#8243;][\/et_pb_image][\/et_pb_column][\/et_pb_row][\/et_pb_section]<\/p>\n","protected":false},"excerpt":{"rendered":"<p>Los Ayuntamientos de las localidades por las que transcurre la N-121-A han convocado una protesta para reclamar el desv\u00edo de camiones que implicar\u00e1 el corte del tr\u00e1fico en esta v\u00eda en 11 puntos diferentes. Tal y como nos ha informado nuestra asociaci\u00f3n en Navarra, ANET, las concentraciones tendr\u00e1n lugar el pr\u00f3ximo viernes 16 de abril [&hellip;]<\/p>\n","protected":false},"author":1,"featured_media":8117,"comment_status":"closed","ping_status":"open","sticky":false,"template":"","format":"standard","meta":{"_et_pb_use_builder":"on","_et_pb_old_content":"","_et_gb_content_width":"","footnotes":""},"categories":[5,4],"tags":[],"class_list":["post-8114","post","type-post","status-publish","format-standard","has-post-thumbnail","hentry","category-general","category-organizacion"],"_links":{"self":[{"href":"https:\/\/cetm-madrid.es\/web\/wp-json\/wp\/v2\/posts\/8114","targetHints":{"allow":["GET"]}}],"collection":[{"href":"https:\/\/cetm-madrid.es\/web\/wp-json\/wp\/v2\/posts"}],"about":[{"href":"https:\/\/cetm-madrid.es\/web\/wp-json\/wp\/v2\/types\/post"}],"author":[{"embeddable":true,"href":"https:\/\/cetm-madrid.es\/web\/wp-json\/wp\/v2\/users\/1"}],"replies":[{"embeddable":true,"href":"https:\/\/cetm-madrid.es\/web\/wp-json\/wp\/v2\/comments?post=8114"}],"version-history":[{"count":2,"href":"https:\/\/cetm-madrid.es\/web\/wp-json\/wp\/v2\/posts\/8114\/revisions"}],"predecessor-version":[{"id":8118,"href":"https:\/\/cetm-madrid.es\/web\/wp-json\/wp\/v2\/posts\/8114\/revisions\/8118"}],"wp:featuredmedia":[{"embeddable":true,"href":"https:\/\/cetm-madrid.es\/web\/wp-json\/wp\/v2\/media\/8117"}],"wp:attachment":[{"href":"https:\/\/cetm-madrid.es\/web\/wp-json\/wp\/v2\/media?parent=8114"}],"wp:term":[{"taxonomy":"category","embeddable":true,"href":"https:\/\/cetm-madrid.es\/web\/wp-json\/wp\/v2\/categories?post=8114"},{"taxonomy":"post_tag","embeddable":true,"href":"https:\/\/cetm-madrid.es\/web\/wp-json\/wp\/v2\/tags?post=8114"}],"curies":[{"name":"wp","href":"https:\/\/api.w.org\/{rel}","templated":true}]}}