{"id":8079,"date":"2021-04-08T06:41:03","date_gmt":"2021-04-08T06:41:03","guid":{"rendered":"https:\/\/cetm-madrid.es\/web\/?p=8079"},"modified":"2021-04-09T06:48:40","modified_gmt":"2021-04-09T06:48:40","slug":"la-cetm-denuncia-el-acoso-que-sufre-el-transporte-de-mercancias-por-carretera-en-la-comunidad-foral-de-navarra","status":"publish","type":"post","link":"https:\/\/cetm-madrid.es\/web\/la-cetm-denuncia-el-acoso-que-sufre-el-transporte-de-mercancias-por-carretera-en-la-comunidad-foral-de-navarra\/","title":{"rendered":"La CETM denuncia el acoso que sufre el transporte de mercanc\u00edas por carretera en la Comunidad Foral de Navarra"},"content":{"rendered":"<p>[et_pb_section fb_built=&#8221;1&#8243; admin_label=&#8221;section&#8221; _builder_version=&#8221;3.22&#8243;][et_pb_row admin_label=&#8221;row&#8221; _builder_version=&#8221;3.25&#8243; background_size=&#8221;initial&#8221; background_position=&#8221;top_left&#8221; background_repeat=&#8221;repeat&#8221; column_structure=&#8221;2_3,1_3&#8243;][et_pb_column type=&#8221;2_3&#8243; _builder_version=&#8221;3.25&#8243; custom_padding=&#8221;|||&#8221; custom_padding__hover=&#8221;|||&#8221;][et_pb_text admin_label=&#8221;Texto&#8221; _builder_version=&#8221;4.7.7&#8243; background_size=&#8221;initial&#8221; background_position=&#8221;top_left&#8221; background_repeat=&#8221;repeat&#8221; text_orientation=&#8221;justified&#8221; hover_enabled=&#8221;0&#8243; use_border_color=&#8221;off&#8221; border_color=&#8221;#ffffff&#8221; border_style=&#8221;solid&#8221; sticky_enabled=&#8221;0&#8243;]<\/p>\n<p>Ha salido a la luz que el departamento de Cohesi\u00f3n Territorial de Navarra estudia <strong>prohibir la circulaci\u00f3n de camiones durante los fines de semana<\/strong> en la N-121-A.<\/p>\n<p>Lamentablemente, esta noticia no coge de sorpresa a la Confederaci\u00f3n Espa\u00f1ola de Transporte de Mercanc\u00edas (CETM), puesto que se trata de otra acci\u00f3n m\u00e1s de la que parece ser la estrategia del Gobierno navarro: criminalizar al sector del transporte de mercanc\u00edas por carretera.<\/p>\n<p>A pesar de que la labor de las empresas de transporte <strong>es imprescindible e insustituible<\/strong>, tal y como se ha demostrado durante la pandemia del Covid-19, los Ayuntamientos navarros siguen ejerciendo presi\u00f3n para entorpecer el transporte y, a los peajes exclusivos para camiones, se sumar\u00eda ahora la prohibici\u00f3n del tr\u00e1fico pesado los fines de semana, una medida que obligar\u00eda a los conductores a circular por la AP-15 y realizar kil\u00f3metros extra para llevar a cabo las entregas, lo que <strong>supondr\u00eda un importante incremento de los costes y una p\u00e9rdida innecesaria de tiempo.<\/strong><\/p>\n<p>A pesar de que la sociedad parece haber entendido que gracias al transporte se mantiene el funcionamiento de la cadena de suministro y <strong>se ha evitado el desabastecimiento<\/strong> en un momento tan decisivo como el que estamos viviendo, las Administraciones navarras contin\u00faan con su <strong>campa\u00f1a de acoso y derribo al transporte de mercanc\u00edas por carretera,<\/strong> culp\u00e1ndole de la siniestralidad en sus <br \/>carreteras, aunque los datos evidencian lo contrario.<\/p>\n<p>La CETM pide <strong>que, de una vez por todas, acabe esta persecuci\u00f3n al sector<\/strong>, puesto que la aprobaci\u00f3n de los peajes o la prohibici\u00f3n de los veh\u00edculos pesados no solo perjudicar\u00e1 a nuestras empresas, sino que <strong>repercutir\u00e1 en el conjunto de la econom\u00eda y sociedad navarra.<\/strong><\/p>\n<p>La Confederaci\u00f3n exige que se busquen otras soluciones que no pasen por discriminar al transporte y <strong>aboga por el di\u00e1logo con las organizaciones del sector<\/strong> para evitar que una medida tan injusta como la que se plantea pueda <strong>acabar con la paciencia del transporte y derive en<\/strong> movilizaciones de protesta.<\/p>\n<p>[\/et_pb_text][\/et_pb_column][et_pb_column type=&#8221;1_3&#8243; _builder_version=&#8221;3.25&#8243; custom_padding=&#8221;|||&#8221; custom_padding__hover=&#8221;|||&#8221;][et_pb_image src=&#8221;https:\/\/cetm-madrid.es\/web\/wp-content\/uploads\/2020\/10\/Dise\u00f1o-sin-t\u00edtulo.png&#8221; align_tablet=&#8221;center&#8221; align_last_edited=&#8221;on|desktop&#8221; admin_label=&#8221;Imagen&#8221; _builder_version=&#8221;4.7.7&#8243; animation_style=&#8221;slide&#8221; animation_direction=&#8221;left&#8221; animation_duration=&#8221;500ms&#8221; animation_intensity_slide=&#8221;10%&#8221; hover_enabled=&#8221;0&#8243; use_border_color=&#8221;off&#8221; border_color=&#8221;#ffffff&#8221; border_style=&#8221;solid&#8221; animation=&#8221;left&#8221; sticky=&#8221;off&#8221; always_center_on_mobile=&#8221;on&#8221; title_text=&#8221;Dise\u00f1o sin t\u00edtulo&#8221; sticky_enabled=&#8221;0&#8243;][\/et_pb_image][\/et_pb_column][\/et_pb_row][\/et_pb_section]<\/p>\n","protected":false},"excerpt":{"rendered":"<p>Ha salido a la luz que el departamento de Cohesi\u00f3n Territorial de Navarra estudia prohibir la circulaci\u00f3n de camiones durante los fines de semana en la N-121-A. Lamentablemente, esta noticia no coge de sorpresa a la Confederaci\u00f3n Espa\u00f1ola de Transporte de Mercanc\u00edas (CETM), puesto que se trata de otra acci\u00f3n m\u00e1s de la que parece [&hellip;]<\/p>\n","protected":false},"author":1,"featured_media":6372,"comment_status":"closed","ping_status":"open","sticky":false,"template":"","format":"standard","meta":{"_et_pb_use_builder":"on","_et_pb_old_content":"","_et_gb_content_width":"","footnotes":""},"categories":[5,4],"tags":[],"class_list":["post-8079","post","type-post","status-publish","format-standard","has-post-thumbnail","hentry","category-general","category-organizacion"],"_links":{"self":[{"href":"https:\/\/cetm-madrid.es\/web\/wp-json\/wp\/v2\/posts\/8079","targetHints":{"allow":["GET"]}}],"collection":[{"href":"https:\/\/cetm-madrid.es\/web\/wp-json\/wp\/v2\/posts"}],"about":[{"href":"https:\/\/cetm-madrid.es\/web\/wp-json\/wp\/v2\/types\/post"}],"author":[{"embeddable":true,"href":"https:\/\/cetm-madrid.es\/web\/wp-json\/wp\/v2\/users\/1"}],"replies":[{"embeddable":true,"href":"https:\/\/cetm-madrid.es\/web\/wp-json\/wp\/v2\/comments?post=8079"}],"version-history":[{"count":2,"href":"https:\/\/cetm-madrid.es\/web\/wp-json\/wp\/v2\/posts\/8079\/revisions"}],"predecessor-version":[{"id":8082,"href":"https:\/\/cetm-madrid.es\/web\/wp-json\/wp\/v2\/posts\/8079\/revisions\/8082"}],"wp:featuredmedia":[{"embeddable":true,"href":"https:\/\/cetm-madrid.es\/web\/wp-json\/wp\/v2\/media\/6372"}],"wp:attachment":[{"href":"https:\/\/cetm-madrid.es\/web\/wp-json\/wp\/v2\/media?parent=8079"}],"wp:term":[{"taxonomy":"category","embeddable":true,"href":"https:\/\/cetm-madrid.es\/web\/wp-json\/wp\/v2\/categories?post=8079"},{"taxonomy":"post_tag","embeddable":true,"href":"https:\/\/cetm-madrid.es\/web\/wp-json\/wp\/v2\/tags?post=8079"}],"curies":[{"name":"wp","href":"https:\/\/api.w.org\/{rel}","templated":true}]}}