{"id":8069,"date":"2021-04-07T17:27:25","date_gmt":"2021-04-07T17:27:25","guid":{"rendered":"https:\/\/cetm-madrid.es\/web\/?p=8069"},"modified":"2021-04-08T17:28:25","modified_gmt":"2021-04-08T17:28:25","slug":"la-cetm-participa-en-la-comision-sobre-seguridad-vial-del-congreso-de-los-diputados","status":"publish","type":"post","link":"https:\/\/cetm-madrid.es\/web\/la-cetm-participa-en-la-comision-sobre-seguridad-vial-del-congreso-de-los-diputados\/","title":{"rendered":"La CETM participa en la Comisi\u00f3n sobre Seguridad vial del Congreso de los Diputados"},"content":{"rendered":"<p>[et_pb_section fb_built=&#8221;1&#8243; admin_label=&#8221;section&#8221; _builder_version=&#8221;3.22&#8243;][et_pb_row column_structure=&#8221;2_3,1_3&#8243; admin_label=&#8221;row&#8221; _builder_version=&#8221;3.25&#8243; background_size=&#8221;initial&#8221; background_position=&#8221;top_left&#8221; background_repeat=&#8221;repeat&#8221;][et_pb_column type=&#8221;2_3&#8243; _builder_version=&#8221;3.25&#8243; custom_padding=&#8221;|||&#8221; custom_padding__hover=&#8221;|||&#8221;][et_pb_image src=&#8221;https:\/\/cetm-madrid.es\/web\/wp-content\/uploads\/2021\/04\/intervenci\u00f3n_miguel_pereira_2.jpg&#8221; title_text=&#8221;intervenci\u00f3n_miguel_pereira_2&#8243; _builder_version=&#8221;4.7.7&#8243; _module_preset=&#8221;default&#8221;][\/et_pb_image][et_pb_text admin_label=&#8221;Texto&#8221; _builder_version=&#8221;4.7.7&#8243; background_size=&#8221;initial&#8221; background_position=&#8221;top_left&#8221; background_repeat=&#8221;repeat&#8221; text_orientation=&#8221;justified&#8221; use_border_color=&#8221;off&#8221; border_color=&#8221;#ffffff&#8221; border_style=&#8221;solid&#8221;]<\/p>\n<p>Este martes se ha celebrado la Comisi\u00f3n sobre Seguridad Vial del Congreso de los Diputados en la que la Confederaci\u00f3n Espa\u00f1ola de Transporte de Mercanc\u00edas (CETM) ha estado presente de la mano de Miguel Pereira como representante de la patronal.<\/p>\n<p>Durante la sesi\u00f3n, Miguel Pereira, asesor laboral de la CETM, ha tenido la oportunidad de exponer <strong>reclamaciones que la CETM ha venido realizando a lo largo de su historia<\/strong> con la intenci\u00f3n de garantizar la seguridad de los profesionales de las empresas de transporte de mercanc\u00edas por carretera.<\/p>\n<p>Para la Confederaci\u00f3n es primordial que <strong>se proh\u00edba la realizaci\u00f3n de las labores de carga y descarga<\/strong> por parte de los conductores profesionales, puesto que su labor no es otra que la de conducir y esas tareas no solo no les corresponden, sino que<strong> tienen una incidencia directa en su fatiga<\/strong> y repercuten en la siniestralidad al volante. As\u00ed lo ha defendido el representante laboral de la CETM, que ha puesto de manifiesto que la prohibici\u00f3n debe venir establecida en una ley y no por negociaci\u00f3n colectiva para que, de esta manera,<strong> tambi\u00e9n afecte a los transportistas aut\u00f3nomos.<\/strong><\/p>\n<p>Del mismo modo ser\u00eda conveniente que se estableciese por ley que <strong>los conductores profesionales se sometan a un reconocimiento m\u00e9dico anual<\/strong> y as\u00ed asegurarse de que se encuentran en las condiciones adecuadas para desarrollar su profesi\u00f3n. Con el fin de reducir los accidentes en carretera y evitar el consumo de alcohol y drogas, Miguel Pereira tambi\u00e9n ha reclamado la posibilidad de que las empresas<strong> puedan someter a controles aleatorios a sus profesionales<\/strong> y ha abogado por la introducci\u00f3n del alcolock en los veh\u00edculos comerciales.<\/p>\n<p>La formaci\u00f3n en seguridad vial en los cursos de obtenci\u00f3n y renovaci\u00f3n del CAP y la realizaci\u00f3n de campa\u00f1as de concienciaci\u00f3n dirigidas a los profesionales del sector ha sido otro de los puntos que se han expuesto. Asimismo, se ha aprovechado para<br \/>reivindicar la puesta en marcha de los mecanismos que permitan la recuperaci\u00f3n de puntos con ocasi\u00f3n de la renovaci\u00f3n del CAP lo que, a pesar de estar previsto, todav\u00eda no se ha puesto en pr\u00e1ctica.<\/p>\n<p>Por otra parte, el representante de la CETM tambi\u00e9n ha solicitado la mejora de la red viaria y la <strong>puesta en marcha de \u00e1reas de estacionamiento seguras y protegidas<\/strong> para camiones, as\u00ed como la necesidad de modernizar el parque m\u00f3vil <strong>incentivando la sustituci\u00f3n de veh\u00edculos antiguos<\/strong> por otros m\u00e1s actuales que cuentan con mejores dispositivos de seguridad.<\/p>\n<p>Pereira ha finalizado su comparecencia proponiendo una mejora en las estad\u00edsticas de accidentalidad distinguiendo, en el caso de las furgonetas y veh\u00edculos ligeros, <strong>a aquellos que pertenecen al sector<\/strong> y ha destacado que el Paquete de Movilidad prev\u00e9 la obligatoriedad del tac\u00f3grafo para este tipo de veh\u00edculos en los casos en los que se realice transporte internacional.<\/p>\n<p>Con ocasi\u00f3n de las preguntas de los congresistas, que han agradecido al sector su papel y comportamiento durante la pandemia, Pereira ha aprovechado para reivindicar el car\u00e1cter absolutamente esencial de transporte por carretera, que resulta imprescindible porque sin \u00e9l la sociedad no funcionaria, y ha denunciado el hecho de que, en muchas ocasiones, <strong>el transporte es el gran olvidado de las distintas Administraciones P\u00fablicas.<\/strong><\/p>\n<p>La intervenci\u00f3n de Miguel Pereira es una muestra m\u00e1s del<strong> compromiso que la CETM mantiene con la mejora continua de la seguridad vial<\/strong> y la estrategia establecida en esta materia, cuyo principal objetivo para el a\u00f1o 2030 es reducir las v\u00edctimas mortales a la mitad. Asimismo, la patronal del transporte celebra su participaci\u00f3n, puesto que <strong>es imprescindible la implicaci\u00f3n de todos los agentes sociales,<\/strong> y espera que contribuya al avance y desarrollo del tr\u00e1fico y la movilidad.<\/p>\n<p style=\"text-align: center;\"><strong>MATERIAL AUDIOVISUAL:<\/strong><\/p>\n<p>\u2022 Pueden visionar la comparecencia de Miguel Pereira en el siguiente enlace a partir de 3 h 22\u2019 31\u2019\u2019: <a href=\"https:\/\/www.youtube.com\/watch?v=va6SSz9cHA8\" target=\"_blank\" rel=\"noopener noreferrer\">https:\/\/www.youtube.com\/watch?v=va6SSz9cHA8<\/a><\/p>\n<p>\u2022 Im\u00e1genes de la intervenci\u00f3n:<br \/><a href=\"https:\/\/www.congreso.es\/web\/guest\/fotonoticias?p_p_id=fotonoticias&amp;p_p_lifecycle=0&amp;p_p_state=normal&amp;p_p_mode=view&amp;_fotonoticias_mvcPath=detalle&amp;_fotonoticias_fotonId=3327\" target=\"_blank\" rel=\"noopener noreferrer\">https:\/\/www.congreso.es\/web\/guest\/fotonoticias?p_p_id=fotonoticias&amp;p_p_lifecycle=0&amp;p_p_state=normal&amp;p_p_mode=view&amp;_fotonoticias_mvcPath=detalle&amp;_fotonoticias_fotonId=3327<\/a><\/p>\n<p>[\/et_pb_text][\/et_pb_column][et_pb_column type=&#8221;1_3&#8243; _builder_version=&#8221;3.25&#8243; custom_padding=&#8221;|||&#8221; custom_padding__hover=&#8221;|||&#8221;][et_pb_image src=&#8221;https:\/\/cetm-madrid.es\/web\/wp-content\/uploads\/2021\/04\/intervencion_miguel_pereira.jpg&#8221; title_text=&#8221;intervencion_miguel_pereira&#8221; align_tablet=&#8221;center&#8221; align_phone=&#8221;&#8221; align_last_edited=&#8221;on|desktop&#8221; admin_label=&#8221;Imagen&#8221; _builder_version=&#8221;4.7.7&#8243; animation_style=&#8221;slide&#8221; animation_direction=&#8221;left&#8221; animation_duration=&#8221;500ms&#8221; animation_intensity_slide=&#8221;10%&#8221; use_border_color=&#8221;off&#8221; border_color=&#8221;#ffffff&#8221; border_style=&#8221;solid&#8221; animation=&#8221;left&#8221; sticky=&#8221;off&#8221; always_center_on_mobile=&#8221;on&#8221;][\/et_pb_image][\/et_pb_column][\/et_pb_row][\/et_pb_section]<\/p>\n","protected":false},"excerpt":{"rendered":"<p>Este martes se ha celebrado la Comisi\u00f3n sobre Seguridad Vial del Congreso de los Diputados en la que la Confederaci\u00f3n Espa\u00f1ola de Transporte de Mercanc\u00edas (CETM) ha estado presente de la mano de Miguel Pereira como representante de la patronal. Durante la sesi\u00f3n, Miguel Pereira, asesor laboral de la CETM, ha tenido la oportunidad de [&hellip;]<\/p>\n","protected":false},"author":1,"featured_media":8073,"comment_status":"closed","ping_status":"open","sticky":false,"template":"","format":"standard","meta":{"_et_pb_use_builder":"on","_et_pb_old_content":"","_et_gb_content_width":"","footnotes":""},"categories":[5,4],"tags":[],"class_list":["post-8069","post","type-post","status-publish","format-standard","has-post-thumbnail","hentry","category-general","category-organizacion"],"_links":{"self":[{"href":"https:\/\/cetm-madrid.es\/web\/wp-json\/wp\/v2\/posts\/8069","targetHints":{"allow":["GET"]}}],"collection":[{"href":"https:\/\/cetm-madrid.es\/web\/wp-json\/wp\/v2\/posts"}],"about":[{"href":"https:\/\/cetm-madrid.es\/web\/wp-json\/wp\/v2\/types\/post"}],"author":[{"embeddable":true,"href":"https:\/\/cetm-madrid.es\/web\/wp-json\/wp\/v2\/users\/1"}],"replies":[{"embeddable":true,"href":"https:\/\/cetm-madrid.es\/web\/wp-json\/wp\/v2\/comments?post=8069"}],"version-history":[{"count":4,"href":"https:\/\/cetm-madrid.es\/web\/wp-json\/wp\/v2\/posts\/8069\/revisions"}],"predecessor-version":[{"id":8077,"href":"https:\/\/cetm-madrid.es\/web\/wp-json\/wp\/v2\/posts\/8069\/revisions\/8077"}],"wp:featuredmedia":[{"embeddable":true,"href":"https:\/\/cetm-madrid.es\/web\/wp-json\/wp\/v2\/media\/8073"}],"wp:attachment":[{"href":"https:\/\/cetm-madrid.es\/web\/wp-json\/wp\/v2\/media?parent=8069"}],"wp:term":[{"taxonomy":"category","embeddable":true,"href":"https:\/\/cetm-madrid.es\/web\/wp-json\/wp\/v2\/categories?post=8069"},{"taxonomy":"post_tag","embeddable":true,"href":"https:\/\/cetm-madrid.es\/web\/wp-json\/wp\/v2\/tags?post=8069"}],"curies":[{"name":"wp","href":"https:\/\/api.w.org\/{rel}","templated":true}]}}