{"id":8024,"date":"2021-03-29T18:31:59","date_gmt":"2021-03-29T18:31:59","guid":{"rendered":"https:\/\/cetm-madrid.es\/web\/?p=8024"},"modified":"2021-03-30T18:39:56","modified_gmt":"2021-03-30T18:39:56","slug":"cetm-madrid-menospreciado-por-las-administraciones-despues-de-que-los-trabajadores-del-sector-del-transporte-de-mercancias-por-carretera-sigan-sin-ser-vacunados","status":"publish","type":"post","link":"https:\/\/cetm-madrid.es\/web\/cetm-madrid-menospreciado-por-las-administraciones-despues-de-que-los-trabajadores-del-sector-del-transporte-de-mercancias-por-carretera-sigan-sin-ser-vacunados\/","title":{"rendered":"CETM-Madrid, menospreciado por las administraciones  despu\u00e9s de que los trabajadores del sector del transporte de  mercanc\u00edas por carretera sigan sin ser vacunados"},"content":{"rendered":"<p>[et_pb_section fb_built=&#8221;1&#8243; admin_label=&#8221;section&#8221; _builder_version=&#8221;3.22&#8243;][et_pb_row admin_label=&#8221;row&#8221; _builder_version=&#8221;3.25&#8243; background_size=&#8221;initial&#8221; background_position=&#8221;top_left&#8221; background_repeat=&#8221;repeat&#8221; column_structure=&#8221;2_3,1_3&#8243;][et_pb_column type=&#8221;2_3&#8243; _builder_version=&#8221;3.25&#8243; custom_padding=&#8221;|||&#8221; custom_padding__hover=&#8221;|||&#8221;][et_pb_text admin_label=&#8221;Texto&#8221; _builder_version=&#8221;4.7.7&#8243; background_size=&#8221;initial&#8221; background_position=&#8221;top_left&#8221; background_repeat=&#8221;repeat&#8221; text_orientation=&#8221;justified&#8221; hover_enabled=&#8221;0&#8243; use_border_color=&#8221;off&#8221; border_color=&#8221;#ffffff&#8221; border_style=&#8221;solid&#8221; sticky_enabled=&#8221;0&#8243;]<\/p>\n<p><em> La patronal del sector de la Comunidad madrile\u00f1a afirma que se abren nuevas inc\u00f3gnitas ante la posibilidad de que comience a <\/em><br \/><em>utilizarse el pasaporte de vacunaci\u00f3n<\/em><\/p>\n<p><strong>Madrid, 15 de marzo de 2021.-<\/strong> El sector del transporte de mercanc\u00edas por carretera de la Comunidad se siente preocupado y menospreciado por las administraciones. As\u00ed de contundente se ha manifestado la organizaci\u00f3n patronal CETM-Madrid, despu\u00e9s de que las instituciones p\u00fablicas no hayan respondido a la petici\u00f3n de que los trabajadores de este sector sean prioritarios en el orden de vacunaci\u00f3n frente al coranovirus, considerado como un sector esencial y estrat\u00e9gico.<\/p>\n<p>Despu\u00e9s de que ninguna instituci\u00f3n haya respondido se abren nuevas inc\u00f3gnitas ante la posibilidad m\u00e1s evidente de que el pasaporte de vacunaci\u00f3n comience a usarse en Espa\u00f1a el pr\u00f3ximo mes de mayo.<\/p>\n<p>Ante ello, los transportistas de la Comunidad de Madrid exigen formar parte de los grupos prioritarios para ser vacunados al seguir estando sometidos a una &#8220;gran exposici\u00f3n&#8221; al virus, debido a la movilidad en la que trabajan, si bien en un segundo orden, despu\u00e9s del personal sanitario y sociosanitario.<\/p>\n<p>\u00a0\u201c\u00bfQu\u00e9 ocurrir\u00eda si para entrar en Francia, por ejemplo, nos requieren del pasaporte de vacunaci\u00f3n y todav\u00eda no estamos vacunados?\u201d, se han preguntado. Y esa organizaci\u00f3n empresarial ha respondido que la situaci\u00f3n puede ser muy compleja ante la falta de vacunaci\u00f3n por parte de sus trabajadores mientras ya se est\u00e1 pensando en la puesta en marcha del pasaporte de vacunaci\u00f3n en varios pa\u00edses de la Uni\u00f3n Europea.<\/p>\n<p>En la \u00faltima Junta Directiva de CETM-Madrid se ha recordado que este sector fue considerado como esencial durante toda la pandemia, ya que ha permitido el abastecimiento de la poblaci\u00f3n espa\u00f1ola a pesar de la situaci\u00f3n sanitaria.<\/p>\n<p>Se ha a\u00f1adido, adem\u00e1s, que las condiciones de trabajo de los transportistas y conductores profesionales &#8220;no son sencillas&#8221; al estar expuestos a posibles contagios debido a la postura &#8220;insolidaria&#8221; de algunos cargadores al continuar oblig\u00e1ndoles a realizar las labores de carga y descarga de las mercanc\u00edas en sus instalaciones.<\/p>\n<p>Tambi\u00e9n ha advertido de que los riesgos de contagio y la &#8220;escasa&#8221; posibilidad de recambios de conductores ante bajas laborales pondr\u00eda en problemas la continuidad de su labor de abastecimiento a toda la sociedad con unas m\u00ednimas garant\u00edas sanitarias.<\/p>\n<p>[\/et_pb_text][\/et_pb_column][et_pb_column type=&#8221;1_3&#8243; _builder_version=&#8221;3.25&#8243; custom_padding=&#8221;|||&#8221; custom_padding__hover=&#8221;|||&#8221;][et_pb_image src=&#8221;https:\/\/cetm-madrid.es\/web\/wp-content\/uploads\/2020\/05\/Captura-8.jpg&#8221; align_tablet=&#8221;center&#8221; align_last_edited=&#8221;on|desktop&#8221; admin_label=&#8221;Imagen&#8221; _builder_version=&#8221;4.7.7&#8243; animation_style=&#8221;slide&#8221; animation_direction=&#8221;left&#8221; animation_duration=&#8221;500ms&#8221; animation_intensity_slide=&#8221;10%&#8221; hover_enabled=&#8221;0&#8243; use_border_color=&#8221;off&#8221; border_color=&#8221;#ffffff&#8221; border_style=&#8221;solid&#8221; animation=&#8221;left&#8221; sticky=&#8221;off&#8221; always_center_on_mobile=&#8221;on&#8221; title_text=&#8221;Captura&#8221; sticky_enabled=&#8221;0&#8243;][\/et_pb_image][\/et_pb_column][\/et_pb_row][\/et_pb_section]<\/p>\n","protected":false},"excerpt":{"rendered":"<p>La patronal del sector de la Comunidad madrile\u00f1a afirma que se abren nuevas inc\u00f3gnitas ante la posibilidad de que comience a utilizarse el pasaporte de vacunaci\u00f3n Madrid, 15 de marzo de 2021.- El sector del transporte de mercanc\u00edas por carretera de la Comunidad se siente preocupado y menospreciado por las administraciones. As\u00ed de contundente se [&hellip;]<\/p>\n","protected":false},"author":1,"featured_media":5187,"comment_status":"closed","ping_status":"open","sticky":false,"template":"","format":"standard","meta":{"_et_pb_use_builder":"on","_et_pb_old_content":"","_et_gb_content_width":"","footnotes":""},"categories":[5,4],"tags":[],"class_list":["post-8024","post","type-post","status-publish","format-standard","has-post-thumbnail","hentry","category-general","category-organizacion"],"_links":{"self":[{"href":"https:\/\/cetm-madrid.es\/web\/wp-json\/wp\/v2\/posts\/8024","targetHints":{"allow":["GET"]}}],"collection":[{"href":"https:\/\/cetm-madrid.es\/web\/wp-json\/wp\/v2\/posts"}],"about":[{"href":"https:\/\/cetm-madrid.es\/web\/wp-json\/wp\/v2\/types\/post"}],"author":[{"embeddable":true,"href":"https:\/\/cetm-madrid.es\/web\/wp-json\/wp\/v2\/users\/1"}],"replies":[{"embeddable":true,"href":"https:\/\/cetm-madrid.es\/web\/wp-json\/wp\/v2\/comments?post=8024"}],"version-history":[{"count":2,"href":"https:\/\/cetm-madrid.es\/web\/wp-json\/wp\/v2\/posts\/8024\/revisions"}],"predecessor-version":[{"id":8027,"href":"https:\/\/cetm-madrid.es\/web\/wp-json\/wp\/v2\/posts\/8024\/revisions\/8027"}],"wp:featuredmedia":[{"embeddable":true,"href":"https:\/\/cetm-madrid.es\/web\/wp-json\/wp\/v2\/media\/5187"}],"wp:attachment":[{"href":"https:\/\/cetm-madrid.es\/web\/wp-json\/wp\/v2\/media?parent=8024"}],"wp:term":[{"taxonomy":"category","embeddable":true,"href":"https:\/\/cetm-madrid.es\/web\/wp-json\/wp\/v2\/categories?post=8024"},{"taxonomy":"post_tag","embeddable":true,"href":"https:\/\/cetm-madrid.es\/web\/wp-json\/wp\/v2\/tags?post=8024"}],"curies":[{"name":"wp","href":"https:\/\/api.w.org\/{rel}","templated":true}]}}