{"id":7883,"date":"2021-03-16T19:12:24","date_gmt":"2021-03-16T19:12:24","guid":{"rendered":"https:\/\/cetm-madrid.es\/web\/?p=7883"},"modified":"2021-03-16T19:12:28","modified_gmt":"2021-03-16T19:12:28","slug":"alerta-por-bajas-temperaturas-y-posibles-nevadas-a-partir-del-miercoles","status":"publish","type":"post","link":"https:\/\/cetm-madrid.es\/web\/alerta-por-bajas-temperaturas-y-posibles-nevadas-a-partir-del-miercoles\/","title":{"rendered":"Alerta por bajas temperaturas y posibles nevadas a partir del mi\u00e9rcoles"},"content":{"rendered":"<p>[et_pb_section fb_built=&#8221;1&#8243; admin_label=&#8221;section&#8221; _builder_version=&#8221;3.22&#8243;][et_pb_row column_structure=&#8221;2_3,1_3&#8243; admin_label=&#8221;row&#8221; _builder_version=&#8221;3.25&#8243; background_size=&#8221;initial&#8221; background_position=&#8221;top_left&#8221; background_repeat=&#8221;repeat&#8221;][et_pb_column type=&#8221;2_3&#8243; _builder_version=&#8221;3.25&#8243; custom_padding=&#8221;|||&#8221; custom_padding__hover=&#8221;|||&#8221;][et_pb_image _builder_version=&#8221;4.7.7&#8243; _module_preset=&#8221;default&#8221; title_text=&#8221;CAPTURA CON DESCR&#8221; src=&#8221;https:\/\/cetm-madrid.es\/web\/wp-content\/uploads\/2021\/03\/CAPTURA-CON-DESCR.jpg&#8221; hover_enabled=&#8221;0&#8243; sticky_enabled=&#8221;0&#8243;][\/et_pb_image][et_pb_text admin_label=&#8221;Texto&#8221; _builder_version=&#8221;4.7.7&#8243; background_size=&#8221;initial&#8221; background_position=&#8221;top_left&#8221; background_repeat=&#8221;repeat&#8221; text_orientation=&#8221;justified&#8221; hover_enabled=&#8221;0&#8243; use_border_color=&#8221;off&#8221; border_color=&#8221;#ffffff&#8221; border_style=&#8221;solid&#8221; sticky_enabled=&#8221;0&#8243;]<\/p>\n<p>La Agencia Estatal de Meteorolog\u00eda (AEMET) ha alertado sobre la situaci\u00f3n invernal que tendr\u00e1 lugar en la Pen\u00ednsula y Baleares a partir del mi\u00e9rcoles 17 de marzo. Se producir\u00e1 una invasi\u00f3n progresiva de aire fr\u00edo en altura acompa\u00f1ada de la entrada de vientos del norte y del noroeste en superficie que <strong>dar\u00e1 lugar al regreso de las condiciones invernales<\/strong>, a pesar de que el pr\u00f3ximo s\u00e1bado 20 de marzo se inicia la primavera.<\/p>\n<p>En consecuencia, se producir\u00e1 una <strong>bajada considerable de las temperaturas<\/strong>, especialmente las nocturnas, con una sensaci\u00f3n t\u00e9rmica de tiempo fr\u00edo y desapacible en la mitad norte peninsular y en Baleares, aunque seg\u00fan la AEMET tambi\u00e9n se espera el temporal en el Estrecho, Albor\u00e1n y sur de Andaluc\u00eda.<\/p>\n<p><strong>Lo peor, a partir del jueves<\/strong><\/p>\n<p>A partir del jueves 18 las precipitaciones se ir\u00e1n extendiendo a numerosos puntos de la Pen\u00ednsula y Baleares. Es probable que sean fuertes y persistentes en el caso de las vertientes mediterr\u00e1nea y cant\u00e1brica. Asimismo, <strong>se esperan nevadas, que no solo tendr\u00e1n lugar en zonas de monta\u00f1a,<\/strong> sino en cotas en cotas inusualmente bajas del interior peninsular.<\/p>\n<p>En la mitad norte peninsular, habr\u00e1 <strong>heladas que ser\u00e1n intensas en p\u00e1ramos y zonas altas.<\/strong><\/p>\n<p>La AEMET se\u00f1ala que esta situaci\u00f3n <strong>no remitir\u00e1 hasta el pr\u00f3ximo lunes 22 de marzo<\/strong>, por lo que se mantendr\u00e1 durante todo el puente de San Jos\u00e9. Por otra parte, alerta que, debido a la incertidumbre, por el momento <strong>es dif\u00edcil concretar el grado de adversidad.<\/strong><\/p>\n<p>Ante esta situaci\u00f3n, desde la CETM pedimos a las empresas de transporte que <strong>est\u00e9n pendientes de la previsi\u00f3n meteorol\u00f3gica<\/strong> de la AEMET, puesto que se ir\u00e1 actualizando en los pr\u00f3ximos d\u00edas. Habr\u00e1 que tener en cuenta esta informaci\u00f3n para planificar rutas y evitar incidencias en la medida de lo posible.<\/p>\n<p>Pueden consultar m\u00e1s informaci\u00f3n en:<\/p>\n<p>\u2022 Avisos de AEMET: <a href=\"http:\/\/www.aemet.es\/es\/eltiempo\/prediccion\/avisos\" target=\"_blank\" rel=\"noopener noreferrer\">http:\/\/www.aemet.es\/es\/eltiempo\/prediccion\/avisos<\/a><\/p>\n<p>\u2022 Mapa del tr\u00e1fico en tiempo real: <a href=\"http:\/\/infocar.dgt.es\/etraffic\/\" target=\"_blank\" rel=\"noopener noreferrer\">http:\/\/infocar.dgt.es\/etraffic\/<\/a><\/p>\n<p>\u2022 Carreteras afectadas por hielo y nieve:<br \/><a href=\"https:\/\/www.dgt.es\/boletin\/CarreterasAfectadasVI.pdf\" target=\"_blank\" rel=\"noopener noreferrer\">https:\/\/www.dgt.es\/boletin\/CarreterasAfectadasVI.pdf<\/a> (Esta informaci\u00f3n se actualiza cada hora).<\/p>\n<p>[\/et_pb_text][\/et_pb_column][et_pb_column type=&#8221;1_3&#8243; _builder_version=&#8221;3.25&#8243; custom_padding=&#8221;|||&#8221; custom_padding__hover=&#8221;|||&#8221;][et_pb_image src=&#8221;https:\/\/cetm-madrid.es\/web\/wp-content\/uploads\/2021\/03\/SOLO.jpg&#8221; align_tablet=&#8221;center&#8221; align_phone=&#8221;&#8221; align_last_edited=&#8221;on|desktop&#8221; admin_label=&#8221;Imagen&#8221; _builder_version=&#8221;4.7.7&#8243; animation_style=&#8221;slide&#8221; animation_direction=&#8221;left&#8221; animation_duration=&#8221;500ms&#8221; animation_intensity_slide=&#8221;10%&#8221; hover_enabled=&#8221;0&#8243; use_border_color=&#8221;off&#8221; border_color=&#8221;#ffffff&#8221; border_style=&#8221;solid&#8221; animation=&#8221;left&#8221; sticky=&#8221;off&#8221; always_center_on_mobile=&#8221;on&#8221; title_text=&#8221;SOLO&#8221; sticky_enabled=&#8221;0&#8243;][\/et_pb_image][\/et_pb_column][\/et_pb_row][\/et_pb_section]<\/p>\n","protected":false},"excerpt":{"rendered":"<p>La Agencia Estatal de Meteorolog\u00eda (AEMET) ha alertado sobre la situaci\u00f3n invernal que tendr\u00e1 lugar en la Pen\u00ednsula y Baleares a partir del mi\u00e9rcoles 17 de marzo. Se producir\u00e1 una invasi\u00f3n progresiva de aire fr\u00edo en altura acompa\u00f1ada de la entrada de vientos del norte y del noroeste en superficie que dar\u00e1 lugar al regreso [&hellip;]<\/p>\n","protected":false},"author":1,"featured_media":7888,"comment_status":"closed","ping_status":"open","sticky":false,"template":"","format":"standard","meta":{"_et_pb_use_builder":"on","_et_pb_old_content":"","_et_gb_content_width":"","footnotes":""},"categories":[5,4],"tags":[],"class_list":["post-7883","post","type-post","status-publish","format-standard","has-post-thumbnail","hentry","category-general","category-organizacion"],"_links":{"self":[{"href":"https:\/\/cetm-madrid.es\/web\/wp-json\/wp\/v2\/posts\/7883","targetHints":{"allow":["GET"]}}],"collection":[{"href":"https:\/\/cetm-madrid.es\/web\/wp-json\/wp\/v2\/posts"}],"about":[{"href":"https:\/\/cetm-madrid.es\/web\/wp-json\/wp\/v2\/types\/post"}],"author":[{"embeddable":true,"href":"https:\/\/cetm-madrid.es\/web\/wp-json\/wp\/v2\/users\/1"}],"replies":[{"embeddable":true,"href":"https:\/\/cetm-madrid.es\/web\/wp-json\/wp\/v2\/comments?post=7883"}],"version-history":[{"count":2,"href":"https:\/\/cetm-madrid.es\/web\/wp-json\/wp\/v2\/posts\/7883\/revisions"}],"predecessor-version":[{"id":7889,"href":"https:\/\/cetm-madrid.es\/web\/wp-json\/wp\/v2\/posts\/7883\/revisions\/7889"}],"wp:featuredmedia":[{"embeddable":true,"href":"https:\/\/cetm-madrid.es\/web\/wp-json\/wp\/v2\/media\/7888"}],"wp:attachment":[{"href":"https:\/\/cetm-madrid.es\/web\/wp-json\/wp\/v2\/media?parent=7883"}],"wp:term":[{"taxonomy":"category","embeddable":true,"href":"https:\/\/cetm-madrid.es\/web\/wp-json\/wp\/v2\/categories?post=7883"},{"taxonomy":"post_tag","embeddable":true,"href":"https:\/\/cetm-madrid.es\/web\/wp-json\/wp\/v2\/tags?post=7883"}],"curies":[{"name":"wp","href":"https:\/\/api.w.org\/{rel}","templated":true}]}}