{"id":7805,"date":"2021-03-11T17:34:06","date_gmt":"2021-03-11T17:34:06","guid":{"rendered":"https:\/\/cetm-madrid.es\/web\/?p=7805"},"modified":"2021-03-11T17:34:10","modified_gmt":"2021-03-11T17:34:10","slug":"afecciones-al-trafico-en-la-a-2-entre-zaragoza-y-alfajarin","status":"publish","type":"post","link":"https:\/\/cetm-madrid.es\/web\/afecciones-al-trafico-en-la-a-2-entre-zaragoza-y-alfajarin\/","title":{"rendered":"Afecciones al tr\u00e1fico en la A-2 entre Zaragoza y Alfajar\u00edn"},"content":{"rendered":"<p>[et_pb_section fb_built=&#8221;1&#8243; admin_label=&#8221;section&#8221; _builder_version=&#8221;3.22&#8243;][et_pb_row admin_label=&#8221;row&#8221; _builder_version=&#8221;3.25&#8243; background_size=&#8221;initial&#8221; background_position=&#8221;top_left&#8221; background_repeat=&#8221;repeat&#8221; column_structure=&#8221;2_3,1_3&#8243;][et_pb_column type=&#8221;2_3&#8243; _builder_version=&#8221;3.25&#8243; custom_padding=&#8221;|||&#8221; custom_padding__hover=&#8221;|||&#8221;][et_pb_text admin_label=&#8221;Texto&#8221; _builder_version=&#8221;4.7.7&#8243; background_size=&#8221;initial&#8221; background_position=&#8221;top_left&#8221; background_repeat=&#8221;repeat&#8221; text_orientation=&#8221;justified&#8221; hover_enabled=&#8221;0&#8243; use_border_color=&#8221;off&#8221; border_color=&#8221;#ffffff&#8221; border_style=&#8221;solid&#8221; sticky_enabled=&#8221;0&#8243;]<\/p>\n<p>El Ministerio de Transportes, Movilidad y Agenda Urbana ha informado este jueves de las afecciones al tr\u00e1fico que tendr\u00e1n lugar en la <strong>A-2 entre los puntos kilom\u00e9tricos 325 y 340<\/strong> (tramo Zaragoza y Alfajar\u00edn) debido a los trabajos de rehabilitaci\u00f3n del firme que se realizar\u00e1n durante el mes de marzo y principios de abril.<\/p>\n<p>Para poder llevar a cabo las obras con m\u00e1xima seguridad, el MITMA se\u00f1ala que se establecer\u00e1n desv\u00edos de tr\u00e1fico, fundamentalmente <strong>desv\u00edos de la circulaci\u00f3n por la calzada contraria,<\/strong> de acuerdo con la siguiente programaci\u00f3n de las obras:<\/p>\n<p>\u2022 Durante esta semana se est\u00e1 realizando la rehabilitaci\u00f3n del firme del p.k. 331 al p.k. 340, tramo pol\u00edgono industrial Malpica \u2013 Alfajar\u00edn, de la calzada sentido Barcelona.<\/p>\n<p>\u2022 Del 15 al 19 de marzo est\u00e1 prevista a rehabilitaci\u00f3n del firme del mismo tramo, pero en la calzada sentido Zaragoza.<\/p>\n<p>\u2022 Del 22 al 26 de marzo est\u00e1 prevista la rehabilitaci\u00f3n del firme del p.k. 331 al p.k. 325, tramo pol\u00edgono industrial Malpica \u2013 Z-30\/Mercazaragoza, calzada sentido Zaragoza.<\/p>\n<p>\u2022 Del 6 al 9 de abril est\u00e1 prevista la rehabilitaci\u00f3n del firme del mismo tramo, pero en la calzada sentido Barcelona.<\/p>\n<p>[\/et_pb_text][\/et_pb_column][et_pb_column type=&#8221;1_3&#8243; _builder_version=&#8221;3.25&#8243; custom_padding=&#8221;|||&#8221; custom_padding__hover=&#8221;|||&#8221;][et_pb_image src=&#8221;https:\/\/cetm-madrid.es\/web\/wp-content\/uploads\/2021\/03\/Dise\u00f1o-sin-t\u00edtulo-31.png&#8221; align_tablet=&#8221;center&#8221; align_last_edited=&#8221;on|desktop&#8221; admin_label=&#8221;Imagen&#8221; _builder_version=&#8221;4.7.7&#8243; animation_style=&#8221;slide&#8221; animation_direction=&#8221;left&#8221; animation_duration=&#8221;500ms&#8221; animation_intensity_slide=&#8221;10%&#8221; hover_enabled=&#8221;0&#8243; use_border_color=&#8221;off&#8221; border_color=&#8221;#ffffff&#8221; border_style=&#8221;solid&#8221; animation=&#8221;left&#8221; sticky=&#8221;off&#8221; always_center_on_mobile=&#8221;on&#8221; title_text=&#8221;Dise\u00f1o sin t\u00edtulo (31)&#8221; sticky_enabled=&#8221;0&#8243;][\/et_pb_image][\/et_pb_column][\/et_pb_row][\/et_pb_section]<\/p>\n","protected":false},"excerpt":{"rendered":"<p>El Ministerio de Transportes, Movilidad y Agenda Urbana ha informado este jueves de las afecciones al tr\u00e1fico que tendr\u00e1n lugar en la A-2 entre los puntos kilom\u00e9tricos 325 y 340 (tramo Zaragoza y Alfajar\u00edn) debido a los trabajos de rehabilitaci\u00f3n del firme que se realizar\u00e1n durante el mes de marzo y principios de abril. Para [&hellip;]<\/p>\n","protected":false},"author":1,"featured_media":7808,"comment_status":"closed","ping_status":"open","sticky":false,"template":"","format":"standard","meta":{"_et_pb_use_builder":"on","_et_pb_old_content":"","_et_gb_content_width":"","footnotes":""},"categories":[5,4],"tags":[],"class_list":["post-7805","post","type-post","status-publish","format-standard","has-post-thumbnail","hentry","category-general","category-organizacion"],"_links":{"self":[{"href":"https:\/\/cetm-madrid.es\/web\/wp-json\/wp\/v2\/posts\/7805","targetHints":{"allow":["GET"]}}],"collection":[{"href":"https:\/\/cetm-madrid.es\/web\/wp-json\/wp\/v2\/posts"}],"about":[{"href":"https:\/\/cetm-madrid.es\/web\/wp-json\/wp\/v2\/types\/post"}],"author":[{"embeddable":true,"href":"https:\/\/cetm-madrid.es\/web\/wp-json\/wp\/v2\/users\/1"}],"replies":[{"embeddable":true,"href":"https:\/\/cetm-madrid.es\/web\/wp-json\/wp\/v2\/comments?post=7805"}],"version-history":[{"count":2,"href":"https:\/\/cetm-madrid.es\/web\/wp-json\/wp\/v2\/posts\/7805\/revisions"}],"predecessor-version":[{"id":7809,"href":"https:\/\/cetm-madrid.es\/web\/wp-json\/wp\/v2\/posts\/7805\/revisions\/7809"}],"wp:featuredmedia":[{"embeddable":true,"href":"https:\/\/cetm-madrid.es\/web\/wp-json\/wp\/v2\/media\/7808"}],"wp:attachment":[{"href":"https:\/\/cetm-madrid.es\/web\/wp-json\/wp\/v2\/media?parent=7805"}],"wp:term":[{"taxonomy":"category","embeddable":true,"href":"https:\/\/cetm-madrid.es\/web\/wp-json\/wp\/v2\/categories?post=7805"},{"taxonomy":"post_tag","embeddable":true,"href":"https:\/\/cetm-madrid.es\/web\/wp-json\/wp\/v2\/tags?post=7805"}],"curies":[{"name":"wp","href":"https:\/\/api.w.org\/{rel}","templated":true}]}}