{"id":7793,"date":"2021-03-11T16:49:37","date_gmt":"2021-03-11T16:49:37","guid":{"rendered":"https:\/\/cetm-madrid.es\/web\/?p=7793"},"modified":"2021-03-11T16:50:27","modified_gmt":"2021-03-11T16:50:27","slug":"afecciones-al-trafico-en-la-a-6-en-medina-del-campo-durante-tres-meses","status":"publish","type":"post","link":"https:\/\/cetm-madrid.es\/web\/afecciones-al-trafico-en-la-a-6-en-medina-del-campo-durante-tres-meses\/","title":{"rendered":"Afecciones al tr\u00e1fico en la A-6 en medina del campo durante tres meses"},"content":{"rendered":"<p>[et_pb_section fb_built=&#8221;1&#8243; admin_label=&#8221;section&#8221; _builder_version=&#8221;3.22&#8243;][et_pb_row column_structure=&#8221;2_3,1_3&#8243; admin_label=&#8221;row&#8221; _builder_version=&#8221;3.25&#8243; background_size=&#8221;initial&#8221; background_position=&#8221;top_left&#8221; background_repeat=&#8221;repeat&#8221;][et_pb_column type=&#8221;2_3&#8243; _builder_version=&#8221;3.25&#8243; custom_padding=&#8221;|||&#8221; custom_padding__hover=&#8221;|||&#8221;][et_pb_text admin_label=&#8221;Texto&#8221; _builder_version=&#8221;4.7.7&#8243; background_size=&#8221;initial&#8221; background_position=&#8221;top_left&#8221; background_repeat=&#8221;repeat&#8221; text_orientation=&#8221;justified&#8221; use_border_color=&#8221;off&#8221; border_color=&#8221;#ffffff&#8221; border_style=&#8221;solid&#8221;]<\/p>\n<p>El Ministerio de Transportes, Movilidad y Agenda Urbana ha informado este jueves de las afecciones al tr\u00e1fico que tendr\u00e1n lugar en el enlace 160 de la A-6,<strong> en el t\u00e9rmino municipal de Medina del Campo<\/strong> (Valladolid).<\/p>\n<p>Los cortes de tr\u00e1fico se llevar\u00e1n a cabo <strong>debido a las obras de reparaci\u00f3n<\/strong> que tendr\u00e1n lugar en el paso superior en el punto kilom\u00e9trico 160,149 de la A-6.<\/p>\n<p>El tr\u00e1fico <strong>se desviar\u00e1 durante cada corte por los ramales del enlace 160<\/strong> de la autov\u00eda y se estima que estas afecciones <strong>permanezcan durante tres meses<\/strong>. Seg\u00fan ha se\u00f1alado el MITMA, el desv\u00edo del tr\u00e1fico se se\u00f1alizar\u00e1 adecuadamente.<\/p>\n<p>[\/et_pb_text][et_pb_image src=&#8221;https:\/\/cetm-madrid.es\/web\/wp-content\/uploads\/2021\/03\/Captura.jpg&#8221; title_text=&#8221;Captura&#8221; _builder_version=&#8221;4.7.7&#8243; _module_preset=&#8221;default&#8221;][\/et_pb_image][\/et_pb_column][et_pb_column type=&#8221;1_3&#8243; _builder_version=&#8221;3.25&#8243; custom_padding=&#8221;|||&#8221; custom_padding__hover=&#8221;|||&#8221;][et_pb_image src=&#8221;https:\/\/cetm-madrid.es\/web\/wp-content\/uploads\/2021\/03\/Captura.jpg&#8221; title_text=&#8221;Captura&#8221; align_tablet=&#8221;center&#8221; align_phone=&#8221;&#8221; align_last_edited=&#8221;on|desktop&#8221; admin_label=&#8221;Imagen&#8221; _builder_version=&#8221;4.7.7&#8243; animation_style=&#8221;slide&#8221; animation_direction=&#8221;left&#8221; animation_duration=&#8221;500ms&#8221; animation_intensity_slide=&#8221;10%&#8221; use_border_color=&#8221;off&#8221; border_color=&#8221;#ffffff&#8221; border_style=&#8221;solid&#8221; animation=&#8221;left&#8221; sticky=&#8221;off&#8221; always_center_on_mobile=&#8221;on&#8221;][\/et_pb_image][\/et_pb_column][\/et_pb_row][\/et_pb_section]<\/p>\n","protected":false},"excerpt":{"rendered":"<p>El Ministerio de Transportes, Movilidad y Agenda Urbana ha informado este jueves de las afecciones al tr\u00e1fico que tendr\u00e1n lugar en el enlace 160 de la A-6, en el t\u00e9rmino municipal de Medina del Campo (Valladolid). Los cortes de tr\u00e1fico se llevar\u00e1n a cabo debido a las obras de reparaci\u00f3n que tendr\u00e1n lugar en el [&hellip;]<\/p>\n","protected":false},"author":1,"featured_media":7796,"comment_status":"closed","ping_status":"open","sticky":false,"template":"","format":"standard","meta":{"_et_pb_use_builder":"on","_et_pb_old_content":"","_et_gb_content_width":"","footnotes":""},"categories":[5,4],"tags":[],"class_list":["post-7793","post","type-post","status-publish","format-standard","has-post-thumbnail","hentry","category-general","category-organizacion"],"_links":{"self":[{"href":"https:\/\/cetm-madrid.es\/web\/wp-json\/wp\/v2\/posts\/7793","targetHints":{"allow":["GET"]}}],"collection":[{"href":"https:\/\/cetm-madrid.es\/web\/wp-json\/wp\/v2\/posts"}],"about":[{"href":"https:\/\/cetm-madrid.es\/web\/wp-json\/wp\/v2\/types\/post"}],"author":[{"embeddable":true,"href":"https:\/\/cetm-madrid.es\/web\/wp-json\/wp\/v2\/users\/1"}],"replies":[{"embeddable":true,"href":"https:\/\/cetm-madrid.es\/web\/wp-json\/wp\/v2\/comments?post=7793"}],"version-history":[{"count":3,"href":"https:\/\/cetm-madrid.es\/web\/wp-json\/wp\/v2\/posts\/7793\/revisions"}],"predecessor-version":[{"id":7798,"href":"https:\/\/cetm-madrid.es\/web\/wp-json\/wp\/v2\/posts\/7793\/revisions\/7798"}],"wp:featuredmedia":[{"embeddable":true,"href":"https:\/\/cetm-madrid.es\/web\/wp-json\/wp\/v2\/media\/7796"}],"wp:attachment":[{"href":"https:\/\/cetm-madrid.es\/web\/wp-json\/wp\/v2\/media?parent=7793"}],"wp:term":[{"taxonomy":"category","embeddable":true,"href":"https:\/\/cetm-madrid.es\/web\/wp-json\/wp\/v2\/categories?post=7793"},{"taxonomy":"post_tag","embeddable":true,"href":"https:\/\/cetm-madrid.es\/web\/wp-json\/wp\/v2\/tags?post=7793"}],"curies":[{"name":"wp","href":"https:\/\/api.w.org\/{rel}","templated":true}]}}