{"id":7768,"date":"2021-03-08T19:46:48","date_gmt":"2021-03-08T19:46:48","guid":{"rendered":"https:\/\/cetm-madrid.es\/web\/?p=7768"},"modified":"2021-03-09T19:56:00","modified_gmt":"2021-03-09T19:56:00","slug":"el-mitma-publica-en-el-boe-las-bases-de-los-premios-matilde-ucelay-que-premian-el-trabajo-por-la-igualdad-de-la-mujer","status":"publish","type":"post","link":"https:\/\/cetm-madrid.es\/web\/el-mitma-publica-en-el-boe-las-bases-de-los-premios-matilde-ucelay-que-premian-el-trabajo-por-la-igualdad-de-la-mujer\/","title":{"rendered":"El MITMA publica en el BOE las bases de los premios Matilde Ucelay, que premian el trabajo por la igualdad de la mujer"},"content":{"rendered":"<p>[et_pb_section fb_built=&#8221;1&#8243; admin_label=&#8221;section&#8221; _builder_version=&#8221;3.22&#8243;][et_pb_row admin_label=&#8221;row&#8221; _builder_version=&#8221;3.25&#8243; background_size=&#8221;initial&#8221; background_position=&#8221;top_left&#8221; background_repeat=&#8221;repeat&#8221; column_structure=&#8221;2_3,1_3&#8243;][et_pb_column type=&#8221;2_3&#8243; _builder_version=&#8221;3.25&#8243; custom_padding=&#8221;|||&#8221; custom_padding__hover=&#8221;|||&#8221;][et_pb_text admin_label=&#8221;Texto&#8221; _builder_version=&#8221;4.7.7&#8243; background_size=&#8221;initial&#8221; background_position=&#8221;top_left&#8221; background_repeat=&#8221;repeat&#8221; text_orientation=&#8221;justified&#8221; hover_enabled=&#8221;0&#8243; use_border_color=&#8221;off&#8221; border_color=&#8221;#ffffff&#8221; border_style=&#8221;solid&#8221; sticky_enabled=&#8221;0&#8243;]<\/p>\n<p>El Ministerio de Transportes, Movilidad y Agenda Urbana (MITMA) ha publicado este lunes en el BOE las bases reguladoras de los premios Matilde Ucelay, cuyo objetivo es reconocer la labor de las personas o entidades que <strong>han participado en el avance hacia una sociedad m\u00e1s inclusiva<\/strong> en el sector del transporte, la movilidad y el urbanismo.<\/p>\n<p>Estos galardones llevan el nombre de la primera mujer arquitecta de Espa\u00f1a, Matilde Ucelay, que obtuvo el t\u00edtulo en 1936 y desarroll\u00f3 su carrera durante m\u00e1s de 40 a\u00f1os. Habr\u00e1 tres categor\u00edas diferentes:\u00a0<\/p>\n<p><strong>\u2022 A la trayectoria personal:<\/strong> mediante el que se otorgar\u00e1 el reconocimiento a aquellas personas f\u00edsicas que, en el \u00e1mbito de los transportes, la movilidad o la agenda urbana, haya realizado una labor destacada en favor de las pol\u00edticas de igualdad entre hombres y mujeres.<\/p>\n<p><strong>\u2022 Al proyecto:<\/strong> mediante el que se otorgar\u00e1 el reconocimiento a aquel proyecto, pr\u00e1ctica, programa o iniciativa relativa a la perspectiva de g\u00e9nero que se haya desarrollado en el \u00e1mbito de los transportes, la movilidad o la agenda urbana.<\/p>\n<p><strong>\u2022 A la entidad:<\/strong> mediante el que se otorgar\u00e1 el reconocimiento a aquellas personas jur\u00eddicas, entidades, organismos, fundaciones, organizaciones o asociaciones que hayan realizado una destacada labor en el \u00e1mbito de la perspectiva de g\u00e9nero en los sectores de los transportes, la movilidad o la agenda urbana.<\/p>\n<p>Para la concesi\u00f3n de los premios, <strong>el jurado tendr\u00e1 en cuenta lo siguiente:<\/strong><\/p>\n<p>\u2022 En la categor\u00eda \u00abtrayectoria personal\u00bb, se valorar\u00e1 las actuaciones y trayectoria de la persona candidata en la consecuci\u00f3n de la igualdad entre hombres y mujeres, as\u00ed como el impacto de la labor realizada en la visibilizaci\u00f3n de los problemas asociados a la desigualdad de la mujer.\u00a0<\/p>\n<p>\u2022 En la categor\u00eda \u00abproyecto\u00bb se valorar\u00e1 la repercusi\u00f3n del proyecto, pr\u00e1ctica, programa o iniciativa en el avance hacia una sociedad m\u00e1s equitativa as\u00ed como su posible escalabilidad a otros \u00e1mbitos.<\/p>\n<p>\u2022 En la categor\u00eda \u00abentidad\u00bb se valorar\u00e1 las actuaciones y trayectoria de la entidad en favor de la igualdad entre hombres y mujeres o as\u00ed como la efectividad y el alcance de los trabajos realizados en favor de la misma.<\/p>\n<p>Hay que destacar que los Premios Matilde Ucelay no tendr\u00e1n una dotaci\u00f3n econ\u00f3mica.<strong> Se entregar\u00e1 un diploma<\/strong> y se dar\u00e1 difusi\u00f3n a la entrega del premio y los m\u00e9ritos y logros de los galardonados.<\/p>\n<p>Las candidaturas<strong> podr\u00e1n ser presentadas por entidades, organizaciones, instituciones, asociaciones o colectivos,<\/strong> mediante propuestas razonadas dirigidas al \u00f3rgano instructor. Para ello habr\u00e1 que presentar una solicitud de participaci\u00f3n que incluir\u00e1 <strong>una memoria razonada y argumentada,<\/strong> con los m\u00e9ritos y circunstancias especiales que concurran en las personas, entidades o proyectos candidatos, y la vinculaci\u00f3n de las mismas con el sector de los transportes, la movilidad o la agenda urbana.<\/p>\n<p>El jurado estar\u00e1 compuesto por una<strong> amplia representaci\u00f3n de personas pertenecientes a distintas unidades del Ministerio<\/strong>, as\u00ed como a empresas y organismos del grupo MITMA.<\/p>\n<p>Adjuntamos la publicaci\u00f3n en el BOE para su consulta.<\/p>\n<p>[\/et_pb_text][\/et_pb_column][et_pb_column type=&#8221;1_3&#8243; _builder_version=&#8221;3.25&#8243; custom_padding=&#8221;|||&#8221; custom_padding__hover=&#8221;|||&#8221;][et_pb_image src=&#8221;https:\/\/cetm-madrid.es\/web\/wp-content\/uploads\/2020\/05\/Captura-7.jpg&#8221; align_tablet=&#8221;center&#8221; align_last_edited=&#8221;on|desktop&#8221; admin_label=&#8221;Imagen&#8221; _builder_version=&#8221;4.7.7&#8243; animation_style=&#8221;slide&#8221; animation_direction=&#8221;left&#8221; animation_duration=&#8221;500ms&#8221; animation_intensity_slide=&#8221;10%&#8221; hover_enabled=&#8221;0&#8243; use_border_color=&#8221;off&#8221; border_color=&#8221;#ffffff&#8221; border_style=&#8221;solid&#8221; animation=&#8221;left&#8221; sticky=&#8221;off&#8221; always_center_on_mobile=&#8221;on&#8221; title_text=&#8221;Captura&#8221; sticky_enabled=&#8221;0&#8243;][\/et_pb_image][et_pb_button _builder_version=&#8221;4.7.7&#8243; _module_preset=&#8221;default&#8221; button_text=&#8221;BOE&#8221; hover_enabled=&#8221;0&#8243; sticky_enabled=&#8221;0&#8243; button_url=&#8221;https:\/\/cetm-madrid.es\/web\/wp-content\/uploads\/2021\/03\/BOE-A-2021-3585.pdf&#8221; url_new_window=&#8221;on&#8221;][\/et_pb_button][\/et_pb_column][\/et_pb_row][\/et_pb_section]<\/p>\n","protected":false},"excerpt":{"rendered":"<p>El Ministerio de Transportes, Movilidad y Agenda Urbana (MITMA) ha publicado este lunes en el BOE las bases reguladoras de los premios Matilde Ucelay, cuyo objetivo es reconocer la labor de las personas o entidades que han participado en el avance hacia una sociedad m\u00e1s inclusiva en el sector del transporte, la movilidad y el [&hellip;]<\/p>\n","protected":false},"author":1,"featured_media":5120,"comment_status":"closed","ping_status":"open","sticky":false,"template":"","format":"standard","meta":{"_et_pb_use_builder":"on","_et_pb_old_content":"","_et_gb_content_width":"","footnotes":""},"categories":[5,4],"tags":[],"class_list":["post-7768","post","type-post","status-publish","format-standard","has-post-thumbnail","hentry","category-general","category-organizacion"],"_links":{"self":[{"href":"https:\/\/cetm-madrid.es\/web\/wp-json\/wp\/v2\/posts\/7768","targetHints":{"allow":["GET"]}}],"collection":[{"href":"https:\/\/cetm-madrid.es\/web\/wp-json\/wp\/v2\/posts"}],"about":[{"href":"https:\/\/cetm-madrid.es\/web\/wp-json\/wp\/v2\/types\/post"}],"author":[{"embeddable":true,"href":"https:\/\/cetm-madrid.es\/web\/wp-json\/wp\/v2\/users\/1"}],"replies":[{"embeddable":true,"href":"https:\/\/cetm-madrid.es\/web\/wp-json\/wp\/v2\/comments?post=7768"}],"version-history":[{"count":2,"href":"https:\/\/cetm-madrid.es\/web\/wp-json\/wp\/v2\/posts\/7768\/revisions"}],"predecessor-version":[{"id":7772,"href":"https:\/\/cetm-madrid.es\/web\/wp-json\/wp\/v2\/posts\/7768\/revisions\/7772"}],"wp:featuredmedia":[{"embeddable":true,"href":"https:\/\/cetm-madrid.es\/web\/wp-json\/wp\/v2\/media\/5120"}],"wp:attachment":[{"href":"https:\/\/cetm-madrid.es\/web\/wp-json\/wp\/v2\/media?parent=7768"}],"wp:term":[{"taxonomy":"category","embeddable":true,"href":"https:\/\/cetm-madrid.es\/web\/wp-json\/wp\/v2\/categories?post=7768"},{"taxonomy":"post_tag","embeddable":true,"href":"https:\/\/cetm-madrid.es\/web\/wp-json\/wp\/v2\/tags?post=7768"}],"curies":[{"name":"wp","href":"https:\/\/api.w.org\/{rel}","templated":true}]}}