{"id":7738,"date":"2021-03-04T07:49:13","date_gmt":"2021-03-04T07:49:13","guid":{"rendered":"https:\/\/cetm-madrid.es\/web\/?p=7738"},"modified":"2021-03-05T07:54:54","modified_gmt":"2021-03-05T07:54:54","slug":"celebracion-de-la-jornada-anual-del-observatorio-de-transporte-y-logistica-de-espana","status":"publish","type":"post","link":"https:\/\/cetm-madrid.es\/web\/celebracion-de-la-jornada-anual-del-observatorio-de-transporte-y-logistica-de-espana\/","title":{"rendered":"Celebraci\u00f3n de la jornada anual del observatorio de transporte y log\u00edstica de Espa\u00f1a"},"content":{"rendered":"<p>[et_pb_section fb_built=&#8221;1&#8243; admin_label=&#8221;section&#8221; _builder_version=&#8221;3.22&#8243;][et_pb_row column_structure=&#8221;2_3,1_3&#8243; admin_label=&#8221;row&#8221; _builder_version=&#8221;3.25&#8243; background_size=&#8221;initial&#8221; background_position=&#8221;top_left&#8221; background_repeat=&#8221;repeat&#8221;][et_pb_column type=&#8221;2_3&#8243; _builder_version=&#8221;3.25&#8243; custom_padding=&#8221;|||&#8221; custom_padding__hover=&#8221;|||&#8221;][et_pb_text admin_label=&#8221;Texto&#8221; _builder_version=&#8221;4.7.7&#8243; background_size=&#8221;initial&#8221; background_position=&#8221;top_left&#8221; background_repeat=&#8221;repeat&#8221; text_orientation=&#8221;justified&#8221; use_border_color=&#8221;off&#8221; border_color=&#8221;#ffffff&#8221; border_style=&#8221;solid&#8221;]<\/p>\n<p>Este jueves se ha celebrado la Jornada Anual del Observatorio de Transporte y Log\u00edstica de Espa\u00f1a (OTLE) en el que se ha presentado <strong>el informe anual sobre la evoluci\u00f3n de la movilidad.<\/strong><\/p>\n<p>Adem\u00e1s, durante el encuentro se ha analizado <strong>el papel del transporte durante la pandemia<\/strong> y se han presentado estrategias para recuperar la demanda del sistema de transporte p\u00fablico.<\/p>\n<p>Para aquellos que no hayan podido seguir la jornada o deseen consultar esta informaci\u00f3n de nuevo, <strong>el material est\u00e1 disponible en la web del OTLE:<\/strong> <a href=\"https:\/\/observatoriotransporte.mitma.es\/elementos-del-otle#dato-3\" target=\"_blank\" rel=\"noopener noreferrer\">https:\/\/observatoriotransporte.mitma.es\/elementos-del-otle#dato-3<\/a><\/p>\n<p>La secretaria general de Transportes y Movilidad, <strong>Mar\u00eda Jos\u00e9 Rallo, ha sido la encargada de inaugurar esta edici\u00f3n.<\/strong> Rallo ha agradecido la labor realizada por las empresas del sector y sus profesionales durante la pandemia y ha hecho hincapi\u00e9 en necesidad de impulsar la digitalizaci\u00f3n en el transporte y la movilidad.<\/p>\n<p>[\/et_pb_text][\/et_pb_column][et_pb_column type=&#8221;1_3&#8243; _builder_version=&#8221;3.25&#8243; custom_padding=&#8221;|||&#8221; custom_padding__hover=&#8221;|||&#8221;][et_pb_image src=&#8221;https:\/\/cetm-madrid.es\/web\/wp-content\/uploads\/2021\/02\/Captura-1.jpg&#8221; title_text=&#8221;Captura 1&#8243; align_tablet=&#8221;center&#8221; align_phone=&#8221;&#8221; align_last_edited=&#8221;on|desktop&#8221; admin_label=&#8221;Imagen&#8221; _builder_version=&#8221;4.7.7&#8243; animation_style=&#8221;slide&#8221; animation_direction=&#8221;left&#8221; animation_duration=&#8221;500ms&#8221; animation_intensity_slide=&#8221;10%&#8221; use_border_color=&#8221;off&#8221; border_color=&#8221;#ffffff&#8221; border_style=&#8221;solid&#8221; animation=&#8221;left&#8221; sticky=&#8221;off&#8221; always_center_on_mobile=&#8221;on&#8221;][\/et_pb_image][\/et_pb_column][\/et_pb_row][\/et_pb_section]<\/p>\n","protected":false},"excerpt":{"rendered":"<p>Este jueves se ha celebrado la Jornada Anual del Observatorio de Transporte y Log\u00edstica de Espa\u00f1a (OTLE) en el que se ha presentado el informe anual sobre la evoluci\u00f3n de la movilidad. Adem\u00e1s, durante el encuentro se ha analizado el papel del transporte durante la pandemia y se han presentado estrategias para recuperar la demanda [&hellip;]<\/p>\n","protected":false},"author":1,"featured_media":7662,"comment_status":"closed","ping_status":"open","sticky":false,"template":"","format":"standard","meta":{"_et_pb_use_builder":"on","_et_pb_old_content":"","_et_gb_content_width":"","footnotes":""},"categories":[5,4],"tags":[],"class_list":["post-7738","post","type-post","status-publish","format-standard","has-post-thumbnail","hentry","category-general","category-organizacion"],"_links":{"self":[{"href":"https:\/\/cetm-madrid.es\/web\/wp-json\/wp\/v2\/posts\/7738","targetHints":{"allow":["GET"]}}],"collection":[{"href":"https:\/\/cetm-madrid.es\/web\/wp-json\/wp\/v2\/posts"}],"about":[{"href":"https:\/\/cetm-madrid.es\/web\/wp-json\/wp\/v2\/types\/post"}],"author":[{"embeddable":true,"href":"https:\/\/cetm-madrid.es\/web\/wp-json\/wp\/v2\/users\/1"}],"replies":[{"embeddable":true,"href":"https:\/\/cetm-madrid.es\/web\/wp-json\/wp\/v2\/comments?post=7738"}],"version-history":[{"count":3,"href":"https:\/\/cetm-madrid.es\/web\/wp-json\/wp\/v2\/posts\/7738\/revisions"}],"predecessor-version":[{"id":7742,"href":"https:\/\/cetm-madrid.es\/web\/wp-json\/wp\/v2\/posts\/7738\/revisions\/7742"}],"wp:featuredmedia":[{"embeddable":true,"href":"https:\/\/cetm-madrid.es\/web\/wp-json\/wp\/v2\/media\/7662"}],"wp:attachment":[{"href":"https:\/\/cetm-madrid.es\/web\/wp-json\/wp\/v2\/media?parent=7738"}],"wp:term":[{"taxonomy":"category","embeddable":true,"href":"https:\/\/cetm-madrid.es\/web\/wp-json\/wp\/v2\/categories?post=7738"},{"taxonomy":"post_tag","embeddable":true,"href":"https:\/\/cetm-madrid.es\/web\/wp-json\/wp\/v2\/tags?post=7738"}],"curies":[{"name":"wp","href":"https:\/\/api.w.org\/{rel}","templated":true}]}}