{"id":7732,"date":"2021-03-04T07:37:37","date_gmt":"2021-03-04T07:37:37","guid":{"rendered":"https:\/\/cetm-madrid.es\/web\/?p=7732"},"modified":"2021-03-05T07:46:38","modified_gmt":"2021-03-05T07:46:38","slug":"sin-transporte-no-hay-vacunas","status":"publish","type":"post","link":"https:\/\/cetm-madrid.es\/web\/sin-transporte-no-hay-vacunas\/","title":{"rendered":"Sin transporte no hay vacunas"},"content":{"rendered":"<p>[et_pb_section fb_built=&#8221;1&#8243; admin_label=&#8221;section&#8221; _builder_version=&#8221;3.22&#8243;][et_pb_row admin_label=&#8221;row&#8221; _builder_version=&#8221;3.25&#8243; background_size=&#8221;initial&#8221; background_position=&#8221;top_left&#8221; background_repeat=&#8221;repeat&#8221; column_structure=&#8221;2_3,1_3&#8243;][et_pb_column type=&#8221;2_3&#8243; _builder_version=&#8221;3.25&#8243; custom_padding=&#8221;|||&#8221; custom_padding__hover=&#8221;|||&#8221;][et_pb_text admin_label=&#8221;Texto&#8221; _builder_version=&#8221;4.7.7&#8243; background_size=&#8221;initial&#8221; background_position=&#8221;top_left&#8221; background_repeat=&#8221;repeat&#8221; text_orientation=&#8221;justified&#8221; hover_enabled=&#8221;0&#8243; use_border_color=&#8221;off&#8221; border_color=&#8221;#ffffff&#8221; border_style=&#8221;solid&#8221; sticky_enabled=&#8221;0&#8243;]<\/p>\n<p>Ha transcurrido casi un a\u00f1o desde el inicio del \u2018Estado de alarma\u2019, que mantuvo al pa\u00eds paralizado durante tres meses. Solo gracias a los <strong>sectores esenciales<\/strong>, como es el caso del <strong>transporte de mercanc\u00edas por carretera<\/strong>, y a su compromiso de servir a la sociedad, se garantiz\u00f3 el <strong>correcto funcionamiento de la cadena de suministro<\/strong> para atender las necesidades sanitarias (la \u00faltima de todas, la vacuna) y alimentarias de la poblaci\u00f3n.<\/p>\n<p>Durante el \u00faltimo a\u00f1o, los profesionales del transporte, especialmente los conductores, han padecido una <strong>situaci\u00f3n l\u00edmite de riesgo<\/strong> al contagio de la Covid-19, debido a su gran movilidad. La exposici\u00f3n al virus se incrementa a\u00fan m\u00e1s, por la <strong>exigencia<\/strong> de los cargadores a que nuestros conductores realicen labores que no les corresponden, como <strong>la carga y descarga de mercanc\u00edas<\/strong>. Estas situaciones <strong>multiplican el peligro de contagios<\/strong>, puesto que el conductor se ve obligado constantemente a bajarse de la cabina de su veh\u00edculo y acceder a diferentes almacenes e instalaciones.<\/p>\n<p>Si ser transportista supone una amenaza potencial para la salud, este hecho se agrava en el transporte<strong> internacional,<\/strong> con el riesgo a\u00f1adido de poder extender en nuestro pa\u00eds <strong>nuevas cepas<\/strong> que preocupan porque suponen mayor riesgo de transmisi\u00f3n.<\/p>\n<p>Adem\u00e1s, cada vez son m\u00e1s los pa\u00edses europeos que<strong> imponen nuevos requisitos<\/strong> a los profesionales del transporte y que implican <strong>retrasos y esperas<\/strong> que entorpecen la actividad de nuestras empresas.<\/p>\n<p>En consecuencia, <strong>si el transporte es considerado como esencial, tambi\u00e9n debe serlo para la vacunaci\u00f3n.<\/strong> Desde la Confederaci\u00f3n Espa\u00f1ola de Transporte de Mercanc\u00edas (CETM) jam\u00e1s se ha pretendido ocupar el primer puesto en el protocolo establecido por el Gobierno, pero es justo que nuestros conductores est\u00e9n integrados como un <strong>grupo prioritario en la primera etapa de la vacunaci\u00f3n.<\/strong> As\u00ed se lo hemos hecho saber a la Ministra de Sanidad hace m\u00e1s de un mes, <strong>de quien no hemos obtenido respuesta alguna.<\/strong><\/p>\n<p>El transporte y el suministro de bienes de primera necesidad forman un t\u00e1ndem que <strong>asegura el bienestar y contribuye a la salud de nuestros conciudadanos.<\/strong> Por ejemplo, <span style=\"text-decoration: underline;\"><strong>no podemos arriesgarnos a que los conductores se contagien y se rompa la cadena de suministro de la vacuna<\/strong>,<\/span> porque es nuestra \u00faltima esperanza <strong>para salvar vidas y empresas.<\/strong> Por eso necesitamos una respuesta clara y urgente del Gobierno para que nuestros conductores puedan continuar con su trabajo. Su riesgo tambi\u00e9n es el nuestro.<\/p>\n<p>[\/et_pb_text][\/et_pb_column][et_pb_column type=&#8221;1_3&#8243; _builder_version=&#8221;3.25&#8243; custom_padding=&#8221;|||&#8221; custom_padding__hover=&#8221;|||&#8221;][et_pb_image src=&#8221;https:\/\/cetm-madrid.es\/web\/wp-content\/uploads\/2021\/03\/Dise\u00f1o-sin-t\u00edtulo-27.png&#8221; align_tablet=&#8221;center&#8221; align_last_edited=&#8221;on|desktop&#8221; admin_label=&#8221;Imagen&#8221; _builder_version=&#8221;4.7.7&#8243; animation_style=&#8221;slide&#8221; animation_direction=&#8221;left&#8221; animation_duration=&#8221;500ms&#8221; animation_intensity_slide=&#8221;10%&#8221; hover_enabled=&#8221;0&#8243; use_border_color=&#8221;off&#8221; border_color=&#8221;#ffffff&#8221; border_style=&#8221;solid&#8221; animation=&#8221;left&#8221; sticky=&#8221;off&#8221; always_center_on_mobile=&#8221;on&#8221; title_text=&#8221;Dise\u00f1o sin t\u00edtulo (27)&#8221; sticky_enabled=&#8221;0&#8243;][\/et_pb_image][\/et_pb_column][\/et_pb_row][\/et_pb_section]<\/p>\n","protected":false},"excerpt":{"rendered":"<p>Ha transcurrido casi un a\u00f1o desde el inicio del \u2018Estado de alarma\u2019, que mantuvo al pa\u00eds paralizado durante tres meses. Solo gracias a los sectores esenciales, como es el caso del transporte de mercanc\u00edas por carretera, y a su compromiso de servir a la sociedad, se garantiz\u00f3 el correcto funcionamiento de la cadena de suministro [&hellip;]<\/p>\n","protected":false},"author":1,"featured_media":7735,"comment_status":"closed","ping_status":"open","sticky":false,"template":"","format":"standard","meta":{"_et_pb_use_builder":"on","_et_pb_old_content":"","_et_gb_content_width":"","footnotes":""},"categories":[5,4],"tags":[],"class_list":["post-7732","post","type-post","status-publish","format-standard","has-post-thumbnail","hentry","category-general","category-organizacion"],"_links":{"self":[{"href":"https:\/\/cetm-madrid.es\/web\/wp-json\/wp\/v2\/posts\/7732","targetHints":{"allow":["GET"]}}],"collection":[{"href":"https:\/\/cetm-madrid.es\/web\/wp-json\/wp\/v2\/posts"}],"about":[{"href":"https:\/\/cetm-madrid.es\/web\/wp-json\/wp\/v2\/types\/post"}],"author":[{"embeddable":true,"href":"https:\/\/cetm-madrid.es\/web\/wp-json\/wp\/v2\/users\/1"}],"replies":[{"embeddable":true,"href":"https:\/\/cetm-madrid.es\/web\/wp-json\/wp\/v2\/comments?post=7732"}],"version-history":[{"count":2,"href":"https:\/\/cetm-madrid.es\/web\/wp-json\/wp\/v2\/posts\/7732\/revisions"}],"predecessor-version":[{"id":7736,"href":"https:\/\/cetm-madrid.es\/web\/wp-json\/wp\/v2\/posts\/7732\/revisions\/7736"}],"wp:featuredmedia":[{"embeddable":true,"href":"https:\/\/cetm-madrid.es\/web\/wp-json\/wp\/v2\/media\/7735"}],"wp:attachment":[{"href":"https:\/\/cetm-madrid.es\/web\/wp-json\/wp\/v2\/media?parent=7732"}],"wp:term":[{"taxonomy":"category","embeddable":true,"href":"https:\/\/cetm-madrid.es\/web\/wp-json\/wp\/v2\/categories?post=7732"},{"taxonomy":"post_tag","embeddable":true,"href":"https:\/\/cetm-madrid.es\/web\/wp-json\/wp\/v2\/tags?post=7732"}],"curies":[{"name":"wp","href":"https:\/\/api.w.org\/{rel}","templated":true}]}}