{"id":7668,"date":"2021-02-26T18:55:01","date_gmt":"2021-02-26T18:55:01","guid":{"rendered":"https:\/\/cetm-madrid.es\/web\/?p=7668"},"modified":"2021-02-26T18:55:05","modified_gmt":"2021-02-26T18:55:05","slug":"afecciones-al-trafico-en-la-a-7-a-partir-del-2-de-marzo","status":"publish","type":"post","link":"https:\/\/cetm-madrid.es\/web\/afecciones-al-trafico-en-la-a-7-a-partir-del-2-de-marzo\/","title":{"rendered":"Afecciones al tr\u00e1fico en la a-7 a partir del 2 de marzo"},"content":{"rendered":"<p>[et_pb_section fb_built=&#8221;1&#8243; admin_label=&#8221;section&#8221; _builder_version=&#8221;3.22&#8243;][et_pb_row admin_label=&#8221;row&#8221; _builder_version=&#8221;3.25&#8243; background_size=&#8221;initial&#8221; background_position=&#8221;top_left&#8221; background_repeat=&#8221;repeat&#8221; column_structure=&#8221;2_3,1_3&#8243;][et_pb_column type=&#8221;2_3&#8243; _builder_version=&#8221;3.25&#8243; custom_padding=&#8221;|||&#8221; custom_padding__hover=&#8221;|||&#8221;][et_pb_text admin_label=&#8221;Texto&#8221; _builder_version=&#8221;4.7.7&#8243; background_size=&#8221;initial&#8221; background_position=&#8221;top_left&#8221; background_repeat=&#8221;repeat&#8221; text_orientation=&#8221;justified&#8221; hover_enabled=&#8221;0&#8243; use_border_color=&#8221;off&#8221; border_color=&#8221;#ffffff&#8221; border_style=&#8221;solid&#8221; sticky_enabled=&#8221;0&#8243;]<\/p>\n<p>El Ministerio de Transportes, Movilidad y Agenda Urbana ha informado de las afecciones al tr\u00e1fico que tendr\u00e1n lugar <strong>a partir del martes 2 de marzo<\/strong> en el enlace de Cancelada de la A-7 a su paso por Estepona (M\u00e1laga).<\/p>\n<p>El motivo es la <strong>reparaci\u00f3n de la estructura del paso superior<\/strong> del enlace en el p.k 165+600. Tal y como se\u00f1ala el MITMA, la estructura del paso superior dispone de un vano central de 20 metros de longitud con dos vigas artesas, estando da\u00f1ada la viga del lado Marbella.<\/p>\n<p>En consecuencia, se va a proceder a anular el acceso al paso superior desde la calzada sentido Barcelona y el acceso y cambio de sentido a la zona de <strong>Cancelada deber\u00e1 realizarse a trav\u00e9s del enlace de Benahav\u00eds<\/strong> en el p.k 169+000.<\/p>\n<p>[\/et_pb_text][et_pb_image _builder_version=&#8221;4.7.7&#8243; _module_preset=&#8221;default&#8221; title_text=&#8221;Captura 1&#8243; src=&#8221;https:\/\/cetm-madrid.es\/web\/wp-content\/uploads\/2021\/02\/Captura-1-1.jpg&#8221; hover_enabled=&#8221;0&#8243; sticky_enabled=&#8221;0&#8243;][\/et_pb_image][\/et_pb_column][et_pb_column type=&#8221;1_3&#8243; _builder_version=&#8221;3.25&#8243; custom_padding=&#8221;|||&#8221; custom_padding__hover=&#8221;|||&#8221;][et_pb_image src=&#8221;https:\/\/cetm-madrid.es\/web\/wp-content\/uploads\/2021\/02\/Captura-1-1.jpg&#8221; align_tablet=&#8221;center&#8221; align_last_edited=&#8221;on|desktop&#8221; admin_label=&#8221;Imagen&#8221; _builder_version=&#8221;4.7.7&#8243; animation_style=&#8221;slide&#8221; animation_direction=&#8221;left&#8221; animation_duration=&#8221;500ms&#8221; animation_intensity_slide=&#8221;10%&#8221; hover_enabled=&#8221;0&#8243; use_border_color=&#8221;off&#8221; border_color=&#8221;#ffffff&#8221; border_style=&#8221;solid&#8221; animation=&#8221;left&#8221; sticky=&#8221;off&#8221; always_center_on_mobile=&#8221;on&#8221; title_text=&#8221;Captura 1&#8243; sticky_enabled=&#8221;0&#8243;][\/et_pb_image][\/et_pb_column][\/et_pb_row][\/et_pb_section]<\/p>\n","protected":false},"excerpt":{"rendered":"<p>El Ministerio de Transportes, Movilidad y Agenda Urbana ha informado de las afecciones al tr\u00e1fico que tendr\u00e1n lugar a partir del martes 2 de marzo en el enlace de Cancelada de la A-7 a su paso por Estepona (M\u00e1laga). El motivo es la reparaci\u00f3n de la estructura del paso superior del enlace en el p.k [&hellip;]<\/p>\n","protected":false},"author":1,"featured_media":7671,"comment_status":"closed","ping_status":"open","sticky":false,"template":"","format":"standard","meta":{"_et_pb_use_builder":"on","_et_pb_old_content":"","_et_gb_content_width":"","footnotes":""},"categories":[5,4],"tags":[],"class_list":["post-7668","post","type-post","status-publish","format-standard","has-post-thumbnail","hentry","category-general","category-organizacion"],"_links":{"self":[{"href":"https:\/\/cetm-madrid.es\/web\/wp-json\/wp\/v2\/posts\/7668","targetHints":{"allow":["GET"]}}],"collection":[{"href":"https:\/\/cetm-madrid.es\/web\/wp-json\/wp\/v2\/posts"}],"about":[{"href":"https:\/\/cetm-madrid.es\/web\/wp-json\/wp\/v2\/types\/post"}],"author":[{"embeddable":true,"href":"https:\/\/cetm-madrid.es\/web\/wp-json\/wp\/v2\/users\/1"}],"replies":[{"embeddable":true,"href":"https:\/\/cetm-madrid.es\/web\/wp-json\/wp\/v2\/comments?post=7668"}],"version-history":[{"count":2,"href":"https:\/\/cetm-madrid.es\/web\/wp-json\/wp\/v2\/posts\/7668\/revisions"}],"predecessor-version":[{"id":7672,"href":"https:\/\/cetm-madrid.es\/web\/wp-json\/wp\/v2\/posts\/7668\/revisions\/7672"}],"wp:featuredmedia":[{"embeddable":true,"href":"https:\/\/cetm-madrid.es\/web\/wp-json\/wp\/v2\/media\/7671"}],"wp:attachment":[{"href":"https:\/\/cetm-madrid.es\/web\/wp-json\/wp\/v2\/media?parent=7668"}],"wp:term":[{"taxonomy":"category","embeddable":true,"href":"https:\/\/cetm-madrid.es\/web\/wp-json\/wp\/v2\/categories?post=7668"},{"taxonomy":"post_tag","embeddable":true,"href":"https:\/\/cetm-madrid.es\/web\/wp-json\/wp\/v2\/tags?post=7668"}],"curies":[{"name":"wp","href":"https:\/\/api.w.org\/{rel}","templated":true}]}}