{"id":7595,"date":"2021-02-19T19:30:02","date_gmt":"2021-02-19T19:30:02","guid":{"rendered":"https:\/\/cetm-madrid.es\/web\/?p=7595"},"modified":"2021-02-19T19:30:06","modified_gmt":"2021-02-19T19:30:06","slug":"jaime-moreno-nuevo-director-general-de-transporte-terrestre","status":"publish","type":"post","link":"https:\/\/cetm-madrid.es\/web\/jaime-moreno-nuevo-director-general-de-transporte-terrestre\/","title":{"rendered":"Jaime Moreno, nuevo director general de transporte terrestre"},"content":{"rendered":"<p>[et_pb_section fb_built=&#8221;1&#8243; admin_label=&#8221;section&#8221; _builder_version=&#8221;3.22&#8243;][et_pb_row admin_label=&#8221;row&#8221; _builder_version=&#8221;3.25&#8243; background_size=&#8221;initial&#8221; background_position=&#8221;top_left&#8221; background_repeat=&#8221;repeat&#8221; column_structure=&#8221;2_3,1_3&#8243;][et_pb_column type=&#8221;2_3&#8243; _builder_version=&#8221;3.25&#8243; custom_padding=&#8221;|||&#8221; custom_padding__hover=&#8221;|||&#8221;][et_pb_text admin_label=&#8221;Texto&#8221; _builder_version=&#8221;4.7.7&#8243; background_size=&#8221;initial&#8221; background_position=&#8221;top_left&#8221; background_repeat=&#8221;repeat&#8221; text_orientation=&#8221;justified&#8221; hover_enabled=&#8221;0&#8243; use_border_color=&#8221;off&#8221; border_color=&#8221;#ffffff&#8221; border_style=&#8221;solid&#8221; sticky_enabled=&#8221;0&#8243;]<\/p>\n<p>El Consejo de Ministros aprob\u00f3 en su reuni\u00f3n de este martes el nombramiento de <strong>Jaime Moreno Garc\u00eda-Cano<\/strong> como nuevo director general de Transporte Terrestre y la designaci\u00f3n <a href=\"https:\/\/www.boe.es\/boe\/dias\/2021\/02\/17\/pdfs\/BOE-A-2021-2404.pdf\" target=\"_blank\" rel=\"noopener noreferrer\">ya se ha publicado<\/a> este mi\u00e9rcoles en el Bolet\u00edn Oficial del Estado (BOE).<\/p>\n<p>Jaime Moreno releva as\u00ed a Mercedes G\u00f3mez, que ocupaba el cargo desde 2018 y ha decidido abandonarlo por motivos personales, aunque <strong>seguir\u00e1 formando parte del\u00a0equipo.<\/strong><\/p>\n<p>Nacido en Madrid en 1978, Moreno es<strong> Ingeniero de Caminos, Canales y Puertos<\/strong>, graduado en Derecho y pertenece a la Escala Superior de T\u00e9cnicos de Tr\u00e1fico.<\/p>\n<p>En su carrera profesional destaca <strong>el cargo de subdirector general de Movilidad<\/strong> en la Direcci\u00f3n General de Tr\u00e1fico (DGT), pero, adem\u00e1s, ha desempe\u00f1ado otros puestos de responsabilidad como jefe provincial de Tr\u00e1fico de Las Palmas, ha sido director del Centro Estatal de Tratamiento de Denuncias Automatizadas, consejero delegado del Instituto de Estudios de Automoci\u00f3n y director de operaciones de<br \/>ANFAC, entre otros.<\/p>\n<p>[\/et_pb_text][\/et_pb_column][et_pb_column type=&#8221;1_3&#8243; _builder_version=&#8221;3.25&#8243; custom_padding=&#8221;|||&#8221; custom_padding__hover=&#8221;|||&#8221;][et_pb_image src=&#8221;https:\/\/cetm-madrid.es\/web\/wp-content\/uploads\/2020\/05\/Captura-7.jpg&#8221; align_tablet=&#8221;center&#8221; align_last_edited=&#8221;on|desktop&#8221; admin_label=&#8221;Imagen&#8221; _builder_version=&#8221;4.7.7&#8243; animation_style=&#8221;slide&#8221; animation_direction=&#8221;left&#8221; animation_duration=&#8221;500ms&#8221; animation_intensity_slide=&#8221;10%&#8221; hover_enabled=&#8221;0&#8243; use_border_color=&#8221;off&#8221; border_color=&#8221;#ffffff&#8221; border_style=&#8221;solid&#8221; animation=&#8221;left&#8221; sticky=&#8221;off&#8221; always_center_on_mobile=&#8221;on&#8221; title_text=&#8221;Captura&#8221; sticky_enabled=&#8221;0&#8243;][\/et_pb_image][\/et_pb_column][\/et_pb_row][\/et_pb_section]<\/p>\n","protected":false},"excerpt":{"rendered":"<p>El Consejo de Ministros aprob\u00f3 en su reuni\u00f3n de este martes el nombramiento de Jaime Moreno Garc\u00eda-Cano como nuevo director general de Transporte Terrestre y la designaci\u00f3n ya se ha publicado este mi\u00e9rcoles en el Bolet\u00edn Oficial del Estado (BOE). Jaime Moreno releva as\u00ed a Mercedes G\u00f3mez, que ocupaba el cargo desde 2018 y ha [&hellip;]<\/p>\n","protected":false},"author":1,"featured_media":5120,"comment_status":"closed","ping_status":"open","sticky":false,"template":"","format":"standard","meta":{"_et_pb_use_builder":"on","_et_pb_old_content":"","_et_gb_content_width":"","footnotes":""},"categories":[5,4],"tags":[],"class_list":["post-7595","post","type-post","status-publish","format-standard","has-post-thumbnail","hentry","category-general","category-organizacion"],"_links":{"self":[{"href":"https:\/\/cetm-madrid.es\/web\/wp-json\/wp\/v2\/posts\/7595","targetHints":{"allow":["GET"]}}],"collection":[{"href":"https:\/\/cetm-madrid.es\/web\/wp-json\/wp\/v2\/posts"}],"about":[{"href":"https:\/\/cetm-madrid.es\/web\/wp-json\/wp\/v2\/types\/post"}],"author":[{"embeddable":true,"href":"https:\/\/cetm-madrid.es\/web\/wp-json\/wp\/v2\/users\/1"}],"replies":[{"embeddable":true,"href":"https:\/\/cetm-madrid.es\/web\/wp-json\/wp\/v2\/comments?post=7595"}],"version-history":[{"count":2,"href":"https:\/\/cetm-madrid.es\/web\/wp-json\/wp\/v2\/posts\/7595\/revisions"}],"predecessor-version":[{"id":7598,"href":"https:\/\/cetm-madrid.es\/web\/wp-json\/wp\/v2\/posts\/7595\/revisions\/7598"}],"wp:featuredmedia":[{"embeddable":true,"href":"https:\/\/cetm-madrid.es\/web\/wp-json\/wp\/v2\/media\/5120"}],"wp:attachment":[{"href":"https:\/\/cetm-madrid.es\/web\/wp-json\/wp\/v2\/media?parent=7595"}],"wp:term":[{"taxonomy":"category","embeddable":true,"href":"https:\/\/cetm-madrid.es\/web\/wp-json\/wp\/v2\/categories?post=7595"},{"taxonomy":"post_tag","embeddable":true,"href":"https:\/\/cetm-madrid.es\/web\/wp-json\/wp\/v2\/tags?post=7595"}],"curies":[{"name":"wp","href":"https:\/\/api.w.org\/{rel}","templated":true}]}}