{"id":7523,"date":"2021-02-12T18:14:29","date_gmt":"2021-02-12T18:14:29","guid":{"rendered":"https:\/\/cetm-madrid.es\/web\/?p=7523"},"modified":"2021-02-13T18:42:46","modified_gmt":"2021-02-13T18:42:46","slug":"afecciones-al-trafico-en-la-n-121-a-del-15-al-21-de-febrero","status":"publish","type":"post","link":"https:\/\/cetm-madrid.es\/web\/afecciones-al-trafico-en-la-n-121-a-del-15-al-21-de-febrero\/","title":{"rendered":"Afecciones al tr\u00e1fico en la n-121-a del 15 al 21 de febrero"},"content":{"rendered":"<p>[et_pb_section fb_built=&#8221;1&#8243; admin_label=&#8221;section&#8221; _builder_version=&#8221;3.22&#8243;][et_pb_row admin_label=&#8221;row&#8221; _builder_version=&#8221;3.25&#8243; background_size=&#8221;initial&#8221; background_position=&#8221;top_left&#8221; background_repeat=&#8221;repeat&#8221; column_structure=&#8221;2_3,1_3&#8243;][et_pb_column type=&#8221;2_3&#8243; _builder_version=&#8221;3.25&#8243; custom_padding=&#8221;|||&#8221; custom_padding__hover=&#8221;|||&#8221;][et_pb_text admin_label=&#8221;Texto&#8221; _builder_version=&#8221;4.7.7&#8243; background_size=&#8221;initial&#8221; background_position=&#8221;top_left&#8221; background_repeat=&#8221;repeat&#8221; text_orientation=&#8221;justified&#8221; hover_enabled=&#8221;0&#8243; use_border_color=&#8221;off&#8221; border_color=&#8221;#ffffff&#8221; border_style=&#8221;solid&#8221; sticky_enabled=&#8221;0&#8243;]<\/p>\n<p>Nuestra asociaci\u00f3n en Navarra, ANET, nos informa de las afecciones al tr\u00e1fico que tendr\u00e1n lugar la pr\u00f3xima semana en la N-121-A, <strong>como consecuencia de la conversi\u00f3n de esta carretera en una v\u00eda 2+1.<\/strong><\/p>\n<p>Estas incidencias suceder\u00e1n a la altura de la <strong>glorieta de los t\u00faneles de Ezcaba<\/strong> (p.k 5+500) y la <strong>traves\u00eda de Olave<\/strong> (p.k 10+500), <span style=\"text-decoration: underline;\">a partir del lunes 15 de febrero hasta el domingo 21 de febrero.<\/span><\/p>\n<p>Habr\u00e1 <strong>un paso alternativo regulado por sem\u00e1foros<\/strong> debidamente se\u00f1alizados en horario diurno (de 08:00 a 20:00 horas) y por la noche se quedar\u00e1n <strong>dos carriles abiertos al tr\u00e1fico.<\/strong><\/p>\n<p>Pueden consultar esta informaci\u00f3n en el siguiente enlace:<br \/><a href=\"http:\/\/boletin.interesa.es\/resolver_adjunto_noticia.ashx?id=269287C7-832B-4F08-912D-08DEB1658690_3AC2B9C7-D7E9-4A5D-A0DA-D4DF430652A4_BBBFF57A-465D-4B71-82B6-DE0847C9A699_7381EB9E-97CB-4FFC-A60C-0CFEE96DE9E7_1B4451ED-CF0E-436A-B0EF-DDFF320C80A2\" target=\"_blank\" rel=\"noopener noreferrer\">http:\/\/boletin.interesa.es\/resolver_adjunto_noticia.ashx?id=269287C7-832B-4F08-912D-08DEB1658690_3AC2B9C7-D7E9-4A5D-A0DA-D4DF430652A4_BBBFF57A-465D-4B71-82B6-DE0847C9A699_7381EB9E-97CB-4FFC-A60C-0CFEE96DE9E7_1B4451ED-CF0E-436A-B0EF-DDFF320C80A2<\/a><\/p>\n<p>[\/et_pb_text][\/et_pb_column][et_pb_column type=&#8221;1_3&#8243; _builder_version=&#8221;3.25&#8243; custom_padding=&#8221;|||&#8221; custom_padding__hover=&#8221;|||&#8221;][et_pb_image src=&#8221;https:\/\/cetm-madrid.es\/web\/wp-content\/uploads\/2021\/02\/Dise\u00f1o-sin-t\u00edtulo-24.png&#8221; align_tablet=&#8221;center&#8221; align_last_edited=&#8221;on|desktop&#8221; admin_label=&#8221;Imagen&#8221; _builder_version=&#8221;4.7.7&#8243; animation_style=&#8221;slide&#8221; animation_direction=&#8221;left&#8221; animation_duration=&#8221;500ms&#8221; animation_intensity_slide=&#8221;10%&#8221; hover_enabled=&#8221;0&#8243; use_border_color=&#8221;off&#8221; border_color=&#8221;#ffffff&#8221; border_style=&#8221;solid&#8221; animation=&#8221;left&#8221; sticky=&#8221;off&#8221; always_center_on_mobile=&#8221;on&#8221; title_text=&#8221;Dise\u00f1o sin t\u00edtulo (24)&#8221; sticky_enabled=&#8221;0&#8243;][\/et_pb_image][\/et_pb_column][\/et_pb_row][\/et_pb_section]<\/p>\n","protected":false},"excerpt":{"rendered":"<p>Nuestra asociaci\u00f3n en Navarra, ANET, nos informa de las afecciones al tr\u00e1fico que tendr\u00e1n lugar la pr\u00f3xima semana en la N-121-A, como consecuencia de la conversi\u00f3n de esta carretera en una v\u00eda 2+1. Estas incidencias suceder\u00e1n a la altura de la glorieta de los t\u00faneles de Ezcaba (p.k 5+500) y la traves\u00eda de Olave (p.k [&hellip;]<\/p>\n","protected":false},"author":1,"featured_media":7526,"comment_status":"closed","ping_status":"open","sticky":false,"template":"","format":"standard","meta":{"_et_pb_use_builder":"on","_et_pb_old_content":"","_et_gb_content_width":"","footnotes":""},"categories":[5,4],"tags":[],"class_list":["post-7523","post","type-post","status-publish","format-standard","has-post-thumbnail","hentry","category-general","category-organizacion"],"_links":{"self":[{"href":"https:\/\/cetm-madrid.es\/web\/wp-json\/wp\/v2\/posts\/7523","targetHints":{"allow":["GET"]}}],"collection":[{"href":"https:\/\/cetm-madrid.es\/web\/wp-json\/wp\/v2\/posts"}],"about":[{"href":"https:\/\/cetm-madrid.es\/web\/wp-json\/wp\/v2\/types\/post"}],"author":[{"embeddable":true,"href":"https:\/\/cetm-madrid.es\/web\/wp-json\/wp\/v2\/users\/1"}],"replies":[{"embeddable":true,"href":"https:\/\/cetm-madrid.es\/web\/wp-json\/wp\/v2\/comments?post=7523"}],"version-history":[{"count":2,"href":"https:\/\/cetm-madrid.es\/web\/wp-json\/wp\/v2\/posts\/7523\/revisions"}],"predecessor-version":[{"id":7527,"href":"https:\/\/cetm-madrid.es\/web\/wp-json\/wp\/v2\/posts\/7523\/revisions\/7527"}],"wp:featuredmedia":[{"embeddable":true,"href":"https:\/\/cetm-madrid.es\/web\/wp-json\/wp\/v2\/media\/7526"}],"wp:attachment":[{"href":"https:\/\/cetm-madrid.es\/web\/wp-json\/wp\/v2\/media?parent=7523"}],"wp:term":[{"taxonomy":"category","embeddable":true,"href":"https:\/\/cetm-madrid.es\/web\/wp-json\/wp\/v2\/categories?post=7523"},{"taxonomy":"post_tag","embeddable":true,"href":"https:\/\/cetm-madrid.es\/web\/wp-json\/wp\/v2\/tags?post=7523"}],"curies":[{"name":"wp","href":"https:\/\/api.w.org\/{rel}","templated":true}]}}