{"id":7509,"date":"2021-02-11T18:10:13","date_gmt":"2021-02-11T18:10:13","guid":{"rendered":"https:\/\/cetm-madrid.es\/web\/?p=7509"},"modified":"2021-02-11T18:11:31","modified_gmt":"2021-02-11T18:11:31","slug":"alberto-ramirez-elegido-presidente-de-la-cetm-cisternas","status":"publish","type":"post","link":"https:\/\/cetm-madrid.es\/web\/alberto-ramirez-elegido-presidente-de-la-cetm-cisternas\/","title":{"rendered":"Alberto Ram\u00edrez, elegido presidente de la CETM Cisternas"},"content":{"rendered":"<p>[et_pb_section fb_built=&#8221;1&#8243; admin_label=&#8221;section&#8221; _builder_version=&#8221;3.22&#8243;][et_pb_row column_structure=&#8221;2_3,1_3&#8243; admin_label=&#8221;row&#8221; _builder_version=&#8221;3.25&#8243; background_size=&#8221;initial&#8221; background_position=&#8221;top_left&#8221; background_repeat=&#8221;repeat&#8221;][et_pb_column type=&#8221;2_3&#8243; _builder_version=&#8221;3.25&#8243; custom_padding=&#8221;|||&#8221; custom_padding__hover=&#8221;|||&#8221;][et_pb_text admin_label=&#8221;Texto&#8221; _builder_version=&#8221;4.7.7&#8243; background_size=&#8221;initial&#8221; background_position=&#8221;top_left&#8221; background_repeat=&#8221;repeat&#8221; text_orientation=&#8221;justified&#8221; use_border_color=&#8221;off&#8221; border_color=&#8221;#ffffff&#8221; border_style=&#8221;solid&#8221;]<\/p>\n<p>La Junta Directiva de la Asociaci\u00f3n Espa\u00f1ola de Transporte de Mercanc\u00edas en Cisternas (CETM CISTERNAS), organizaci\u00f3n miembro de la CETM, ha elegido como presidente, por unanimidad, a Alberto Ram\u00edrez Encinas.<\/p>\n<p>Ram\u00edrez sustituye en el cargo a Francisco Jos\u00e9 Corell Grau que ven\u00eda ejerciendo de presidente en funciones desde el triste fallecimiento de Federico Mart\u00edn y a quien la organizaci\u00f3n ha agradecido su dedicaci\u00f3n y entrega en unos momentos especialmente complicados, en los que ha debido afrontar tanto la p\u00e9rdida de un l\u00edder tan carism\u00e1tico como Mart\u00edn como la pandemia de la Covid19.<\/p>\n<p>Alberto Ram\u00edrez, nacido en M\u00e9rida en 1.972, es Titulado Superior en Comercio Internacional y M\u00e1ster MBA por ESIC, ocupa el cargo de Director de Transportes Qu\u00edmicos Ram\u00edrez, destacada empresa familiar espa\u00f1ola ubicada en Sanl\u00facar La Mayor (Sevilla) y especializada en el transporte por carretera y multimodal de mercanc\u00edas en cisternas.<\/p>\n<p>Durante su intervenci\u00f3n, Alberto Ram\u00edrez agradeci\u00f3 su elecci\u00f3n y subray\u00f3 que devolver\u00e1 con trabajo el apoyo recibido, garantizando que se esforzar\u00e1 en debatir y solucionar los problemas que afectan a las empresas de transporte en veh\u00edculos cisterna bajo el mismo esquema de trabajo, di\u00e1logo y profesionalidad alcanzado en los \u00faltimos a\u00f1os.<\/p>\n<p>Ram\u00edrez llega a la presidencia de CETM Cisternas en un momento en el que el sector est\u00e1 preocupado por la tendencia a la baja de la actividad en Espa\u00f1a desde el comienzo de la pandemia, las presiones de los cargadores sobre los precios, el incremento de la carga burocr\u00e1tica y administrativa sobre las empresas de transporte y el elevad\u00edsimo grado de incertidumbre existente sobre las perspectivas econ\u00f3micas que lastra el consumo y retrasa la recuperaci\u00f3n.<\/p>\n<p>Ante esta situaci\u00f3n, la CETM Cisternas que presidir\u00e1 Alberto Ram\u00edrez, trabajar\u00e1 por el desarrollo de pol\u00edticas que permitan revertir la situaci\u00f3n actual del transporte de mercanc\u00edas, que debe ser reconocido como estrat\u00e9gico para la econom\u00eda espa\u00f1ola, y fomentar\u00e1 la participaci\u00f3n de todos los miembros de la Junta Directiva en la vida asociativa aportando todas las ideas y propuestas que estimen oportunas.<\/p>\n<p>Adjuntamos listado de la Junta de Gobierno que respaldar\u00e1 la gesti\u00f3n de Ram\u00edrez durante el per\u00edodo 2020-2024.<\/p>\n<p>[\/et_pb_text][\/et_pb_column][et_pb_column type=&#8221;1_3&#8243; _builder_version=&#8221;3.25&#8243; custom_padding=&#8221;|||&#8221; custom_padding__hover=&#8221;|||&#8221;][et_pb_image src=&#8221;https:\/\/cetm-madrid.es\/web\/wp-content\/uploads\/2021\/02\/ALBERTO-RAMIREZ.jpg&#8221; title_text=&#8221;ALBERTO RAMIREZ&#8221; align_tablet=&#8221;center&#8221; align_phone=&#8221;&#8221; align_last_edited=&#8221;on|desktop&#8221; admin_label=&#8221;Imagen&#8221; _builder_version=&#8221;4.7.7&#8243; animation_style=&#8221;slide&#8221; animation_direction=&#8221;left&#8221; animation_duration=&#8221;500ms&#8221; animation_intensity_slide=&#8221;10%&#8221; use_border_color=&#8221;off&#8221; border_color=&#8221;#ffffff&#8221; border_style=&#8221;solid&#8221; animation=&#8221;left&#8221; sticky=&#8221;off&#8221; always_center_on_mobile=&#8221;on&#8221;][\/et_pb_image][et_pb_button button_url=&#8221;https:\/\/cetm-madrid.es\/web\/wp-content\/uploads\/2021\/02\/JUNTA-DIRECTIVA-CETM-CISTERNAS.pdf&#8221; button_text=&#8221;JUNTA DIRECTIVA CETM CISTERNAS&#8221; _builder_version=&#8221;4.7.7&#8243; _module_preset=&#8221;default&#8221; hover_enabled=&#8221;0&#8243; url_new_window=&#8221;on&#8221; sticky_enabled=&#8221;0&#8243;][\/et_pb_button][\/et_pb_column][\/et_pb_row][\/et_pb_section]<\/p>\n","protected":false},"excerpt":{"rendered":"<p>La Junta Directiva de la Asociaci\u00f3n Espa\u00f1ola de Transporte de Mercanc\u00edas en Cisternas (CETM CISTERNAS), organizaci\u00f3n miembro de la CETM, ha elegido como presidente, por unanimidad, a Alberto Ram\u00edrez Encinas. Ram\u00edrez sustituye en el cargo a Francisco Jos\u00e9 Corell Grau que ven\u00eda ejerciendo de presidente en funciones desde el triste fallecimiento de Federico Mart\u00edn y [&hellip;]<\/p>\n","protected":false},"author":1,"featured_media":7512,"comment_status":"closed","ping_status":"open","sticky":false,"template":"","format":"standard","meta":{"_et_pb_use_builder":"on","_et_pb_old_content":"","_et_gb_content_width":"","footnotes":""},"categories":[5,4],"tags":[],"class_list":["post-7509","post","type-post","status-publish","format-standard","has-post-thumbnail","hentry","category-general","category-organizacion"],"_links":{"self":[{"href":"https:\/\/cetm-madrid.es\/web\/wp-json\/wp\/v2\/posts\/7509","targetHints":{"allow":["GET"]}}],"collection":[{"href":"https:\/\/cetm-madrid.es\/web\/wp-json\/wp\/v2\/posts"}],"about":[{"href":"https:\/\/cetm-madrid.es\/web\/wp-json\/wp\/v2\/types\/post"}],"author":[{"embeddable":true,"href":"https:\/\/cetm-madrid.es\/web\/wp-json\/wp\/v2\/users\/1"}],"replies":[{"embeddable":true,"href":"https:\/\/cetm-madrid.es\/web\/wp-json\/wp\/v2\/comments?post=7509"}],"version-history":[{"count":3,"href":"https:\/\/cetm-madrid.es\/web\/wp-json\/wp\/v2\/posts\/7509\/revisions"}],"predecessor-version":[{"id":7516,"href":"https:\/\/cetm-madrid.es\/web\/wp-json\/wp\/v2\/posts\/7509\/revisions\/7516"}],"wp:featuredmedia":[{"embeddable":true,"href":"https:\/\/cetm-madrid.es\/web\/wp-json\/wp\/v2\/media\/7512"}],"wp:attachment":[{"href":"https:\/\/cetm-madrid.es\/web\/wp-json\/wp\/v2\/media?parent=7509"}],"wp:term":[{"taxonomy":"category","embeddable":true,"href":"https:\/\/cetm-madrid.es\/web\/wp-json\/wp\/v2\/categories?post=7509"},{"taxonomy":"post_tag","embeddable":true,"href":"https:\/\/cetm-madrid.es\/web\/wp-json\/wp\/v2\/tags?post=7509"}],"curies":[{"name":"wp","href":"https:\/\/api.w.org\/{rel}","templated":true}]}}