{"id":7459,"date":"2021-02-02T07:14:48","date_gmt":"2021-02-02T07:14:48","guid":{"rendered":"https:\/\/cetm-madrid.es\/web\/?p=7459"},"modified":"2021-02-04T07:23:05","modified_gmt":"2021-02-04T07:23:05","slug":"las-obras-para-convertir-la-n-121-a-en-una-via-21-comenzaran-a-partir-del-8-de-febrero","status":"publish","type":"post","link":"https:\/\/cetm-madrid.es\/web\/las-obras-para-convertir-la-n-121-a-en-una-via-21-comenzaran-a-partir-del-8-de-febrero\/","title":{"rendered":"Las obras para convertir la n-121-a en una v\u00eda 2+1 comenzar\u00e1n a partir del 8 de febrero"},"content":{"rendered":"<p>[et_pb_section fb_built=&#8221;1&#8243; admin_label=&#8221;section&#8221; _builder_version=&#8221;3.22&#8243;][et_pb_row admin_label=&#8221;row&#8221; _builder_version=&#8221;3.25&#8243; background_size=&#8221;initial&#8221; background_position=&#8221;top_left&#8221; background_repeat=&#8221;repeat&#8221; column_structure=&#8221;2_3,1_3&#8243;][et_pb_column type=&#8221;2_3&#8243; _builder_version=&#8221;3.25&#8243; custom_padding=&#8221;|||&#8221; custom_padding__hover=&#8221;|||&#8221;][et_pb_text admin_label=&#8221;Texto&#8221; _builder_version=&#8221;4.7.7&#8243; background_size=&#8221;initial&#8221; background_position=&#8221;top_left&#8221; background_repeat=&#8221;repeat&#8221; text_orientation=&#8221;justified&#8221; hover_enabled=&#8221;0&#8243; use_border_color=&#8221;off&#8221; border_color=&#8221;#ffffff&#8221; border_style=&#8221;solid&#8221; sticky_enabled=&#8221;0&#8243;]<\/p>\n<p>Nuestra asociaci\u00f3n en Navarra, ANET, nos ha informado que, <strong>a partir del pr\u00f3ximo 8 de febrero,<\/strong> comenzar\u00e1n las obras para convertir la N-121-A en una v\u00eda 2+1. Esto afectar\u00e1 a <a href=\"https:\/\/www.google.es\/maps\/dir\/42.8448486,-1.6224082\/42.8820633,-1.6059641\/@42.8712264,-1.6318931,12z\/data=!4m2!4m1!3e0\" target=\"_blank\" rel=\"noopener noreferrer\">los cinco primeros kil\u00f3metros<\/a> que separan la glorieta de los t\u00faneles de Ezcaba de la traves\u00eda de Olave.<\/p>\n<p>No se producir\u00e1n cortes de tr\u00e1fico durante los 8 meses de ejecuci\u00f3n, pero s\u00ed<strong> se obligar\u00e1 a que los veh\u00edculos circulen a 60 km\/h.<\/strong> Tal y como nos informan desde ANET, se establecer\u00e1n pasos alternativos en diversos puntos durante las obras de este primer tramo, por lo que en esas zonas concretas la velocidad deber\u00e1 reducirse a 40 km\/h.<\/p>\n<p>Cabe esperar que se produzcan retenciones en las horas punta pero, a diferencia de otras ocasiones, esta vez<strong> no se han establecido desv\u00edos obligatorios a la AP15<\/strong> en funci\u00f3n de las matr\u00edculas pares o impares.<\/p>\n<p>Por otra parte, nos informan de <strong>la instalaci\u00f3n de dos nuevos radares<\/strong> en la N121-A (Pamplona-Behobia), a la altura de Ventas de Arraitz y Bera, que est\u00e1n pendientes de su activaci\u00f3n despu\u00e9s de haber sido sometidos a verificaci\u00f3n metrol\u00f3gica.<\/p>\n<p>Uno de los radares se encuentra <strong>en la entrada norte de Ventas de Arraitz,<\/strong> a la altura del kil\u00f3metro 25,700 en sentido Pamplona, con una limitaci\u00f3n de 50 kil\u00f3metros\/hora. El otro radar se ha instalado en el punto kilom\u00e9trico 60,200 en sentido Behobia, <strong>a la altura del t\u00e9rmino municipal de Bera<\/strong> y estar\u00e1 situado entre el viaducto de Etxalar y el t\u00fanel de Amixelaieta, un tramo que se encuentra limitado<br \/>a turismos a 80 kil\u00f3metros\/hora.<\/p>\n<p>[\/et_pb_text][\/et_pb_column][et_pb_column type=&#8221;1_3&#8243; _builder_version=&#8221;3.25&#8243; custom_padding=&#8221;|||&#8221; custom_padding__hover=&#8221;|||&#8221;][et_pb_image src=&#8221;https:\/\/cetm-madrid.es\/web\/wp-content\/uploads\/2021\/02\/Captura.jpg&#8221; align_tablet=&#8221;center&#8221; align_last_edited=&#8221;on|desktop&#8221; admin_label=&#8221;Imagen&#8221; _builder_version=&#8221;4.7.7&#8243; animation_style=&#8221;slide&#8221; animation_direction=&#8221;left&#8221; animation_duration=&#8221;500ms&#8221; animation_intensity_slide=&#8221;10%&#8221; hover_enabled=&#8221;0&#8243; use_border_color=&#8221;off&#8221; border_color=&#8221;#ffffff&#8221; border_style=&#8221;solid&#8221; animation=&#8221;left&#8221; sticky=&#8221;off&#8221; always_center_on_mobile=&#8221;on&#8221; title_text=&#8221;Captura&#8221; sticky_enabled=&#8221;0&#8243;][\/et_pb_image][\/et_pb_column][\/et_pb_row][\/et_pb_section]<\/p>\n","protected":false},"excerpt":{"rendered":"<p>Nuestra asociaci\u00f3n en Navarra, ANET, nos ha informado que, a partir del pr\u00f3ximo 8 de febrero, comenzar\u00e1n las obras para convertir la N-121-A en una v\u00eda 2+1. Esto afectar\u00e1 a los cinco primeros kil\u00f3metros que separan la glorieta de los t\u00faneles de Ezcaba de la traves\u00eda de Olave. No se producir\u00e1n cortes de tr\u00e1fico durante [&hellip;]<\/p>\n","protected":false},"author":1,"featured_media":7462,"comment_status":"closed","ping_status":"open","sticky":false,"template":"","format":"standard","meta":{"_et_pb_use_builder":"on","_et_pb_old_content":"","_et_gb_content_width":"","footnotes":""},"categories":[5,4],"tags":[],"class_list":["post-7459","post","type-post","status-publish","format-standard","has-post-thumbnail","hentry","category-general","category-organizacion"],"_links":{"self":[{"href":"https:\/\/cetm-madrid.es\/web\/wp-json\/wp\/v2\/posts\/7459","targetHints":{"allow":["GET"]}}],"collection":[{"href":"https:\/\/cetm-madrid.es\/web\/wp-json\/wp\/v2\/posts"}],"about":[{"href":"https:\/\/cetm-madrid.es\/web\/wp-json\/wp\/v2\/types\/post"}],"author":[{"embeddable":true,"href":"https:\/\/cetm-madrid.es\/web\/wp-json\/wp\/v2\/users\/1"}],"replies":[{"embeddable":true,"href":"https:\/\/cetm-madrid.es\/web\/wp-json\/wp\/v2\/comments?post=7459"}],"version-history":[{"count":2,"href":"https:\/\/cetm-madrid.es\/web\/wp-json\/wp\/v2\/posts\/7459\/revisions"}],"predecessor-version":[{"id":7463,"href":"https:\/\/cetm-madrid.es\/web\/wp-json\/wp\/v2\/posts\/7459\/revisions\/7463"}],"wp:featuredmedia":[{"embeddable":true,"href":"https:\/\/cetm-madrid.es\/web\/wp-json\/wp\/v2\/media\/7462"}],"wp:attachment":[{"href":"https:\/\/cetm-madrid.es\/web\/wp-json\/wp\/v2\/media?parent=7459"}],"wp:term":[{"taxonomy":"category","embeddable":true,"href":"https:\/\/cetm-madrid.es\/web\/wp-json\/wp\/v2\/categories?post=7459"},{"taxonomy":"post_tag","embeddable":true,"href":"https:\/\/cetm-madrid.es\/web\/wp-json\/wp\/v2\/tags?post=7459"}],"curies":[{"name":"wp","href":"https:\/\/api.w.org\/{rel}","templated":true}]}}