{"id":7406,"date":"2021-01-27T07:56:05","date_gmt":"2021-01-27T07:56:05","guid":{"rendered":"https:\/\/cetm-madrid.es\/web\/?p=7406"},"modified":"2021-01-28T08:06:00","modified_gmt":"2021-01-28T08:06:00","slug":"celebracion-de-la-jornada-on-line-aula-virtual-cetm-11-02-21-novedades-normativas-en-las-relaciones-laborales-y-su-impacto-en-la-negociacion-colectiva-del-transporte-de-mercancias","status":"publish","type":"post","link":"https:\/\/cetm-madrid.es\/web\/celebracion-de-la-jornada-on-line-aula-virtual-cetm-11-02-21-novedades-normativas-en-las-relaciones-laborales-y-su-impacto-en-la-negociacion-colectiva-del-transporte-de-mercancias\/","title":{"rendered":"Celebraci\u00f3n de la jornada ON LINE \u2013 aula virtual CETM \u2013 11-02-21 Novedades normativas en las relaciones laborales y su impacto en la negociaci\u00f3n colectiva del transporte de mercanc\u00edas"},"content":{"rendered":"<p>[et_pb_section fb_built=&#8221;1&#8243; admin_label=&#8221;section&#8221; _builder_version=&#8221;3.22&#8243;][et_pb_row admin_label=&#8221;row&#8221; _builder_version=&#8221;3.25&#8243; background_size=&#8221;initial&#8221; background_position=&#8221;top_left&#8221; background_repeat=&#8221;repeat&#8221; column_structure=&#8221;2_3,1_3&#8243;][et_pb_column type=&#8221;2_3&#8243; _builder_version=&#8221;3.25&#8243; custom_padding=&#8221;|||&#8221; custom_padding__hover=&#8221;|||&#8221;][et_pb_text admin_label=&#8221;Texto&#8221; _builder_version=&#8221;4.7.7&#8243; background_size=&#8221;initial&#8221; background_position=&#8221;top_left&#8221; background_repeat=&#8221;repeat&#8221; text_orientation=&#8221;justified&#8221; hover_enabled=&#8221;0&#8243; use_border_color=&#8221;off&#8221; border_color=&#8221;#ffffff&#8221; border_style=&#8221;solid&#8221; sticky_enabled=&#8221;0&#8243;]<\/p>\n<p>La<strong> Confederaci\u00f3n Espa\u00f1ola de Transporte de Mercanc\u00edas (CETM)<\/strong> celebrar\u00e1 el pr\u00f3ximo<strong> jueves, 11 de febrero de 2021<\/strong>, la Jornada \u2018ON LINE\u2019 <strong>\u2018Novedades normativas en las relaciones laborales y su impacto en la negociaci\u00f3n colectiva del Transporte de Mercanc\u00edas\u201d.<\/strong><\/p>\n<p>El horario de la Jornada ser\u00e1 de <strong>09:00 a 15:00 horas.<\/strong><br \/>Rogamos que aquellos que est\u00e9is interesados en asistir, confirm\u00e9is vuestra asistencia enviando un correo a <strong>comunicacion@cetm.es<\/strong> con la ficha de inscripci\u00f3n que se incluye.<\/p>\n<p>[\/et_pb_text][\/et_pb_column][et_pb_column type=&#8221;1_3&#8243; _builder_version=&#8221;3.25&#8243; custom_padding=&#8221;|||&#8221; custom_padding__hover=&#8221;|||&#8221;][et_pb_image src=&#8221;https:\/\/cetm-madrid.es\/web\/wp-content\/uploads\/2021\/01\/Dise\u00f1o-sin-t\u00edtulo-23.png&#8221; align_tablet=&#8221;center&#8221; align_last_edited=&#8221;on|desktop&#8221; admin_label=&#8221;Imagen&#8221; _builder_version=&#8221;4.7.7&#8243; animation_style=&#8221;slide&#8221; animation_direction=&#8221;left&#8221; animation_duration=&#8221;500ms&#8221; animation_intensity_slide=&#8221;10%&#8221; hover_enabled=&#8221;0&#8243; use_border_color=&#8221;off&#8221; border_color=&#8221;#ffffff&#8221; border_style=&#8221;solid&#8221; animation=&#8221;left&#8221; sticky=&#8221;off&#8221; always_center_on_mobile=&#8221;on&#8221; title_text=&#8221;Dise\u00f1o sin t\u00edtulo (23)&#8221; sticky_enabled=&#8221;0&#8243;][\/et_pb_image][et_pb_button _builder_version=&#8221;4.7.7&#8243; _module_preset=&#8221;default&#8221; button_text=&#8221;FICHA INSCRIPCION&#8221; button_url=&#8221;https:\/\/cetm-madrid.es\/web\/wp-content\/uploads\/2021\/01\/FICHA-INSCRIPCION-Novedades-Normativas-Laborales.pdf&#8221; url_new_window=&#8221;on&#8221; hover_enabled=&#8221;0&#8243; sticky_enabled=&#8221;0&#8243;][\/et_pb_button][et_pb_button _builder_version=&#8221;4.7.7&#8243; _module_preset=&#8221;default&#8221; button_text=&#8221;1\u00aa JORNADA&#8221; button_url=&#8221;https:\/\/cetm-madrid.es\/web\/wp-content\/uploads\/2021\/01\/1\u00aa-JORNADA-NOVEDADES-NORMATIVA-LABORALES.pdf&#8221; url_new_window=&#8221;on&#8221; hover_enabled=&#8221;0&#8243; sticky_enabled=&#8221;0&#8243;][\/et_pb_button][\/et_pb_column][\/et_pb_row][\/et_pb_section]<\/p>\n","protected":false},"excerpt":{"rendered":"<p>La Confederaci\u00f3n Espa\u00f1ola de Transporte de Mercanc\u00edas (CETM) celebrar\u00e1 el pr\u00f3ximo jueves, 11 de febrero de 2021, la Jornada \u2018ON LINE\u2019 \u2018Novedades normativas en las relaciones laborales y su impacto en la negociaci\u00f3n colectiva del Transporte de Mercanc\u00edas\u201d. El horario de la Jornada ser\u00e1 de 09:00 a 15:00 horas.Rogamos que aquellos que est\u00e9is interesados en [&hellip;]<\/p>\n","protected":false},"author":1,"featured_media":7412,"comment_status":"closed","ping_status":"open","sticky":false,"template":"","format":"standard","meta":{"_et_pb_use_builder":"on","_et_pb_old_content":"","_et_gb_content_width":"","footnotes":""},"categories":[5,4],"tags":[],"class_list":["post-7406","post","type-post","status-publish","format-standard","has-post-thumbnail","hentry","category-general","category-organizacion"],"_links":{"self":[{"href":"https:\/\/cetm-madrid.es\/web\/wp-json\/wp\/v2\/posts\/7406","targetHints":{"allow":["GET"]}}],"collection":[{"href":"https:\/\/cetm-madrid.es\/web\/wp-json\/wp\/v2\/posts"}],"about":[{"href":"https:\/\/cetm-madrid.es\/web\/wp-json\/wp\/v2\/types\/post"}],"author":[{"embeddable":true,"href":"https:\/\/cetm-madrid.es\/web\/wp-json\/wp\/v2\/users\/1"}],"replies":[{"embeddable":true,"href":"https:\/\/cetm-madrid.es\/web\/wp-json\/wp\/v2\/comments?post=7406"}],"version-history":[{"count":2,"href":"https:\/\/cetm-madrid.es\/web\/wp-json\/wp\/v2\/posts\/7406\/revisions"}],"predecessor-version":[{"id":7413,"href":"https:\/\/cetm-madrid.es\/web\/wp-json\/wp\/v2\/posts\/7406\/revisions\/7413"}],"wp:featuredmedia":[{"embeddable":true,"href":"https:\/\/cetm-madrid.es\/web\/wp-json\/wp\/v2\/media\/7412"}],"wp:attachment":[{"href":"https:\/\/cetm-madrid.es\/web\/wp-json\/wp\/v2\/media?parent=7406"}],"wp:term":[{"taxonomy":"category","embeddable":true,"href":"https:\/\/cetm-madrid.es\/web\/wp-json\/wp\/v2\/categories?post=7406"},{"taxonomy":"post_tag","embeddable":true,"href":"https:\/\/cetm-madrid.es\/web\/wp-json\/wp\/v2\/tags?post=7406"}],"curies":[{"name":"wp","href":"https:\/\/api.w.org\/{rel}","templated":true}]}}