{"id":7394,"date":"2021-01-27T07:02:44","date_gmt":"2021-01-27T07:02:44","guid":{"rendered":"https:\/\/cetm-madrid.es\/web\/?p=7394"},"modified":"2021-01-28T07:52:03","modified_gmt":"2021-01-28T07:52:03","slug":"asi-afectan-las-nuevas-restricciones-de-las-comunidades-autonomas-al-cierre-de-la-hosteleria-3","status":"publish","type":"post","link":"https:\/\/cetm-madrid.es\/web\/asi-afectan-las-nuevas-restricciones-de-las-comunidades-autonomas-al-cierre-de-la-hosteleria-3\/","title":{"rendered":"As\u00ed afectan las nuevas restricciones de las comunidades aut\u00f3nomas al cierre de la hosteler\u00eda"},"content":{"rendered":"<p>[et_pb_section fb_built=&#8221;1&#8243; admin_label=&#8221;section&#8221; _builder_version=&#8221;3.22&#8243;][et_pb_row column_structure=&#8221;2_3,1_3&#8243; admin_label=&#8221;row&#8221; _builder_version=&#8221;3.25&#8243; background_size=&#8221;initial&#8221; background_position=&#8221;top_left&#8221; background_repeat=&#8221;repeat&#8221;][et_pb_column type=&#8221;2_3&#8243; _builder_version=&#8221;3.25&#8243; custom_padding=&#8221;|||&#8221; custom_padding__hover=&#8221;|||&#8221;][et_pb_text admin_label=&#8221;Texto&#8221; _builder_version=&#8221;4.7.7&#8243; background_size=&#8221;initial&#8221; background_position=&#8221;top_left&#8221; background_repeat=&#8221;repeat&#8221; text_orientation=&#8221;justified&#8221; use_border_color=&#8221;off&#8221; border_color=&#8221;#ffffff&#8221; border_style=&#8221;solid&#8221;]<\/p>\n<p>Tras el alivio de las restricciones durante las vacaciones de Navidad, los contagios han vuelto a incrementarse en nuestro pa\u00eds. Ante estos datos, las Comunidades Aut\u00f3nomas ya <strong>han comenzado a tomar nuevas medidas<\/strong> para intentar frenar la propagaci\u00f3n del virus.<\/p>\n<p>Por ello, para <strong>facilitar la labor de los transportistas,<\/strong> en la Confederaci\u00f3n Espa\u00f1ola de Transporte de Mercanc\u00edas (CETM) recopilado las restricciones que afectan a los servicios de la hosteler\u00eda. Cabe destacar que<strong> la CETM ha reclamado que se tome una postura com\u00fan<\/strong> y se permita la apertura de los establecimientos ubicados en carreteras, \u00e1reas de servicio y pol\u00edgonos industriales.<\/p>\n<p>Aunque algunas han establecido excepciones para este tipo de establecimientos, otras contin\u00faan sin tener en cuenta al sector. Por ello, a continuaci\u00f3n, recopilamos toda la informaci\u00f3n al respecto. Aquellas Comunidades Aut\u00f3nomas marcadas en rojo son en las que no tenemos constancia de que se haya publicado una excepci\u00f3n.<\/p>\n<p><strong>*Actualizaci\u00f3n 27\/01: GALICIA<\/strong><\/p>\n<p>\u2022 GALICIA: La Xunta ha ordenado el cierre de los bares y restaurantes y solo permite el servicio de comida para llevar. Sin bien, en esta ocasi\u00f3n, se permite la apertura de los establecimientos que se encuentren <strong>en centros log\u00edsticos o \u00e1reas de servicio<\/strong> de la red vial \u201ccon el fin de posibilitar las pausas adecuadas en cumplimiento de la normativa de conducci\u00f3n y tiempos de descanso imprescindibles para poder realizar las operaciones de transporte\u201d. Estos establecimientos tambi\u00e9n podr\u00e1n abrir durante la noche, de acuerdo con la normativa. La medida puede consultarse en: <a href=\"https:\/\/www.xunta.gal\/dog\/Publicados\/excepcional\/2021\/20210126\/2549\/AnuncioC3K1-260121-7_gl.pdf\" target=\"_blank\" rel=\"noopener noreferrer\">https:\/\/www.xunta.gal\/dog\/Publicados\/excepcional\/2021\/20210126\/2549\/AnuncioC3K1-260121-7_gl.pdf<\/a> (Punto 3.19)<\/p>\n<p>\u2022 ASTURIAS: El cierre de la hosteler\u00eda <strong>se ha adelantado a las 20:00 horas<\/strong> desde el pasado 14 de enero pero, adem\u00e1s, el Principado ha publicado nuevos criterios para decretar las restricciones en los concejos de forma individualizada. Entre dichas medidas se establece la suspensi\u00f3n temporal de la apertura al p\u00fablico de la hosteler\u00eda. Sin embargo, se han establecido excepciones entre las que se encuentran los servicios de restauraci\u00f3n de los<strong> establecimientos de suministro de combustible, centros de carga y descarga o expendedores de comida preparada.<\/strong> La Resoluci\u00f3n, de 18\u00a0de enero de 2021, puede consultarse <a href=\"https:\/\/sede.asturias.es\/bopa\/2021\/01\/18\/20210118Su2.pdf\" target=\"_blank\" rel=\"noopener noreferrer\">aqu\u00ed<\/a>. Adem\u00e1s, en este mapa se<br \/>actualizan las medidas por concejos: <a href=\"https:\/\/dgspasturias.shinyapps.io\/panel_de_indicadores_asturias\/\" target=\"_blank\" rel=\"noopener noreferrer\">https:\/\/dgspasturias.shinyapps.io\/panel_de_indicadores_asturias\/<\/a> En cuanto al toque de queda, se ampl\u00eda desde las 22:00 hasta las 06:00 horas.<\/p>\n<p>\u2022 CANTABRIA: El Gobierno c\u00e1ntabro ha prorrogado un mes m\u00e1s <strong>el cierre del interior de la hosteler\u00eda<\/strong> de manera que, solo se podr\u00e1 seguir prestando servicio en terrazas hasta el pr\u00f3ximo 15 de febrero. Sin embargo, <strong>hay una excepci\u00f3n para los establecimientos de suministro de combustible, centros de carga y descarga o expendedores de comida<\/strong> preparada para dar servicio a los conductores profesionales.<\/p>\n<p>\u2022 LA RIOJA: El Gobierno riojano ha ordenado el cierre de la hosteler\u00eda y las actividades no esenciales hasta el pr\u00f3ximo 23 de febrero, as\u00ed como el confinamiento perimetral de sus 174 municipios. Si bien, en esta ocasi\u00f3n, el Gobierno riojano <strong>permite la apertura de los restaurantes de carretera o en \u00e1reas de servicio<\/strong>, \u00fanica y exclusivamente para dar servicio a los profesionales en el desempe\u00f1o de su funci\u00f3n que no tengan otra alternativa.<\/p>\n<p>\u2022 NAVARRA: El cierre de la hosteler\u00eda se adelanta a las 21:00 horas pero, adem\u00e1s, el Gobierno navarro ha anunciado que, <strong>a partir del 23 de enero y hasta el pr\u00f3ximo 7 de febrero, no se podr\u00e1 abrir el interior<\/strong> de estos establecimientos y solo se podr\u00e1n mantener abiertas las terrazas. Nuestra asociaci\u00f3n en Navarra, ANET, nos ha se\u00f1alado que con car\u00e1cter excepcional se podr\u00e1 autorizar la apertura de los interiores de los establecimientos <strong>cuyos clientes sean trabajadores que realicen labores de transporte<\/strong>, tanto de viajeros como de mercanc\u00edas, y los establecimientos ubicados en estaciones de servicio o carretera (fuera del n\u00facleo urbano y en las principales carreteras de Navarra) que tengan aparcamiento para m\u00e1s de cinco camiones y que den servicios de comidas o cenas. Esta informaci\u00f3n puede consultarse aqu\u00ed.<\/p>\n<p>\u2022 ARAG\u00d3N: Las actividades no esenciales, entre las que se encuentra la hosteler\u00eda, deben cerrar a las 20:00 horas durante la semana y viernes, s\u00e1bados y domingos a las 18:00 horas. Si bien, <strong>los establecimientos de hosteler\u00eda y restauraci\u00f3n situados en estaciones o \u00e1reas de servicio podr\u00e1n permanecer abiertos despu\u00e9s de las 20:00 horas<\/strong>, pero ser\u00e1n de <strong>uso exclusivo para los profesionales del transporte<\/strong>. Cabe destacar\u00a0que la Orden SAN\/1\/2021 publicada en el Bolet\u00edn Oficial de Arag\u00f3n establece que los transportistas que acudan a estos establecimientos<strong> deber\u00e1n presentar una declaraci\u00f3n responsable<\/strong> <strong>que<\/strong> puede descargarse en el siguiente enlace: <a href=\"https:\/\/cetm-madrid.es\/web\/wp-content\/uploads\/2021\/01\/declaracion_responsable_aragon-1.docx\" target=\"_blank\" rel=\"noopener noreferrer\">https:\/\/www.cetm.es\/add\/BancoDeDocumentos\/noticias\/declaracion_respons able_aragon.docx<\/a><\/p>\n<p>\u2022 CATALU\u00d1A: de momento se ha establecido que hasta el 24 de enero los bares y restaurantes solo pueden abrir en horario de 07:30 a 09:30 horas y de 13:00 a 15:00 horas para las comidas. Para el servicio de las cenas, el horario es de 19:00 a 22:00 horas. Sin embargo,<strong> no se han establecido franjas horarias para la restauraci\u00f3n ubicada en \u00e1reas de servicio.<\/strong><\/p>\n<p>\u2022 COMUNIDAD VALENCIANA: a partir del jueves 21 de enero y durante 14 d\u00edas esta comunidad cerrar\u00e1 la hosteler\u00eda y adelanta el cierre de los comercios a las 18:00 horas. Desde nuestra Asociaci\u00f3n Provincial en Valencia nos han hecho llegar la Resoluci\u00f3n, de 19 de enero de 2021, en la que se detallan las nuevas medidas y en la que <strong>se excluyen del cierre<\/strong>, entre otros, a los siguientes establecimientos:- Servicios de hosteler\u00eda y restauraci\u00f3n situados en empresas y lugares de trabajo, para uso exclusivo para el personal empleado.- Servicios de restauraci\u00f3n en \u00e1reas de servicio de v\u00edas de comunicaci\u00f3n, o lugares que no siendo considerados como \u00e1reas de servicio se encuentren pr\u00f3ximos o colindantes a las carreteras, bien de forma directa, en el caso de carreteras convencionales, bien a trav\u00e9s de enlaces, en caso de autov\u00edas y <strong>que presten servicio, todos ellos, de forma habitual a los transportistas,<\/strong> al personal perteneciente a servicios esenciales de cualquier tipo, incluidos los servicios de conservaci\u00f3n y mantenimiento de carreteras. El acceso a los establecimientos citados s\u00f3lo estar\u00e1 permitido a las personas incluidas en los colectivos anteriormente referidos. Las actividades de restauraci\u00f3n de servicio a domicilio, o de recogida de comida y\/o bebida por la clientela en el establecimiento con cita previa, se podr\u00e1n llevar a cabo durante el horario de apertura habitual del establecimiento.La norma <strong>puede<\/strong><br \/><strong> consultarse en:<\/strong> <a href=\"http:\/\/www.dogv.gva.es\/datos\/2021\/01\/20\/pdf\/2021_530.pdf\" target=\"_blank\" rel=\"noopener noreferrer\">http:\/\/www.dogv.gva.es\/datos\/2021\/01\/20\/pdf\/2021_530.pdf<\/a><\/p>\n<p>\u2022 CASTILLA-LA MANCHA: se ha decretado el cierre de la hosteler\u00eda, pero el Gobierno castellano-manchego ha publicado <strong>una excepci\u00f3n para que los restaurantes de carretera de la regi\u00f3n puedan abrir<\/strong> y dar servicio a los transportistas. Por otra parte, el toque de queda se ha adelantado a las 22:00 horas.<\/p>\n<p>\u2022 MADRID: El toque de queda se adelanta a las 22:00 horas hasta las 06:00 y la hosteler\u00eda deber\u00e1 cerrar a las 21:00 horas. Si bien, <strong>permite la apertura de los establecimientos de restauraci\u00f3n en estaciones de combustible<\/strong> y otros considerados esenciales.<\/p>\n<p>\u2022 EXTREMADURA: la Junta ha establecido <strong>el cierre de la hosteler\u00eda<\/strong> en las localidades de m\u00e1s de 5.000 vecinos que cuenten con una incidencia de m\u00e1s de 500 casos por cada 100.000 habitantes. Esta medida afecta a: C\u00e1ceres, Badajoz, Almendralejo, Don Benito, Villanueva de la Serena, M\u00e9rida, Plasencia, Jerez de los Caballeros, Trujillo, Gaure\u00f1a, Moraleja, Arrollo de la Luz y Talavera del Real. As\u00ed como ocurre en otras comunidades, los servicios de restauraci\u00f3n ubicados en establecimientos de combustible, centros de carga y descarga o expendedores de comida, <strong>est\u00e1n exentos de esta restricci\u00f3n.<\/strong><\/p>\n<p>\u2022 CASTILLA Y LE\u00d3N: esta comunidad ha ordenado el cierre del interior de bares y restaurantes hasta el pr\u00f3ximo 26 de enero. Si bien, <strong>se ha establecido una excepci\u00f3n para los restaurantes de hoteles y alojamientos tur\u00edsticos, centros sanitarios, centros de trabajo y gasolineras.<\/strong><\/p>\n<p><span style=\"color: #ff0000;\"><strong>\u2022 MURCIA:<\/strong> <\/span>se ha decretado <strong>el cierre de bares y restaurantes en los<\/strong> municipios de la Regi\u00f3n que se encuentran en nivel extremo y que en total suman 36: Moratalla, Fortuna, Abanilla, Jumilla, Mula, Caravaca de la Cruz, La Uni\u00f3n, Ricote, Yecla, Albudeite, Santomera, Lorqu\u00ed, Villanueva del R\u00edo Segura, Murcia, Las Torres de Cotillas, Cartagena, Molina de Segura, Alguazas, Pliego, Blanca, Lorca, Los Alc\u00e1zares, Campos del R\u00edo, Cieza, San Pedro del Pinatar, Bullas, Torre Pacheco, San Javier, \u00c1guilas, Abar\u00e1n, Ulea, Alcantarilla, Ceut\u00ed,<br \/>Fuente \u00c1lamo, Ceheg\u00edn y Archena.<\/p>\n<p>\u2022 ANDALUC\u00cdA: los comercios y servicios no esenciales deben cerrar en la Comunidad andaluza a las 18:00 horas. Sin embargo, la Junta<strong> s\u00ed que ha\u00a0incluido en las excepciones a los servicios de restauraci\u00f3n que se ubican en los establecimientos de combustible, centros de carga y descarga o los expendedores de comida preparada<\/strong>, con el objetivo de facilitar la actividad de los profesionales del sector del transporte.<\/p>\n<p><span style=\"color: #ff9900;\"><strong>\u2022 ISLAS BALEARES:<\/strong> <\/span>la hosteler\u00eda permanece cerrada en Mallorca, Ibiza y Formentera y solo se permite el servicio de comida para llevar hasta las 22:00 horas, momento en el que se inicia el toque de queda.<\/p>\n<p>\u2022 PA\u00cdS VASCO: el horario de cierre de la hosteler\u00eda se mantiene a las 20:00 horas. Sin embargo, en los municipios que se encuentren en alerta roja, estos establecimientos deber\u00e1n cerrar sus puertas. Afortunadamente, aquellos establecimientos que se encuentren en gasolineras y \u00e1reas de servicio <strong>est\u00e1n exentos de cumplir con esta medida<\/strong>.<\/p>\n<p><span style=\"color: #ff9900;\"><strong>\u2022 ISLAS CANARIAS:<\/strong> <\/span>la isla de Gran Canaria se encuentra en fase 3, por lo que la hosteler\u00eda solo puede atender en terrazas. Lanzarote y la Graciosa se encuentran en nivel 4, de manera que las actividades no esenciales, entre las que se encuentra la hosteler\u00eda, deben cerrar a las 18:00 horas.<\/p>\n<p>[\/et_pb_text][\/et_pb_column][et_pb_column type=&#8221;1_3&#8243; _builder_version=&#8221;3.25&#8243; custom_padding=&#8221;|||&#8221; custom_padding__hover=&#8221;|||&#8221;][et_pb_image src=&#8221;https:\/\/cetm-madrid.es\/web\/wp-content\/uploads\/2021\/01\/Captura-4.jpg&#8221; title_text=&#8221;Captura&#8221; align_tablet=&#8221;center&#8221; align_phone=&#8221;&#8221; align_last_edited=&#8221;on|desktop&#8221; admin_label=&#8221;Imagen&#8221; _builder_version=&#8221;4.7.7&#8243; animation_style=&#8221;slide&#8221; animation_direction=&#8221;left&#8221; animation_duration=&#8221;500ms&#8221; animation_intensity_slide=&#8221;10%&#8221; hover_enabled=&#8221;0&#8243; use_border_color=&#8221;off&#8221; border_color=&#8221;#ffffff&#8221; border_style=&#8221;solid&#8221; animation=&#8221;left&#8221; sticky=&#8221;off&#8221; always_center_on_mobile=&#8221;on&#8221; sticky_enabled=&#8221;0&#8243;][\/et_pb_image][\/et_pb_column][\/et_pb_row][\/et_pb_section]<\/p>\n","protected":false},"excerpt":{"rendered":"<p>Tras el alivio de las restricciones durante las vacaciones de Navidad, los contagios han vuelto a incrementarse en nuestro pa\u00eds. Ante estos datos, las Comunidades Aut\u00f3nomas ya han comenzado a tomar nuevas medidas para intentar frenar la propagaci\u00f3n del virus. Por ello, para facilitar la labor de los transportistas, en la Confederaci\u00f3n Espa\u00f1ola de Transporte [&hellip;]<\/p>\n","protected":false},"author":1,"featured_media":7275,"comment_status":"closed","ping_status":"open","sticky":false,"template":"","format":"standard","meta":{"_et_pb_use_builder":"on","_et_pb_old_content":"","_et_gb_content_width":"","footnotes":""},"categories":[5,4],"tags":[],"class_list":["post-7394","post","type-post","status-publish","format-standard","has-post-thumbnail","hentry","category-general","category-organizacion"],"_links":{"self":[{"href":"https:\/\/cetm-madrid.es\/web\/wp-json\/wp\/v2\/posts\/7394","targetHints":{"allow":["GET"]}}],"collection":[{"href":"https:\/\/cetm-madrid.es\/web\/wp-json\/wp\/v2\/posts"}],"about":[{"href":"https:\/\/cetm-madrid.es\/web\/wp-json\/wp\/v2\/types\/post"}],"author":[{"embeddable":true,"href":"https:\/\/cetm-madrid.es\/web\/wp-json\/wp\/v2\/users\/1"}],"replies":[{"embeddable":true,"href":"https:\/\/cetm-madrid.es\/web\/wp-json\/wp\/v2\/comments?post=7394"}],"version-history":[{"count":3,"href":"https:\/\/cetm-madrid.es\/web\/wp-json\/wp\/v2\/posts\/7394\/revisions"}],"predecessor-version":[{"id":7404,"href":"https:\/\/cetm-madrid.es\/web\/wp-json\/wp\/v2\/posts\/7394\/revisions\/7404"}],"wp:featuredmedia":[{"embeddable":true,"href":"https:\/\/cetm-madrid.es\/web\/wp-json\/wp\/v2\/media\/7275"}],"wp:attachment":[{"href":"https:\/\/cetm-madrid.es\/web\/wp-json\/wp\/v2\/media?parent=7394"}],"wp:term":[{"taxonomy":"category","embeddable":true,"href":"https:\/\/cetm-madrid.es\/web\/wp-json\/wp\/v2\/categories?post=7394"},{"taxonomy":"post_tag","embeddable":true,"href":"https:\/\/cetm-madrid.es\/web\/wp-json\/wp\/v2\/tags?post=7394"}],"curies":[{"name":"wp","href":"https:\/\/api.w.org\/{rel}","templated":true}]}}