{"id":7322,"date":"2021-01-20T20:40:57","date_gmt":"2021-01-20T20:40:57","guid":{"rendered":"https:\/\/cetm-madrid.es\/web\/?p=7322"},"modified":"2021-01-20T20:41:02","modified_gmt":"2021-01-20T20:41:02","slug":"asi-afectan-las-nuevas-restricciones-de-las-comunidades-autonomas-al-cierre-de-la-hosteleria-2","status":"publish","type":"post","link":"https:\/\/cetm-madrid.es\/web\/asi-afectan-las-nuevas-restricciones-de-las-comunidades-autonomas-al-cierre-de-la-hosteleria-2\/","title":{"rendered":"As\u00ed afectan las nuevas restricciones de las comunidades aut\u00f3nomas al cierre de la hosteler\u00eda"},"content":{"rendered":"<p>[et_pb_section fb_built=&#8221;1&#8243; admin_label=&#8221;section&#8221; _builder_version=&#8221;3.22&#8243;][et_pb_row admin_label=&#8221;row&#8221; _builder_version=&#8221;3.25&#8243; background_size=&#8221;initial&#8221; background_position=&#8221;top_left&#8221; background_repeat=&#8221;repeat&#8221; column_structure=&#8221;2_3,1_3&#8243;][et_pb_column type=&#8221;2_3&#8243; _builder_version=&#8221;3.25&#8243; custom_padding=&#8221;|||&#8221; custom_padding__hover=&#8221;|||&#8221;][et_pb_text admin_label=&#8221;Texto&#8221; _builder_version=&#8221;4.7.7&#8243; background_size=&#8221;initial&#8221; background_position=&#8221;top_left&#8221; background_repeat=&#8221;repeat&#8221; text_orientation=&#8221;justified&#8221; hover_enabled=&#8221;0&#8243; use_border_color=&#8221;off&#8221; border_color=&#8221;#ffffff&#8221; border_style=&#8221;solid&#8221; sticky_enabled=&#8221;0&#8243;]<\/p>\n<p>Tras el alivio de las restricciones durante las vacaciones de Navidad, los contagios han vuelto a incrementarse en nuestro pa\u00eds. Ante estos datos, las Comunidades Aut\u00f3nomas ya<strong> han comenzado a tomar nuevas medidas<\/strong> para intentar frenar la propagaci\u00f3n del virus.<\/p>\n<p>Por ello, para<strong> facilitar la labor de los transportistas<\/strong>, en la Confederaci\u00f3n Espa\u00f1ola de Transporte de Mercanc\u00edas (CETM) recopilado las restricciones que afectan a los servicios de la hosteler\u00eda. Cabe destacar que<strong> la CETM ha reclamado que se tome una postura com\u00fan<\/strong> y se permita la apertura de los establecimientos ubicados en carreteras, \u00e1reas de servicio y pol\u00edgonos industriales.<\/p>\n<p>Aunque algunas han establecido excepciones para este tipo de establecimientos, otras contin\u00faan sin tener en cuenta al sector. Por ello, a continuaci\u00f3n, recopilamos toda la informaci\u00f3n al respecto. Aquellas Comunidades Aut\u00f3nomas marcadas en rojo son en las que no tenemos constancia de que se haya publicado una excepci\u00f3n.<\/p>\n<p><span style=\"color: #ff0000;\">*Actualizaci\u00f3n 20\/01 en NAVARRA y VALENCIA<\/span><\/p>\n<p><span style=\"color: #ff0000;\">\u2022 GALICIA:<\/span> El toque de queda se adelanta a las 22:00 horas a partir del viernes 15 de enero pero, adem\u00e1s, toda la hosteler\u00eda <strong>deber\u00e1 cerrar a las 18:00 horas<\/strong> y los comercios a las 21:30 horas. El presidente de la Xunta, Alberto Nu\u00f1ez Feij\u00f3o ha pedido a los gallegos m\u00e1xima prevenci\u00f3n y ha anunciado que Galicia estar\u00e1 &#8220;probablemente hasta febrero&#8221; en los niveles m\u00e1s altos de protecci\u00f3n contra el Covid-19. Adem\u00e1s, habr\u00e1 60 Ayuntamientos en la provincia que estar\u00e1n en el nivel m\u00e1ximo y esto implica que en estas zonas la hosteler\u00eda <strong>solo podr\u00e1 mantener abiertas las terrazas<\/strong> <strong>o prestar el servicio a domicilio<\/strong>. Los concellos en nivel m\u00e1ximo son: En A Coru\u00f1a:<br \/>Arteixo, Cambre, Culleredo, Oleiros, Carballo, Santiago de Compostela, Ames, Ribeira, Boiro, Rianxo, Noia, Ferrol, Nar\u00f3n, Fene, Cee, Camari\u00f1as, Cerceda, Laxe, Vimianzo, Cabanas, Pontedeume, Ortigueira, Outes, Porto do Son, A Pobra do Carami\u00f1al, Melide, Oroso, Trazo y Val do Dubra. En la provincia de Lugo: Vilalba, Viveiro y Xove. En la provincia de Ourense: Ourense, Barbad\u00e1s, Carballi\u00f1o, Ver\u00edn, Allariz, Monterrei y Xinzo de Limia. En la provincia de Pontevedra: A Estrada, Poio, Bueu, Moa\u00f1a, Baiona, Ponteareas, Redondela, A Guarda, Tomi\u00f1o, Tui, Vilagarc\u00eda, Vilanova, A Illa de Arousa, Valga, Pontecesures, Caldas de Reis, Cuntis, Oia, O Rosal y Salvaterra de Mi\u00f1o.<\/p>\n<p>\u2022 ASTURIAS: El cierre de la hosteler\u00eda <strong>se ha adelantado a las 20:00 horas<\/strong> desde el pasado 14 de enero pero, adem\u00e1s, el Principado ha publicado nuevos criterios para decretar las restricciones en los concejos de forma individualizada. Entre dichas medidas se establece la suspensi\u00f3n temporal de la apertura al p\u00fablico de la hosteler\u00eda. Sin embargo, se han establecido excepciones entre las que se encuentran los servicios de restauraci\u00f3n de los <strong>establecimientos de suministro de combustible, centros de carga y descarga o expendedores de comida preparada.<\/strong> La Resoluci\u00f3n, de 18 de enero de 2021, puede consultarse <a href=\"https:\/\/sede.asturias.es\/bopa\/2021\/01\/18\/20210118Su2.pdf\" target=\"_blank\" rel=\"noopener noreferrer\">aqu\u00ed<\/a>. Adem\u00e1s, en este mapa se<br \/>actualizan las medidas por concejos: <a href=\"https:\/\/dgspasturias.shinyapps.io\/panel_de_indicadores_asturias\/\" target=\"_blank\" rel=\"noopener noreferrer\">https:\/\/dgspasturias.shinyapps.io\/panel_de_indicadores_asturias\/<\/a> En cuanto al toque de queda, se ampl\u00eda desde las 22:00 hasta las 06:00 horas.<\/p>\n<p>\u2022 CANTABRIA: El Gobierno c\u00e1ntabro ha prorrogado un mes m\u00e1s <strong>el cierre del interior de la hosteler\u00eda<\/strong> de manera que, solo se podr\u00e1 seguir prestando servicio en terrazas hasta el pr\u00f3ximo 15 de febrero. Sin embargo,<strong> hay una excepci\u00f3n para los establecimientos de suministro de combustible, centros de carga y descarga o expendedores de comida<\/strong> preparada para dar servicio a los conductores profesionales.<\/p>\n<p><span style=\"color: #ff0000;\">\u2022 LA RIOJA<\/span>: El Gobierno riojano ha ordenado el cierre de los servicios no esenciales <strong>a las 17:00 horas<\/strong>, entre los que se incluyen bares y restaurantes al menos hasta el pr\u00f3ximo 31 de enero. Adem\u00e1s, se confina perimetralmente en una \u00fanica unidad Logro\u00f1o, Lardero y Villamediana. La Resoluci\u00f3n puede consultarse en: <a href=\"https:\/\/web.larioja.org\/bor-portada\/boranuncio?n=15117134-3-HTML-535844-X\" target=\"_blank\" rel=\"noopener noreferrer\">https:\/\/web.larioja.org\/bor-portada\/boranuncio?n=15117134-3-HTML-535844-X<\/a><\/p>\n<p>\u2022 NAVARRA: El cierre de la hosteler\u00eda se adelanta a las 21:00 horas pero, adem\u00e1s, el Gobierno navarro ha anunciado que, a<strong> partir del 23 de enero y hasta el pr\u00f3ximo 7 de febrero, no se podr\u00e1 abrir el interior<\/strong> de estos establecimientos y solo se podr\u00e1n mantener abiertas las terrazas. Nuestra asociaci\u00f3n en Navarra, ANET, nos ha adelantado que con car\u00e1cter excepcional se podr\u00e1 autorizar la apertura de los interiores de los establecimientos<strong> cuyos clientes sean trabajadores que realicen labores de transporte<\/strong>, tanto de viajeros como de mercanc\u00edas, y los establecimientos ubicados en estaciones de servicio o carretera (fuera del n\u00facleo urbano y en las principales carreteras de Navarra) que tengan aparcamiento para m\u00e1s de cinco camiones y que den servicios de comidas o cenas. En cuanto tengamos m\u00e1s datos actualizaremos la informaci\u00f3n.<\/p>\n<p>\u2022 ARAG\u00d3N: Las actividades no esenciales, entre las que se encuentra la hosteler\u00eda, deben cerrar a las 20:00 horas durante la semana y viernes, s\u00e1bados y domingos a las 18:00 horas. Si bien, <strong>los establecimientos de hosteler\u00eda y restauraci\u00f3n situados en estaciones o \u00e1reas de servicio podr\u00e1n permanecer abiertos despu\u00e9s de las 20:00 horas,<\/strong> pero ser\u00e1n de uso exclusivo para los profesionales del transporte. Cabe destacar que la Orden SAN\/1\/2021 publicada en el Bolet\u00edn Oficial de Arag\u00f3n establece que los transportistas que acudan a estos establecimientos <strong>deber\u00e1n presentar una declaraci\u00f3n responsable<\/strong> que puede descargarse en el siguiente enlace:<br \/><a href=\"https:\/\/www.cetm.es\/add\/BancoDeDocumentos\/noticias\/declaracion_responsable_aragon.docx\" target=\"_blank\" rel=\"noopener noreferrer\">https:\/\/www.cetm.es\/add\/BancoDeDocumentos\/noticias\/declaracion_responsable_aragon.docx<\/a><\/p>\n<p>\u2022 CATALU\u00d1A: de momento se ha establecido que hasta el 24 de enero los bares y restaurantes solo pueden abrir en horario de 07:30 a 09:30 horas y de 13:00 a 15:00 horas para las comidas. Para el servicio de las cenas, el horario es de 19:00 a 22:00 horas. Sin embargo, <strong>no se han establecido franjas horarias para la restauraci\u00f3n ubicada en \u00e1reas de servicio.<\/strong><\/p>\n<p><span style=\"color: #ff0000;\">\u2022 COMUNIDAD VALENCIANA:<\/span> a partir del jueves 21 de enero y durante 14 d\u00edas esta comunidad cerrar\u00e1 la hosteler\u00eda y adelanta el cierre de los comercios a las 18:00 horas. Estamos <strong>a la espera de que se publique la Resoluci\u00f3n<\/strong> y conocer si, como ha ocurrido en anteriores ocasiones, habr\u00e1 una excepci\u00f3n para los establecimientos ubicados en estaciones y \u00e1reas de servicio.<\/p>\n<p>\u2022 CASTILLA-LA MANCHA: se ha decretado el cierre de la hosteler\u00eda, pero el Gobierno castellano-manchego ha publicado <strong>una excepci\u00f3n para que los restaurantes de carretera de la regi\u00f3n puedan abrir<\/strong> y dar servicio a los\u00a0transportistas. Por otra parte, el toque de queda se ha adelantado a las 22:00 horas.<\/p>\n<p>\u2022 MADRID: La Comunidad de Madrid ha anunciado nuevas restricciones este viernes. El toque de queda se adelanta a las 23:00 horas hasta las 06:00 y la hosteler\u00eda deber\u00e1 cerrar a las 22:00 horas. Si bien, <strong>permite la apertura de los establecimientos de restauraci\u00f3n en estaciones de combustible<\/strong> y otros considerados esenciales. Las nuevas medidas pueden consultarse en:\u00a0<br \/><a href=\"http:\/\/www.bocm.es\/boletin\/CM_Boletin_BOCM\/2021\/01\/16\/01300.PDF\" target=\"_blank\" rel=\"noopener noreferrer\">http:\/\/www.bocm.es\/boletin\/CM_Boletin_BOCM\/2021\/01\/16\/01300.PDF<\/a><\/p>\n<p>\u2022 EXTREMADURA: la Junta ha establecido <strong>el<\/strong> <strong>cierre de la hosteler\u00eda<\/strong> en las localidades de m\u00e1s de 5.000 vecinos que cuenten con una incidencia de m\u00e1s de 500 casos por cada 100.000 habitantes. Esta medida afecta a: C\u00e1ceres, Badajoz, Almendralejo, Don Benito, Villanueva de la Serena, M\u00e9rida, Plasencia, Jerez de los Caballeros, Trujillo, Gaure\u00f1a, Moraleja, Arrollo de la Luz y Talavera del Real. As\u00ed como ocurre en otras comunidades, los servicios de restauraci\u00f3n ubicados en establecimientos de combustible, centros de carga y descarga o expendedores de comida, <strong>est\u00e1n exentos de esta restricci\u00f3n.<\/strong><\/p>\n<p>\u2022 CASTILLA Y LE\u00d3N: esta comunidad ha ordenado el cierre del interior de bares y restaurantes hasta el pr\u00f3ximo 26 de enero. Si bien, <strong>se ha establecido una excepci\u00f3n para los restaurantes de hoteles y alojamientos tur\u00edsticos, centros sanitarios, centros de trabajo y gasolineras<\/strong>.<\/p>\n<p><span style=\"color: #ff0000;\">\u2022 MURCIA:<\/span> se ha decretado <strong>el cierre de bares y restaurantes en los<\/strong> municipios de la Regi\u00f3n que se encuentran en nivel extremo y que en total suman 36: Moratalla, Fortuna, Abanilla, Jumilla, Mula, Caravaca de la Cruz, La Uni\u00f3n, Ricote, Yecla, Albudeite, Santomera, Lorqu\u00ed, Villanueva del R\u00edo Segura, Murcia, Las Torres de Cotillas, Cartagena, Molina de Segura, Alguazas, Pliego, Blanca, Lorca, Los Alc\u00e1zares, Campos del R\u00edo, Cieza, San Pedro del Pinatar, Bullas, Torre Pacheco, San Javier, \u00c1guilas, Abar\u00e1n, Ulea, Alcantarilla, Ceut\u00ed,<br \/>Fuente \u00c1lamo, Ceheg\u00edn y Archena.<\/p>\n<p>\u2022 ANDALUC\u00cdA: los comercios y servicios no esenciales deben cerrar en la Comunidad andaluza a las 20:00 horas. Sin embargo, la Junta <strong>s\u00ed que ha incluido en las excepciones a los servicios de restauraci\u00f3n que se ubican en los establecimientos de combustible, centros de carga y descarga o los expendedores de comida preparada<\/strong>, con el objetivo de facilitar la actividad de los profesionales del sector del transporte.<\/p>\n<p><span style=\"color: #ff0000;\">\u2022 ISLAS BALEARES:<\/span> la hosteler\u00eda permanece <strong>cerrada en Mallorca e Ibiza<\/strong> y solo se permite el servicio de comida para llevar hasta las 22:00 horas, momento en el que se inicia el toque de queda.<\/p>\n<p>[\/et_pb_text][\/et_pb_column][et_pb_column type=&#8221;1_3&#8243; _builder_version=&#8221;3.25&#8243; custom_padding=&#8221;|||&#8221; custom_padding__hover=&#8221;|||&#8221;][et_pb_image src=&#8221;https:\/\/cetm-madrid.es\/web\/wp-content\/uploads\/2020\/11\/Dise\u00f1o-sin-t\u00edtulo-11.png&#8221; align_tablet=&#8221;center&#8221; align_last_edited=&#8221;on|desktop&#8221; admin_label=&#8221;Imagen&#8221; _builder_version=&#8221;4.7.7&#8243; animation_style=&#8221;slide&#8221; animation_direction=&#8221;left&#8221; animation_duration=&#8221;500ms&#8221; animation_intensity_slide=&#8221;10%&#8221; hover_enabled=&#8221;0&#8243; use_border_color=&#8221;off&#8221; border_color=&#8221;#ffffff&#8221; border_style=&#8221;solid&#8221; animation=&#8221;left&#8221; sticky=&#8221;off&#8221; always_center_on_mobile=&#8221;on&#8221; title_text=&#8221;Dise\u00f1o sin t\u00edtulo (11)&#8221; sticky_enabled=&#8221;0&#8243;][\/et_pb_image][\/et_pb_column][\/et_pb_row][\/et_pb_section]<\/p>\n","protected":false},"excerpt":{"rendered":"<p>Tras el alivio de las restricciones durante las vacaciones de Navidad, los contagios han vuelto a incrementarse en nuestro pa\u00eds. Ante estos datos, las Comunidades Aut\u00f3nomas ya han comenzado a tomar nuevas medidas para intentar frenar la propagaci\u00f3n del virus. Por ello, para facilitar la labor de los transportistas, en la Confederaci\u00f3n Espa\u00f1ola de Transporte [&hellip;]<\/p>\n","protected":false},"author":1,"featured_media":6733,"comment_status":"closed","ping_status":"open","sticky":false,"template":"","format":"standard","meta":{"_et_pb_use_builder":"on","_et_pb_old_content":"","_et_gb_content_width":"","footnotes":""},"categories":[5,4],"tags":[],"class_list":["post-7322","post","type-post","status-publish","format-standard","has-post-thumbnail","hentry","category-general","category-organizacion"],"_links":{"self":[{"href":"https:\/\/cetm-madrid.es\/web\/wp-json\/wp\/v2\/posts\/7322","targetHints":{"allow":["GET"]}}],"collection":[{"href":"https:\/\/cetm-madrid.es\/web\/wp-json\/wp\/v2\/posts"}],"about":[{"href":"https:\/\/cetm-madrid.es\/web\/wp-json\/wp\/v2\/types\/post"}],"author":[{"embeddable":true,"href":"https:\/\/cetm-madrid.es\/web\/wp-json\/wp\/v2\/users\/1"}],"replies":[{"embeddable":true,"href":"https:\/\/cetm-madrid.es\/web\/wp-json\/wp\/v2\/comments?post=7322"}],"version-history":[{"count":2,"href":"https:\/\/cetm-madrid.es\/web\/wp-json\/wp\/v2\/posts\/7322\/revisions"}],"predecessor-version":[{"id":7325,"href":"https:\/\/cetm-madrid.es\/web\/wp-json\/wp\/v2\/posts\/7322\/revisions\/7325"}],"wp:featuredmedia":[{"embeddable":true,"href":"https:\/\/cetm-madrid.es\/web\/wp-json\/wp\/v2\/media\/6733"}],"wp:attachment":[{"href":"https:\/\/cetm-madrid.es\/web\/wp-json\/wp\/v2\/media?parent=7322"}],"wp:term":[{"taxonomy":"category","embeddable":true,"href":"https:\/\/cetm-madrid.es\/web\/wp-json\/wp\/v2\/categories?post=7322"},{"taxonomy":"post_tag","embeddable":true,"href":"https:\/\/cetm-madrid.es\/web\/wp-json\/wp\/v2\/tags?post=7322"}],"curies":[{"name":"wp","href":"https:\/\/api.w.org\/{rel}","templated":true}]}}