{"id":7298,"date":"2021-01-18T18:02:29","date_gmt":"2021-01-18T18:02:29","guid":{"rendered":"https:\/\/cetm-madrid.es\/web\/?p=7298"},"modified":"2021-01-19T18:08:06","modified_gmt":"2021-01-19T18:08:06","slug":"cetm-madrid-pide-a-la-comunidad-de-madrid-que-considere-a-los-transportistas-profesionales-como-personal-de-prioridad-para-ser-vacunados-en-la-primera-etapa","status":"publish","type":"post","link":"https:\/\/cetm-madrid.es\/web\/cetm-madrid-pide-a-la-comunidad-de-madrid-que-considere-a-los-transportistas-profesionales-como-personal-de-prioridad-para-ser-vacunados-en-la-primera-etapa\/","title":{"rendered":"CETM-Madrid pide a la Comunidad de Madrid que considere a los transportistas profesionales como personal de prioridad para ser vacunados en la primera etapa"},"content":{"rendered":"<p>[et_pb_section fb_built=&#8221;1&#8243; admin_label=&#8221;section&#8221; _builder_version=&#8221;3.22&#8243;][et_pb_row column_structure=&#8221;2_3,1_3&#8243; admin_label=&#8221;row&#8221; _builder_version=&#8221;3.25&#8243; background_size=&#8221;initial&#8221; background_position=&#8221;top_left&#8221; background_repeat=&#8221;repeat&#8221;][et_pb_column type=&#8221;2_3&#8243; _builder_version=&#8221;3.25&#8243; custom_padding=&#8221;|||&#8221; custom_padding__hover=&#8221;|||&#8221;][et_pb_text admin_label=&#8221;Texto&#8221; _builder_version=&#8221;4.7.7&#8243; background_size=&#8221;initial&#8221; background_position=&#8221;top_left&#8221; background_repeat=&#8221;repeat&#8221; text_orientation=&#8221;justified&#8221; hover_enabled=&#8221;0&#8243; use_border_color=&#8221;off&#8221; border_color=&#8221;#ffffff&#8221; border_style=&#8221;solid&#8221; sticky_enabled=&#8221;0&#8243;]<\/p>\n<p style=\"text-align: left;\"><em>\u2022 La patronal del transporte de mercanc\u00edas por carreta de la Comunidad madrile\u00f1a considera que estos profesionales est\u00e1n<\/em><br \/><em> sometidos a una gran exposici\u00f3n al virus<\/em><\/p>\n<p><strong>Madrid, 18 de enero de 2020<\/strong>.- CETM-Madrid reclama a la Comunidad de Madrid (CAM) que considere a los transportistas y conductores profesionales como personal de prioridad para ser vacunados con el grupo de personas de la primera etapa, despu\u00e9s de<br \/>los residentes y personal sanitario y sociosanitario que trabaja en centros de personas mayores y de atenci\u00f3n a grandes dependientes y del personal sanitario de primera l\u00ednea en el \u00e1mbito sanitario y sociosanitario.<\/p>\n<p>Esta organizaci\u00f3n empresarial, que representa al sector del transporte de mercanc\u00edas por carreta de la Comunidad madrile\u00f1a, considera que desde que se dio por iniciada la pandemia los profesionales del transporte de mercanc\u00edas por carretera se encuentra<br \/>sometido a una gran exposici\u00f3n al virus, debido a su alta y constante movilidad.<\/p>\n<p>Adem\u00e1s, se trata de un sector considerado por todas las administraciones como esencial durante la pandemia y que ha posibilitado que la poblaci\u00f3n espa\u00f1ola haya estado abastecida a pesar de las condiciones sanitarias, laborales y econ\u00f3micas en las que estos profesionales han tenido que desarrollar su funci\u00f3n fundamental.<\/p>\n<p>Si a ello se a\u00f1ade que los transportistas y conductores profesionales est\u00e1n expuestos a posibles contagios por la postura insolidaria de algunos cargadores al obligarles a realizar las labores de carga y descarga de las mercanc\u00edas en sus instalaciones, la situaci\u00f3n sanitaria de estos profesionales se hace mucho m\u00e1s compleja.<\/p>\n<p>Por todo ello, desde CETM-Madrid se reclama a la Comunidad de Madrid a que el sector del transporte de mercanc\u00edas por carretera sea considerado como prioritario dentro del grupo de persona s a vacunar en la primera etapa en el protocolo de vacunaci\u00f3n frente a COVID-19 de la Administraci\u00f3n auton\u00f3mica.<\/p>\n<p>Esta organizaci\u00f3n empresarial considera muy importante que los sanitarios de residencias de ancianos o de complejos hospitalarios, junto a residentes de geri\u00e1tricos, sean los primeros en la lista de vacunaci\u00f3n. Pero tambi\u00e9n estima que despu\u00e9s de vacunar a esos colectivos, el transporte de mercanc\u00edas por carretera sea vacunado de forma preferente ante los riesgos reales de contagios, a fin de poder continuar desarrollando su labor de abastecimiento a toda la sociedad con unas m\u00ednimas garant\u00edas sanitarias.<\/p>\n<p>Si la Comunidad de Madrid describe la vacunaci\u00f3n frente a la COVID-19 como \u201cla \u00fanica alternativa para superar a corto y medio plazo la pandemia que lleva de evoluci\u00f3n en nuestro pa\u00eds desde marzo del 2020\u201d (Introducci\u00f3n del Documento informativo de vacunaci\u00f3n frente a COVID-19), CETM-Madrid insta a los dirigentes de la CAM a que tengan en cuenta la necesidad del trabajo de los\u00a0 transportistas y su alto riesgo de contagio para incorporarlos, de forma inminente a la lista de la primera tanda de vacunaci\u00f3n.<\/p>\n<p>[\/et_pb_text][\/et_pb_column][et_pb_column type=&#8221;1_3&#8243; _builder_version=&#8221;3.25&#8243; custom_padding=&#8221;|||&#8221; custom_padding__hover=&#8221;|||&#8221;][et_pb_image src=&#8221;https:\/\/cetm-madrid.es\/web\/wp-content\/uploads\/2020\/05\/Captura-8.jpg&#8221; title_text=&#8221;Captura&#8221; align_tablet=&#8221;center&#8221; align_phone=&#8221;&#8221; align_last_edited=&#8221;on|desktop&#8221; admin_label=&#8221;Imagen&#8221; _builder_version=&#8221;4.7.7&#8243; animation_style=&#8221;slide&#8221; animation_direction=&#8221;left&#8221; animation_duration=&#8221;500ms&#8221; animation_intensity_slide=&#8221;10%&#8221; use_border_color=&#8221;off&#8221; border_color=&#8221;#ffffff&#8221; border_style=&#8221;solid&#8221; animation=&#8221;left&#8221; sticky=&#8221;off&#8221; always_center_on_mobile=&#8221;on&#8221;][\/et_pb_image][\/et_pb_column][\/et_pb_row][\/et_pb_section]<\/p>\n","protected":false},"excerpt":{"rendered":"<p>\u2022 La patronal del transporte de mercanc\u00edas por carreta de la Comunidad madrile\u00f1a considera que estos profesionales est\u00e1n sometidos a una gran exposici\u00f3n al virus Madrid, 18 de enero de 2020.- CETM-Madrid reclama a la Comunidad de Madrid (CAM) que considere a los transportistas y conductores profesionales como personal de prioridad para ser vacunados con [&hellip;]<\/p>\n","protected":false},"author":1,"featured_media":5187,"comment_status":"closed","ping_status":"open","sticky":false,"template":"","format":"standard","meta":{"_et_pb_use_builder":"on","_et_pb_old_content":"","_et_gb_content_width":"","footnotes":""},"categories":[5,4],"tags":[],"class_list":["post-7298","post","type-post","status-publish","format-standard","has-post-thumbnail","hentry","category-general","category-organizacion"],"_links":{"self":[{"href":"https:\/\/cetm-madrid.es\/web\/wp-json\/wp\/v2\/posts\/7298","targetHints":{"allow":["GET"]}}],"collection":[{"href":"https:\/\/cetm-madrid.es\/web\/wp-json\/wp\/v2\/posts"}],"about":[{"href":"https:\/\/cetm-madrid.es\/web\/wp-json\/wp\/v2\/types\/post"}],"author":[{"embeddable":true,"href":"https:\/\/cetm-madrid.es\/web\/wp-json\/wp\/v2\/users\/1"}],"replies":[{"embeddable":true,"href":"https:\/\/cetm-madrid.es\/web\/wp-json\/wp\/v2\/comments?post=7298"}],"version-history":[{"count":3,"href":"https:\/\/cetm-madrid.es\/web\/wp-json\/wp\/v2\/posts\/7298\/revisions"}],"predecessor-version":[{"id":7303,"href":"https:\/\/cetm-madrid.es\/web\/wp-json\/wp\/v2\/posts\/7298\/revisions\/7303"}],"wp:featuredmedia":[{"embeddable":true,"href":"https:\/\/cetm-madrid.es\/web\/wp-json\/wp\/v2\/media\/5187"}],"wp:attachment":[{"href":"https:\/\/cetm-madrid.es\/web\/wp-json\/wp\/v2\/media?parent=7298"}],"wp:term":[{"taxonomy":"category","embeddable":true,"href":"https:\/\/cetm-madrid.es\/web\/wp-json\/wp\/v2\/categories?post=7298"},{"taxonomy":"post_tag","embeddable":true,"href":"https:\/\/cetm-madrid.es\/web\/wp-json\/wp\/v2\/tags?post=7298"}],"curies":[{"name":"wp","href":"https:\/\/api.w.org\/{rel}","templated":true}]}}