{"id":7289,"date":"2021-01-18T07:03:41","date_gmt":"2021-01-18T07:03:41","guid":{"rendered":"https:\/\/cetm-madrid.es\/web\/?p=7289"},"modified":"2021-01-19T07:49:53","modified_gmt":"2021-01-19T07:49:53","slug":"informacion-sobre-el-estado-de-las-vias-y-la-prevision-meteorologica","status":"publish","type":"post","link":"https:\/\/cetm-madrid.es\/web\/informacion-sobre-el-estado-de-las-vias-y-la-prevision-meteorologica\/","title":{"rendered":"Informaci\u00f3n sobre el estado de las v\u00edas y la previsi\u00f3n meteorol\u00f3gica"},"content":{"rendered":"<p>[et_pb_section fb_built=&#8221;1&#8243; admin_label=&#8221;section&#8221; _builder_version=&#8221;3.22&#8243;][et_pb_row admin_label=&#8221;row&#8221; _builder_version=&#8221;3.25&#8243; background_size=&#8221;initial&#8221; background_position=&#8221;top_left&#8221; background_repeat=&#8221;repeat&#8221; column_structure=&#8221;2_3,1_3&#8243;][et_pb_column type=&#8221;2_3&#8243; _builder_version=&#8221;3.25&#8243; custom_padding=&#8221;|||&#8221; custom_padding__hover=&#8221;|||&#8221;][et_pb_text admin_label=&#8221;Texto&#8221; _builder_version=&#8221;4.7.7&#8243; background_size=&#8221;initial&#8221; background_position=&#8221;top_left&#8221; background_repeat=&#8221;repeat&#8221; text_orientation=&#8221;justified&#8221; hover_enabled=&#8221;0&#8243; use_border_color=&#8221;off&#8221; border_color=&#8221;#ffffff&#8221; border_style=&#8221;solid&#8221; sticky_enabled=&#8221;0&#8243;]<\/p>\n<p>Tras la fuerte bajada de temperaturas y heladas generalizadas en gran parte de la Pen\u00ednsula, se espera que la tendencia cambie a partir del martes y una borrasca atl\u00e1ntica provoque <strong>precipitaciones en forma de lluvia el mi\u00e9rcoles 20 de enero<\/strong>.<\/p>\n<p>La Agencia Estatal de Meteorolog\u00eda (AEMET) prev\u00e9 que <strong>las lluvias contin\u00faen durante el jueves y el viernes<\/strong> y se mantenga un flujo c\u00e1lido del suroeste que provocar\u00e1 un aumento de las temperaturas, dando lugar a valores m\u00e1s altos de lo habitual en estas fechas.<\/p>\n<p>Se espera que las lluvias y el aumento de las temperaturas provoquen la fusi\u00f3n de la nieve acumulada tras el paso de la borrasca Filomena y, en consecuencia, <strong>aumente el caudal de los r\u00edos<\/strong>, especialmente aquellos que mantienen en sus cuencas grandes extensiones de nieve como el Tajo, el Duero y el Ebro.<\/p>\n<p>Ante la crecida de los caudales, <strong>algunas zonas pueden sufrir desbordamientos e inundaciones<\/strong>. Adem\u00e1s, Protecci\u00f3n Civil alerta sobre los riesgos del desprendimiento de rocas, por lo que hay que tener <strong>especial precauci\u00f3n en las zonas monta\u00f1osas<\/strong>.<\/p>\n<p>En cuanto al estado de las carreteras, la Direcci\u00f3n General de Tr\u00e1fico (DGT) se\u00f1ala que al menos <strong>186 v\u00edas contin\u00faan afectadas por hielo y nieve<\/strong>. En la red principal, las cadenas son obligatorias en la CM-43 a la altura de Illescas (Toledo). En la red secundaria, hay 12 v\u00edas cortadas y en 17 el uso de las cadenas es obligatorio. Las comunidades m\u00e1s afectadas son<strong> Castilla-La Mancha, Arag\u00f3n y la<\/strong><br \/><strong>Comunidad Valenciana<\/strong>.<\/p>\n<p>Como viene siendo habitual, recordamos los enlaces de inter\u00e9s a la hora de planificar la ruta:<\/p>\n<p>\u2022 Carreteras afectadas por hielo y nieve:<br \/><a href=\"http:\/\/www.dgt.es\/boletin\/CarreterasAfectadasVI.pdf\" target=\"_blank\" rel=\"noopener noreferrer\">http:\/\/www.dgt.es\/boletin\/CarreterasAfectadasVI.pdf<\/a><\/p>\n<p>\u2022 Mapa de incidencias invernales:<br \/>http:\/\/infocar.dgt.es\/etraffic\/Buscador?Camaras=true&amp;SensoresMeteorologico=true&amp;SensoresTrafico=true&amp;Paneles=true&amp;Radares=true&amp;IncidenciasMETEOROLOGICA=true&amp;IncidenciasPUERTOS=true&amp;provincia=77&amp;version=mapa<\/p>\n<p>\u2022 Mapa del tr\u00e1fico: <a href=\"http:\/\/infocar.dgt.es\/etraffic\/\" target=\"_blank\" rel=\"noopener noreferrer\">http:\/\/infocar.dgt.es\/etraffic\/<\/a><\/p>\n<p>\u2022 Consejos para conducir con lluvia:<br \/><a href=\"http:\/\/revista.dgt.es\/es\/motor\/noticias\/2020\/10OCTUBRE\/1022-ConducirLluvia.shtml#.YAVwj-hKgdV\" target=\"_blank\" rel=\"noopener noreferrer\">http:\/\/revista.dgt.es\/es\/motor\/noticias\/2020\/10OCTUBRE\/1022-ConducirLluvia.shtml#.YAVwj-hKgdV<\/a><\/p>\n<p>\u2022 Predicci\u00f3n meteorol\u00f3gica:<br \/><a href=\"http:\/\/www.aemet.es\/es\/eltiempo\/prediccion\/avisos\" target=\"_blank\" rel=\"noopener noreferrer\">http:\/\/www.aemet.es\/es\/eltiempo\/prediccion\/avisos<\/a><\/p>\n<p>Asimismo, les mantendremos informados <strong>a trav\u00e9s de<\/strong> <a href=\"https:\/\/www.cetm.es\/\" target=\"_blank\" rel=\"noopener noreferrer\"><span style=\"text-decoration: underline;\"><strong>nuestra p\u00e1gina web<\/strong><\/span><\/a> y de nuestras redes sociales, <a href=\"https:\/\/twitter.com\/CetmTransporte\" target=\"_blank\" rel=\"noopener noreferrer\">Twitter<\/a> y <a href=\"https:\/\/www.facebook.com\/cetmtransporte\/\" target=\"_blank\" rel=\"noopener noreferrer\">Facebook<\/a>.<\/p>\n<p>[\/et_pb_text][\/et_pb_column][et_pb_column type=&#8221;1_3&#8243; _builder_version=&#8221;3.25&#8243; custom_padding=&#8221;|||&#8221; custom_padding__hover=&#8221;|||&#8221;][et_pb_image src=&#8221;https:\/\/cetm-madrid.es\/web\/wp-content\/uploads\/2020\/10\/AUTOPISTA.png&#8221; align_tablet=&#8221;center&#8221; align_last_edited=&#8221;on|desktop&#8221; admin_label=&#8221;Imagen&#8221; _builder_version=&#8221;4.7.7&#8243; animation_style=&#8221;slide&#8221; animation_direction=&#8221;left&#8221; animation_duration=&#8221;500ms&#8221; animation_intensity_slide=&#8221;10%&#8221; hover_enabled=&#8221;0&#8243; use_border_color=&#8221;off&#8221; border_color=&#8221;#ffffff&#8221; border_style=&#8221;solid&#8221; animation=&#8221;left&#8221; sticky=&#8221;off&#8221; always_center_on_mobile=&#8221;on&#8221; title_text=&#8221;AUTOPISTA&#8221; sticky_enabled=&#8221;0&#8243;][\/et_pb_image][et_pb_button _builder_version=&#8221;4.7.7&#8243; _module_preset=&#8221;default&#8221; button_text=&#8221;PDF&#8221; button_url=&#8221;https:\/\/cetm-madrid.es\/web\/wp-content\/uploads\/2021\/01\/CarreterasAfectadasVI.pdf&#8221; hover_enabled=&#8221;0&#8243; sticky_enabled=&#8221;0&#8243;][\/et_pb_button][\/et_pb_column][\/et_pb_row][\/et_pb_section]<\/p>\n","protected":false},"excerpt":{"rendered":"<p>Tras la fuerte bajada de temperaturas y heladas generalizadas en gran parte de la Pen\u00ednsula, se espera que la tendencia cambie a partir del martes y una borrasca atl\u00e1ntica provoque precipitaciones en forma de lluvia el mi\u00e9rcoles 20 de enero. La Agencia Estatal de Meteorolog\u00eda (AEMET) prev\u00e9 que las lluvias contin\u00faen durante el jueves y [&hellip;]<\/p>\n","protected":false},"author":1,"featured_media":6359,"comment_status":"closed","ping_status":"open","sticky":false,"template":"","format":"standard","meta":{"_et_pb_use_builder":"on","_et_pb_old_content":"","_et_gb_content_width":"","footnotes":""},"categories":[5,4],"tags":[],"class_list":["post-7289","post","type-post","status-publish","format-standard","has-post-thumbnail","hentry","category-general","category-organizacion"],"_links":{"self":[{"href":"https:\/\/cetm-madrid.es\/web\/wp-json\/wp\/v2\/posts\/7289","targetHints":{"allow":["GET"]}}],"collection":[{"href":"https:\/\/cetm-madrid.es\/web\/wp-json\/wp\/v2\/posts"}],"about":[{"href":"https:\/\/cetm-madrid.es\/web\/wp-json\/wp\/v2\/types\/post"}],"author":[{"embeddable":true,"href":"https:\/\/cetm-madrid.es\/web\/wp-json\/wp\/v2\/users\/1"}],"replies":[{"embeddable":true,"href":"https:\/\/cetm-madrid.es\/web\/wp-json\/wp\/v2\/comments?post=7289"}],"version-history":[{"count":2,"href":"https:\/\/cetm-madrid.es\/web\/wp-json\/wp\/v2\/posts\/7289\/revisions"}],"predecessor-version":[{"id":7293,"href":"https:\/\/cetm-madrid.es\/web\/wp-json\/wp\/v2\/posts\/7289\/revisions\/7293"}],"wp:featuredmedia":[{"embeddable":true,"href":"https:\/\/cetm-madrid.es\/web\/wp-json\/wp\/v2\/media\/6359"}],"wp:attachment":[{"href":"https:\/\/cetm-madrid.es\/web\/wp-json\/wp\/v2\/media?parent=7289"}],"wp:term":[{"taxonomy":"category","embeddable":true,"href":"https:\/\/cetm-madrid.es\/web\/wp-json\/wp\/v2\/categories?post=7289"},{"taxonomy":"post_tag","embeddable":true,"href":"https:\/\/cetm-madrid.es\/web\/wp-json\/wp\/v2\/tags?post=7289"}],"curies":[{"name":"wp","href":"https:\/\/api.w.org\/{rel}","templated":true}]}}