{"id":7258,"date":"2021-01-13T07:19:22","date_gmt":"2021-01-13T07:19:22","guid":{"rendered":"https:\/\/cetm-madrid.es\/web\/?p=7258"},"modified":"2021-01-15T07:30:00","modified_gmt":"2021-01-15T07:30:00","slug":"al-menos-450-carreteras-continuan-afectadas-por-nieve-y-hielo","status":"publish","type":"post","link":"https:\/\/cetm-madrid.es\/web\/al-menos-450-carreteras-continuan-afectadas-por-nieve-y-hielo\/","title":{"rendered":"Al menos 450 carreteras contin\u00faan afectadas por nieve y hielo"},"content":{"rendered":"<p>[et_pb_section fb_built=&#8221;1&#8243; admin_label=&#8221;section&#8221; _builder_version=&#8221;3.22&#8243;][et_pb_row admin_label=&#8221;row&#8221; _builder_version=&#8221;3.25&#8243; background_size=&#8221;initial&#8221; background_position=&#8221;top_left&#8221; background_repeat=&#8221;repeat&#8221; column_structure=&#8221;2_3,1_3&#8243;][et_pb_column type=&#8221;2_3&#8243; _builder_version=&#8221;3.25&#8243; custom_padding=&#8221;|||&#8221; custom_padding__hover=&#8221;|||&#8221;][et_pb_text admin_label=&#8221;Texto&#8221; _builder_version=&#8221;4.7.7&#8243; background_size=&#8221;initial&#8221; background_position=&#8221;top_left&#8221; background_repeat=&#8221;repeat&#8221; text_orientation=&#8221;justified&#8221; hover_enabled=&#8221;0&#8243; use_border_color=&#8221;off&#8221; border_color=&#8221;#ffffff&#8221; border_style=&#8221;solid&#8221; sticky_enabled=&#8221;0&#8243;]<\/p>\n<p>El Ministerio del Interior ha informado esta ma\u00f1ana que todav\u00eda hay al menos 450 carreteras afectadas por hielo y nieve.<\/p>\n<p>En la red principal, <strong>las mayores complicaciones se est\u00e1n registrando en la provincia de Toledo<\/strong>: est\u00e1 cortada al tr\u00e1fico la CM-43 a la altura de Illescas y el uso de cadenas es obligatorio en la CM-41 a la altura de Cedillo del Condado. En la red secundaria <strong>hay 76 v\u00edas cortadas<\/strong> y en 92 es obligatorio el uso de cadenas.\u00a0<\/p>\n<p>La Agencia Estatal de Meteorolog\u00eda (AEMET) mantiene la <span style=\"text-decoration: underline;\"><strong>alerta roja<\/strong> <\/span>por temperaturas m\u00ednimas (de -18 a -20\u00baC) en <strong>Zaragoza, Teruel y Guadalajara<\/strong>. En nivel naranja por m\u00ednimas de hasta -10\u00baC se encuentran las provincias de Soria, Zaragoza, Albacete, Cuenca, Guadalajara, Toledo y Madrid.<\/p>\n<p>Desde la CETM recordamos <strong>los enlaces que resultan de inter\u00e9s<\/strong> y pedimos precauci\u00f3n a la hora de circular:<\/p>\n<p>\u2022 Mapa de incidencias invernales en tiempo real:<br \/><a href=\"http:\/\/infocar.dgt.es\/etraffic\/Buscador?Camaras=true&amp;SensoresMeteorologico=true&amp;SensoresTrafico=true&amp;Paneles=true&amp;Radares=true&amp;IncidenciasMETEOROLOGICA=true&amp;IncidenciasPUERTOS=true&amp;provincia=77&amp;version=mapa\" target=\"_blank\" rel=\"noopener noreferrer\">http:\/\/infocar.dgt.es\/etraffic\/Buscador?Camaras=true&amp;SensoresMeteorologico=true&amp;SensoresTrafico=true&amp;Paneles=true&amp;Radares=true&amp;IncidenciasMETEOROLOGICA=true&amp;IncidenciasPUERTOS=true&amp;provincia=77&amp;version=mapa<\/a><\/p>\n<p>\u2022 Carreteras afectadas por hielo y nieve:<br \/><a href=\"http:\/\/www.dgt.es\/boletin\/CarreterasAfectadasVI.pdf\" target=\"_blank\" rel=\"noopener noreferrer\">http:\/\/www.dgt.es\/boletin\/CarreterasAfectadasVI.pdf<\/a><\/p>\n<p>\u2022 Avisos de la AEMET: <a href=\"http:\/\/www.aemet.es\/es\/eltiempo\/prediccion\/avisos\" target=\"_blank\" rel=\"noopener noreferrer\">http:\/\/www.aemet.es\/es\/eltiempo\/prediccion\/avisos<\/a><\/p>\n<p>\u2022 Mapa de calles limpias de nieve en Madrid:<br \/><a href=\"https:\/\/experience.arcgis.com\/experience\/9664d058faf44c1b8d0b5ed189b1c8a4\" target=\"_blank\" rel=\"noopener noreferrer\">https:\/\/experience.arcgis.com\/experience\/9664d058faf44c1b8d0b5ed189b1c8a4<\/a><\/p>\n<p>\u2022 Recomendaciones de la DGT para conducir con nieve o hielo:<br \/><a href=\"http:\/\/revista.dgt.es\/es\/multimedia\/infografia-animada\/2020\/0211-Quehacer-en-caso-de-hielo-o-nieve.shtml#.X_7M1uhKhPZ\" target=\"_blank\" rel=\"noopener noreferrer\">http:\/\/revista.dgt.es\/es\/multimedia\/infografia-animada\/2020\/0211-Quehacer-en-caso-de-hielo-o-nieve.shtml#.X_7M1uhKhPZ<\/a><\/p>\n<p>\u2022 C\u00f3mo quitar el hielo del parabrisas:<br \/><a href=\"http:\/\/revista.dgt.es\/es\/motor\/noticias\/2020\/12DICIEMBRE\/1221-ParabrisasInvierno.shtml#.X_7M7ehKhPZ\" target=\"_blank\" rel=\"noopener noreferrer\">http:\/\/revista.dgt.es\/es\/motor\/noticias\/2020\/12DICIEMBRE\/1221-ParabrisasInvierno.shtml#.X_7M7ehKhPZ<\/a><\/p>\n<p>Adem\u00e1s, seguiremos inform\u00e1ndoles a trav\u00e9s de nuestros perfiles en redes sociales,<br \/><a href=\"https:\/\/www.facebook.com\/cetmtransporte\/\" target=\"_blank\" rel=\"noopener noreferrer\">Facebook<\/a> y <a href=\"https:\/\/twitter.com\/CetmTransporte\" target=\"_blank\" rel=\"noopener noreferrer\">Twitter<\/a>, y nuestra p\u00e1gina web: <a href=\"https:\/\/www.cetm.es\/\" target=\"_blank\" rel=\"noopener noreferrer\">www.cetm.es<\/a><\/p>\n<p>[\/et_pb_text][\/et_pb_column][et_pb_column type=&#8221;1_3&#8243; _builder_version=&#8221;3.25&#8243; custom_padding=&#8221;|||&#8221; custom_padding__hover=&#8221;|||&#8221;][et_pb_image src=&#8221;https:\/\/cetm-madrid.es\/web\/wp-content\/uploads\/2020\/12\/Dise\u00f1o-sin-t\u00edtulo-16.png&#8221; align_tablet=&#8221;center&#8221; align_last_edited=&#8221;on|desktop&#8221; admin_label=&#8221;Imagen&#8221; _builder_version=&#8221;4.7.7&#8243; animation_style=&#8221;slide&#8221; animation_direction=&#8221;left&#8221; animation_duration=&#8221;500ms&#8221; animation_intensity_slide=&#8221;10%&#8221; hover_enabled=&#8221;0&#8243; use_border_color=&#8221;off&#8221; border_color=&#8221;#ffffff&#8221; border_style=&#8221;solid&#8221; animation=&#8221;left&#8221; sticky=&#8221;off&#8221; always_center_on_mobile=&#8221;on&#8221; title_text=&#8221;Dise\u00f1o sin t\u00edtulo (16)&#8221; sticky_enabled=&#8221;0&#8243;][\/et_pb_image][et_pb_button _builder_version=&#8221;4.7.7&#8243; _module_preset=&#8221;default&#8221; button_text=&#8221;CARRETERAS AFECTADAS&#8221; hover_enabled=&#8221;0&#8243; sticky_enabled=&#8221;0&#8243; button_url=&#8221;https:\/\/cetm-madrid.es\/web\/wp-content\/uploads\/2021\/01\/CarreterasAfectadasVI-5.pdf&#8221; url_new_window=&#8221;on&#8221;][\/et_pb_button][\/et_pb_column][\/et_pb_row][\/et_pb_section]<\/p>\n","protected":false},"excerpt":{"rendered":"<p>El Ministerio del Interior ha informado esta ma\u00f1ana que todav\u00eda hay al menos 450 carreteras afectadas por hielo y nieve. En la red principal, las mayores complicaciones se est\u00e1n registrando en la provincia de Toledo: est\u00e1 cortada al tr\u00e1fico la CM-43 a la altura de Illescas y el uso de cadenas es obligatorio en la [&hellip;]<\/p>\n","protected":false},"author":1,"featured_media":6958,"comment_status":"closed","ping_status":"open","sticky":false,"template":"","format":"standard","meta":{"_et_pb_use_builder":"on","_et_pb_old_content":"","_et_gb_content_width":"","footnotes":""},"categories":[5,4],"tags":[],"class_list":["post-7258","post","type-post","status-publish","format-standard","has-post-thumbnail","hentry","category-general","category-organizacion"],"_links":{"self":[{"href":"https:\/\/cetm-madrid.es\/web\/wp-json\/wp\/v2\/posts\/7258","targetHints":{"allow":["GET"]}}],"collection":[{"href":"https:\/\/cetm-madrid.es\/web\/wp-json\/wp\/v2\/posts"}],"about":[{"href":"https:\/\/cetm-madrid.es\/web\/wp-json\/wp\/v2\/types\/post"}],"author":[{"embeddable":true,"href":"https:\/\/cetm-madrid.es\/web\/wp-json\/wp\/v2\/users\/1"}],"replies":[{"embeddable":true,"href":"https:\/\/cetm-madrid.es\/web\/wp-json\/wp\/v2\/comments?post=7258"}],"version-history":[{"count":2,"href":"https:\/\/cetm-madrid.es\/web\/wp-json\/wp\/v2\/posts\/7258\/revisions"}],"predecessor-version":[{"id":7262,"href":"https:\/\/cetm-madrid.es\/web\/wp-json\/wp\/v2\/posts\/7258\/revisions\/7262"}],"wp:featuredmedia":[{"embeddable":true,"href":"https:\/\/cetm-madrid.es\/web\/wp-json\/wp\/v2\/media\/6958"}],"wp:attachment":[{"href":"https:\/\/cetm-madrid.es\/web\/wp-json\/wp\/v2\/media?parent=7258"}],"wp:term":[{"taxonomy":"category","embeddable":true,"href":"https:\/\/cetm-madrid.es\/web\/wp-json\/wp\/v2\/categories?post=7258"},{"taxonomy":"post_tag","embeddable":true,"href":"https:\/\/cetm-madrid.es\/web\/wp-json\/wp\/v2\/tags?post=7258"}],"curies":[{"name":"wp","href":"https:\/\/api.w.org\/{rel}","templated":true}]}}