{"id":7227,"date":"2021-01-10T17:37:25","date_gmt":"2021-01-10T17:37:25","guid":{"rendered":"https:\/\/cetm-madrid.es\/web\/?p=7227"},"modified":"2021-01-11T17:56:57","modified_gmt":"2021-01-11T17:56:57","slug":"cataluna-permitira-la-circulacion-de-camiones-en-la-ap-7-a-partir-de-las-2200-horas-de-este-domingo","status":"publish","type":"post","link":"https:\/\/cetm-madrid.es\/web\/cataluna-permitira-la-circulacion-de-camiones-en-la-ap-7-a-partir-de-las-2200-horas-de-este-domingo\/","title":{"rendered":"Catalu\u00f1a permitir\u00e1 la circulaci\u00f3n de camiones en la ap-7 a partir de las 22:00 horas de este domingo"},"content":{"rendered":"<p>[et_pb_section fb_built=&#8221;1&#8243; admin_label=&#8221;section&#8221; _builder_version=&#8221;3.22&#8243;][et_pb_row column_structure=&#8221;2_3,1_3&#8243; admin_label=&#8221;row&#8221; _builder_version=&#8221;3.25&#8243; background_size=&#8221;initial&#8221; background_position=&#8221;top_left&#8221; background_repeat=&#8221;repeat&#8221;][et_pb_column type=&#8221;2_3&#8243; _builder_version=&#8221;3.25&#8243; custom_padding=&#8221;|||&#8221; custom_padding__hover=&#8221;|||&#8221;][et_pb_text admin_label=&#8221;Texto&#8221; _builder_version=&#8221;4.7.7&#8243; background_size=&#8221;initial&#8221; background_position=&#8221;top_left&#8221; background_repeat=&#8221;repeat&#8221; text_orientation=&#8221;justified&#8221; use_border_color=&#8221;off&#8221; border_color=&#8221;#ffffff&#8221; border_style=&#8221;solid&#8221;]<\/p>\n<p>Catalu\u00f1a ha actualizado la alerta del Plan Especial de emergencias por nevadas en Catalu\u00f1a (NEUCAT). La restricci\u00f3n a la circulaci\u00f3n de veh\u00edculos pesados que superen los 7.500 kg de MMA <strong>a\u00fan sigue vigente<\/strong>, pero se prev\u00e9 que se levante <strong>en la AP-7 a partir de las 22:00 horas de este domingo<\/strong> puesto que se espera que las nevadas vayan remitiendo a partir del mediod\u00eda.<\/p>\n<p>En el resto de las v\u00edas, el levantamiento <strong>se mantiene a las 06:00 horas del lunes<\/strong> 11 de enero.<\/p>\n<p>Recordamos que, tal y como informamos, los veh\u00edculos de suministro esencial est\u00e1n exentos y deber\u00e1n <strong>enviar un correo a\u00a0<\/strong> <span style=\"text-decoration: underline;\">sorg.cecat@gencat.cat.<\/span><\/p>\n<p>Por otra parte, seg\u00fan informa la Direcci\u00f3n General de Tr\u00e1fico (DGT) hay <strong>al menos 723 carreteras afectadas<\/strong> en este momento. Desde la CETM les hacemos llegar el \u00faltimo cuadro de mando actualizado. Este domingo solo <strong>Teruel, Tarragona y parte de Castell\u00f3n<\/strong> se encuentran en <strong>alerta naranja<\/strong> por nevadas. Lleida, Girona y parte de Asturias se encuentran en alerta amarilla.<\/p>\n<p>En algunas zonas se est\u00e1 retomando la circulaci\u00f3n, pero a\u00fan siguen embolsados miles de camiones en parkings y pol\u00edgonos. Este s\u00e1bado el ministro de Transportes, Movilidad y Agenda, Urbana, Jos\u00e9 Luis \u00c1balos, anunci\u00f3 que <strong>el Gobierno prepara convoyes guiados<\/strong> para facilitar el transporte. Sin embargo, a\u00fan no han dado m\u00e1s detalles acerca de esta operaci\u00f3n.<\/p>\n<p>En estos momentos, el presidente del Gobierno, Pedro S\u00e1nchez, mantiene una reuni\u00f3n con el titular de Transportes y el ministro de Interior y se espera <strong>que comparezcan en una rueda de prensa a las 13:30 horas.<\/strong><\/p>\n<p>Recordamos de nuevo los enlaces a trav\u00e9s de los que se puede obtener informaci\u00f3n actualizada del estado de las v\u00edas:<\/p>\n<p>\u2022 Mapa de incidencias invernales en tiempo real:<\/p>\n<p>\u00a0<a href=\"http:\/\/infocar.dgt.es\/etraffic\/Buscador?Camaras=true&amp;SensoresMeteorologico=true&amp;SensoresTrafico=true&amp;Paneles=true&amp;Radares=true&amp;IncidenciasMETEOROLOGICA=true&amp;IncidenciasPUERTOS=true&amp;provincia=77&amp;version=mapa\" target=\"_blank\" rel=\"noopener noreferrer\">http:\/\/infocar.dgt.es\/etraffic\/Buscador?Camaras=true&amp;SensoresMeteorologico=true&amp;SensoresTrafico=true&amp;Paneles=true&amp;Radares=true&amp;IncidenciasMETEOROLOGICA=true&amp;IncidenciasPUERTOS=true&amp;provincia=77&amp;version=mapa<\/a><\/p>\n<p>\u2022 Carreteras afectadas por hielo y nieve:<\/p>\n<p><a href=\"http:\/\/www.dgt.es\/boletin\/CarreterasAfectadasVI.pdf\" target=\"_blank\" rel=\"noopener noreferrer\">http:\/\/www.dgt.es\/boletin\/CarreterasAfectadasVI.pdf<\/a><\/p>\n<p>Tambi\u00e9n les mantendremos informados a trav\u00e9s de nuestros perfiles en redes sociales, Facebook y Twitter, y nuestra p\u00e1gina web: <a href=\"https:\/\/www.cetm.es\/\" target=\"_blank\" rel=\"noopener noreferrer\">www.cetm.es<\/a><\/p>\n<p>[\/et_pb_text][\/et_pb_column][et_pb_column type=&#8221;1_3&#8243; _builder_version=&#8221;3.25&#8243; custom_padding=&#8221;|||&#8221; custom_padding__hover=&#8221;|||&#8221;][et_pb_image src=&#8221;https:\/\/cetm-madrid.es\/web\/wp-content\/uploads\/2021\/01\/Captura-2.jpg&#8221; title_text=&#8221;Captura&#8221; align_tablet=&#8221;center&#8221; align_phone=&#8221;&#8221; align_last_edited=&#8221;on|desktop&#8221; admin_label=&#8221;Imagen&#8221; _builder_version=&#8221;4.7.7&#8243; animation_style=&#8221;slide&#8221; animation_direction=&#8221;left&#8221; animation_duration=&#8221;500ms&#8221; animation_intensity_slide=&#8221;10%&#8221; use_border_color=&#8221;off&#8221; border_color=&#8221;#ffffff&#8221; border_style=&#8221;solid&#8221; animation=&#8221;left&#8221; sticky=&#8221;off&#8221; always_center_on_mobile=&#8221;on&#8221;][\/et_pb_image][et_pb_button button_url=&#8221;https:\/\/cetm-madrid.es\/web\/wp-content\/uploads\/2021\/01\/CarreterasAfectadasVI-2.pdf&#8221; url_new_window=&#8221;on&#8221; button_text=&#8221;PDF&#8221; _builder_version=&#8221;4.7.7&#8243; _module_preset=&#8221;default&#8221;][\/et_pb_button][\/et_pb_column][\/et_pb_row][\/et_pb_section]<\/p>\n","protected":false},"excerpt":{"rendered":"<p>Catalu\u00f1a ha actualizado la alerta del Plan Especial de emergencias por nevadas en Catalu\u00f1a (NEUCAT). La restricci\u00f3n a la circulaci\u00f3n de veh\u00edculos pesados que superen los 7.500 kg de MMA a\u00fan sigue vigente, pero se prev\u00e9 que se levante en la AP-7 a partir de las 22:00 horas de este domingo puesto que se espera [&hellip;]<\/p>\n","protected":false},"author":1,"featured_media":7230,"comment_status":"closed","ping_status":"open","sticky":false,"template":"","format":"standard","meta":{"_et_pb_use_builder":"on","_et_pb_old_content":"","_et_gb_content_width":"","footnotes":""},"categories":[5,4],"tags":[],"class_list":["post-7227","post","type-post","status-publish","format-standard","has-post-thumbnail","hentry","category-general","category-organizacion"],"_links":{"self":[{"href":"https:\/\/cetm-madrid.es\/web\/wp-json\/wp\/v2\/posts\/7227","targetHints":{"allow":["GET"]}}],"collection":[{"href":"https:\/\/cetm-madrid.es\/web\/wp-json\/wp\/v2\/posts"}],"about":[{"href":"https:\/\/cetm-madrid.es\/web\/wp-json\/wp\/v2\/types\/post"}],"author":[{"embeddable":true,"href":"https:\/\/cetm-madrid.es\/web\/wp-json\/wp\/v2\/users\/1"}],"replies":[{"embeddable":true,"href":"https:\/\/cetm-madrid.es\/web\/wp-json\/wp\/v2\/comments?post=7227"}],"version-history":[{"count":3,"href":"https:\/\/cetm-madrid.es\/web\/wp-json\/wp\/v2\/posts\/7227\/revisions"}],"predecessor-version":[{"id":7234,"href":"https:\/\/cetm-madrid.es\/web\/wp-json\/wp\/v2\/posts\/7227\/revisions\/7234"}],"wp:featuredmedia":[{"embeddable":true,"href":"https:\/\/cetm-madrid.es\/web\/wp-json\/wp\/v2\/media\/7230"}],"wp:attachment":[{"href":"https:\/\/cetm-madrid.es\/web\/wp-json\/wp\/v2\/media?parent=7227"}],"wp:term":[{"taxonomy":"category","embeddable":true,"href":"https:\/\/cetm-madrid.es\/web\/wp-json\/wp\/v2\/categories?post=7227"},{"taxonomy":"post_tag","embeddable":true,"href":"https:\/\/cetm-madrid.es\/web\/wp-json\/wp\/v2\/tags?post=7227"}],"curies":[{"name":"wp","href":"https:\/\/api.w.org\/{rel}","templated":true}]}}