{"id":7222,"date":"2021-01-10T17:28:46","date_gmt":"2021-01-10T17:28:46","guid":{"rendered":"https:\/\/cetm-madrid.es\/web\/?p=7222"},"modified":"2021-01-11T17:32:48","modified_gmt":"2021-01-11T17:32:48","slug":"los-camiones-podran-circular-por-la-ap-7-hasta-las-2100-horas-de-este-sabado-9-de-enero","status":"publish","type":"post","link":"https:\/\/cetm-madrid.es\/web\/los-camiones-podran-circular-por-la-ap-7-hasta-las-2100-horas-de-este-sabado-9-de-enero\/","title":{"rendered":"Los camiones podr\u00e1n circular por la ap-7 hasta las 21:00 horas de este s\u00e1bado 9 de enero"},"content":{"rendered":"<p>[et_pb_section fb_built=&#8221;1&#8243; admin_label=&#8221;section&#8221; _builder_version=&#8221;3.22&#8243;][et_pb_row admin_label=&#8221;row&#8221; _builder_version=&#8221;3.25&#8243; background_size=&#8221;initial&#8221; background_position=&#8221;top_left&#8221; background_repeat=&#8221;repeat&#8221; column_structure=&#8221;2_3,1_3&#8243;][et_pb_column type=&#8221;2_3&#8243; _builder_version=&#8221;3.25&#8243; custom_padding=&#8221;|||&#8221; custom_padding__hover=&#8221;|||&#8221;][et_pb_text admin_label=&#8221;Texto&#8221; _builder_version=&#8221;4.7.7&#8243; background_size=&#8221;initial&#8221; background_position=&#8221;top_left&#8221; background_repeat=&#8221;repeat&#8221; text_orientation=&#8221;justified&#8221; hover_enabled=&#8221;0&#8243; use_border_color=&#8221;off&#8221; border_color=&#8221;#ffffff&#8221; border_style=&#8221;solid&#8221; sticky_enabled=&#8221;0&#8243;]<\/p>\n<p>Desde FEAT nos informan de que se ha levantado de manera temporal la restricci\u00f3n a la circulaci\u00f3n por la AP-7 <strong>hasta las 21:00 horas de este s\u00e1bado<\/strong> para los veh\u00edculos de transporte de mercanc\u00edas de m\u00e1s de 7.500 kg de MMA.<\/p>\n<p>Esta medida<strong> solo afecta a la AP-<\/strong>7, en el resto de la red viaria contin\u00faa la restricci\u00f3n a la circulaci\u00f3n hasta el lunes 11 a las 06:00 horas, exceptuando a aquellos veh\u00edculos de suministro esencial, tal y como hemos informado en el CETM INFORMA 12.<\/p>\n<p>El Govern ha se\u00f1alado que los Mossos d\u2019Esquadra desplegar\u00e1n un dispositivo para garantizar el cumplimiento de que los camiones solo circulen por la AP-7 e <strong>impedir que se incorporen desde esta v\u00eda a otras donde el tr\u00e1fico contin\u00faa restringido. <\/strong><\/p>\n<p>[\/et_pb_text][\/et_pb_column][et_pb_column type=&#8221;1_3&#8243; _builder_version=&#8221;3.25&#8243; custom_padding=&#8221;|||&#8221; custom_padding__hover=&#8221;|||&#8221;][et_pb_image src=&#8221;https:\/\/cetm-madrid.es\/web\/wp-content\/uploads\/2021\/01\/Captura-1.jpg&#8221; align_tablet=&#8221;center&#8221; align_last_edited=&#8221;on|desktop&#8221; admin_label=&#8221;Imagen&#8221; _builder_version=&#8221;4.7.7&#8243; animation_style=&#8221;slide&#8221; animation_direction=&#8221;left&#8221; animation_duration=&#8221;500ms&#8221; animation_intensity_slide=&#8221;10%&#8221; hover_enabled=&#8221;0&#8243; use_border_color=&#8221;off&#8221; border_color=&#8221;#ffffff&#8221; border_style=&#8221;solid&#8221; animation=&#8221;left&#8221; sticky=&#8221;off&#8221; always_center_on_mobile=&#8221;on&#8221; title_text=&#8221;Captura&#8221; sticky_enabled=&#8221;0&#8243;][\/et_pb_image][\/et_pb_column][\/et_pb_row][\/et_pb_section]<\/p>\n","protected":false},"excerpt":{"rendered":"<p>Desde FEAT nos informan de que se ha levantado de manera temporal la restricci\u00f3n a la circulaci\u00f3n por la AP-7 hasta las 21:00 horas de este s\u00e1bado para los veh\u00edculos de transporte de mercanc\u00edas de m\u00e1s de 7.500 kg de MMA. Esta medida solo afecta a la AP-7, en el resto de la red viaria [&hellip;]<\/p>\n","protected":false},"author":1,"featured_media":7225,"comment_status":"closed","ping_status":"open","sticky":false,"template":"","format":"standard","meta":{"_et_pb_use_builder":"on","_et_pb_old_content":"","_et_gb_content_width":"","footnotes":""},"categories":[5,4],"tags":[],"class_list":["post-7222","post","type-post","status-publish","format-standard","has-post-thumbnail","hentry","category-general","category-organizacion"],"_links":{"self":[{"href":"https:\/\/cetm-madrid.es\/web\/wp-json\/wp\/v2\/posts\/7222","targetHints":{"allow":["GET"]}}],"collection":[{"href":"https:\/\/cetm-madrid.es\/web\/wp-json\/wp\/v2\/posts"}],"about":[{"href":"https:\/\/cetm-madrid.es\/web\/wp-json\/wp\/v2\/types\/post"}],"author":[{"embeddable":true,"href":"https:\/\/cetm-madrid.es\/web\/wp-json\/wp\/v2\/users\/1"}],"replies":[{"embeddable":true,"href":"https:\/\/cetm-madrid.es\/web\/wp-json\/wp\/v2\/comments?post=7222"}],"version-history":[{"count":2,"href":"https:\/\/cetm-madrid.es\/web\/wp-json\/wp\/v2\/posts\/7222\/revisions"}],"predecessor-version":[{"id":7226,"href":"https:\/\/cetm-madrid.es\/web\/wp-json\/wp\/v2\/posts\/7222\/revisions\/7226"}],"wp:featuredmedia":[{"embeddable":true,"href":"https:\/\/cetm-madrid.es\/web\/wp-json\/wp\/v2\/media\/7225"}],"wp:attachment":[{"href":"https:\/\/cetm-madrid.es\/web\/wp-json\/wp\/v2\/media?parent=7222"}],"wp:term":[{"taxonomy":"category","embeddable":true,"href":"https:\/\/cetm-madrid.es\/web\/wp-json\/wp\/v2\/categories?post=7222"},{"taxonomy":"post_tag","embeddable":true,"href":"https:\/\/cetm-madrid.es\/web\/wp-json\/wp\/v2\/tags?post=7222"}],"curies":[{"name":"wp","href":"https:\/\/api.w.org\/{rel}","templated":true}]}}