{"id":7214,"date":"2021-01-10T16:50:57","date_gmt":"2021-01-10T16:50:57","guid":{"rendered":"https:\/\/cetm-madrid.es\/web\/?p=7214"},"modified":"2021-01-11T17:28:02","modified_gmt":"2021-01-11T17:28:02","slug":"excepcion-a-la-circulacion-en-cataluna-para-los-vehiculos-de-suministro-esencial","status":"publish","type":"post","link":"https:\/\/cetm-madrid.es\/web\/excepcion-a-la-circulacion-en-cataluna-para-los-vehiculos-de-suministro-esencial\/","title":{"rendered":"Excepci\u00f3n a la circulaci\u00f3n en Catalu\u00f1a para los veh\u00edculos de suministro esencial"},"content":{"rendered":"<p>[et_pb_section fb_built=&#8221;1&#8243; admin_label=&#8221;section&#8221; _builder_version=&#8221;3.22&#8243;][et_pb_row column_structure=&#8221;2_3,1_3&#8243; admin_label=&#8221;row&#8221; _builder_version=&#8221;3.25&#8243; background_size=&#8221;initial&#8221; background_position=&#8221;top_left&#8221; background_repeat=&#8221;repeat&#8221;][et_pb_column type=&#8221;2_3&#8243; _builder_version=&#8221;3.25&#8243; custom_padding=&#8221;|||&#8221; custom_padding__hover=&#8221;|||&#8221;][et_pb_text admin_label=&#8221;Texto&#8221; _builder_version=&#8221;4.7.7&#8243; background_size=&#8221;initial&#8221; background_position=&#8221;top_left&#8221; background_repeat=&#8221;repeat&#8221; text_orientation=&#8221;justified&#8221; use_border_color=&#8221;off&#8221; border_color=&#8221;#ffffff&#8221; border_style=&#8221;solid&#8221;]<\/p>\n<p>Tal y como anunciamos este viernes, Catalu\u00f1a ha prohibido la circulaci\u00f3n de veh\u00edculos pesados de m\u00e1s de 7.500 kg de MMA hasta las 06:00 horas del lunes 11 de enero.<\/p>\n<p>La Resoluci\u00f3n 8 de enero de 2021 por la que se ha activado esta medida establece que aquellos veh\u00edculos que tengan que circular en servicios de urgencia, emergencia, y suministros esenciales <strong>deber\u00e1n contactar con el Centro de Coordinaci\u00f3n Operativa de Catalu\u00f1a<\/strong> mediante el correo electr\u00f3nico <span style=\"text-decoration: underline;\">sorg.cecat@gencat.cat<\/span>. (Adjuntamos dicha Resoluci\u00f3n en este correo).<\/p>\n<p>Asimismo, el Servicio Catal\u00e1n de Tr\u00e1fico <a href=\"https:\/\/twitter.com\/transit\/status\/1347795340297175040\" target=\"_blank\" rel=\"noopener noreferrer\">ha indicado en Twitter<\/a> que est\u00e1n exentos de cumplir con esta medida<strong> los veh\u00edculos considerados de servicios esenciales<\/strong> (suministro sanitario y de farmacias, producci\u00f3n y distribuci\u00f3n agroalimentaria humana y para granjas, transporte de animales vivos y combustibles).<\/p>\n<p>Por otra parte, hay que recordar que la situaci\u00f3n sigue siendo complicada en las carreteras y solo se recomienda circular en caso de que sea estrictamente necesario. Hay <strong>m\u00e1s de 400 carreteras afectadas<\/strong> por la borrasca Filomena. La Comunidad de Madrid es una de las m\u00e1s perjudicadas y est\u00e1 <strong>prohibida la circulaci\u00f3n de camiones<\/strong> en la A-2 (entre el kil\u00f3metro 0 al 38), A-3 (entre el km 0 y 70), A-4 (del km 5 al 20), A-5 (entre el km 5 y 37), M-11 (del km 0 al 12), M-40 (entre el km 0 y 60), M-45 (entre el km 0 y 33), M-50 (del km 0 al 84).<\/p>\n<p>Adjuntamos un archivo en PDF con <strong>la situaci\u00f3n real de las carreteras<\/strong> a las 10:00 horas facilitada por la Direcci\u00f3n General de Tr\u00e1fico. De igual modo, pueden consultar las incidencias en el siguiente enlace:<\/p>\n<p><a href=\"http:\/\/infocar.dgt.es\/etraffic\/Buscador?Camaras=true&amp;SensoresMeteorologico=true&amp;SensoresTrafico=true&amp;Paneles=true&amp;Radares=true&amp;IncidenciasMETEOROLOGICA=true&amp;IncidenciasPUERTOS=true&amp;provincia=77&amp;version=mapa\" target=\"_blank\" rel=\"noopener noreferrer\">http:\/\/infocar.dgt.es\/etraffic\/Buscador?Camaras=true&amp;SensoresMeteorologico=true&amp;SensoresTrafico=true&amp;Paneles=true&amp;Radares=true&amp;IncidenciasMETEOROLOGICA=true&amp;IncidenciasPUERTOS=true&amp;provincia=77&amp;version=mapa<\/a><\/p>\n<p>Desde la CETM seguiremos informando en <a href=\"https:\/\/www.cetm.es\/\" target=\"_blank\" rel=\"noopener noreferrer\">nuestra p\u00e1gina web<\/a> y en nuestras redes sociales, <a href=\"https:\/\/www.facebook.com\/cetmtransporte\/\" target=\"_blank\" rel=\"noopener noreferrer\">Facebook<\/a> y <a href=\"https:\/\/twitter.com\/CetmTransporte\" target=\"_blank\" rel=\"noopener noreferrer\">Twitter<\/a>.<\/p>\n<p>[\/et_pb_text][\/et_pb_column][et_pb_column type=&#8221;1_3&#8243; _builder_version=&#8221;3.25&#8243; custom_padding=&#8221;|||&#8221; custom_padding__hover=&#8221;|||&#8221;][et_pb_image src=&#8221;https:\/\/cetm-madrid.es\/web\/wp-content\/uploads\/2021\/01\/Captura.jpg&#8221; title_text=&#8221;Captura&#8221; align_tablet=&#8221;center&#8221; align_phone=&#8221;&#8221; align_last_edited=&#8221;on|desktop&#8221; admin_label=&#8221;Imagen&#8221; _builder_version=&#8221;4.7.7&#8243; animation_style=&#8221;slide&#8221; animation_direction=&#8221;left&#8221; animation_duration=&#8221;500ms&#8221; animation_intensity_slide=&#8221;10%&#8221; use_border_color=&#8221;off&#8221; border_color=&#8221;#ffffff&#8221; border_style=&#8221;solid&#8221; animation=&#8221;left&#8221; sticky=&#8221;off&#8221; always_center_on_mobile=&#8221;on&#8221;][\/et_pb_image][et_pb_button button_url=&#8221;https:\/\/cetm-madrid.es\/web\/wp-content\/uploads\/2021\/01\/CuadroDeMandosVI-17.pdf&#8221; url_new_window=&#8221;on&#8221; button_text=&#8221;CUADRO DE MANDOS&#8221; _builder_version=&#8221;4.7.7&#8243; _module_preset=&#8221;default&#8221;][\/et_pb_button][et_pb_button button_url=&#8221;https:\/\/cetm-madrid.es\/web\/wp-content\/uploads\/2021\/01\/Resoluci\u00f3n-de-8-de-enero-de-2021.-NEUCAT-y-VENTCAT-1.pdf&#8221; button_text=&#8221;RESOLUCI\u00d3N&#8221; _builder_version=&#8221;4.7.7&#8243; _module_preset=&#8221;default&#8221;][\/et_pb_button][\/et_pb_column][\/et_pb_row][\/et_pb_section]<\/p>\n","protected":false},"excerpt":{"rendered":"<p>Tal y como anunciamos este viernes, Catalu\u00f1a ha prohibido la circulaci\u00f3n de veh\u00edculos pesados de m\u00e1s de 7.500 kg de MMA hasta las 06:00 horas del lunes 11 de enero. La Resoluci\u00f3n 8 de enero de 2021 por la que se ha activado esta medida establece que aquellos veh\u00edculos que tengan que circular en servicios [&hellip;]<\/p>\n","protected":false},"author":1,"featured_media":7217,"comment_status":"closed","ping_status":"open","sticky":false,"template":"","format":"standard","meta":{"_et_pb_use_builder":"on","_et_pb_old_content":"","_et_gb_content_width":"","footnotes":""},"categories":[5,4],"tags":[],"class_list":["post-7214","post","type-post","status-publish","format-standard","has-post-thumbnail","hentry","category-general","category-organizacion"],"_links":{"self":[{"href":"https:\/\/cetm-madrid.es\/web\/wp-json\/wp\/v2\/posts\/7214","targetHints":{"allow":["GET"]}}],"collection":[{"href":"https:\/\/cetm-madrid.es\/web\/wp-json\/wp\/v2\/posts"}],"about":[{"href":"https:\/\/cetm-madrid.es\/web\/wp-json\/wp\/v2\/types\/post"}],"author":[{"embeddable":true,"href":"https:\/\/cetm-madrid.es\/web\/wp-json\/wp\/v2\/users\/1"}],"replies":[{"embeddable":true,"href":"https:\/\/cetm-madrid.es\/web\/wp-json\/wp\/v2\/comments?post=7214"}],"version-history":[{"count":3,"href":"https:\/\/cetm-madrid.es\/web\/wp-json\/wp\/v2\/posts\/7214\/revisions"}],"predecessor-version":[{"id":7221,"href":"https:\/\/cetm-madrid.es\/web\/wp-json\/wp\/v2\/posts\/7214\/revisions\/7221"}],"wp:featuredmedia":[{"embeddable":true,"href":"https:\/\/cetm-madrid.es\/web\/wp-json\/wp\/v2\/media\/7217"}],"wp:attachment":[{"href":"https:\/\/cetm-madrid.es\/web\/wp-json\/wp\/v2\/media?parent=7214"}],"wp:term":[{"taxonomy":"category","embeddable":true,"href":"https:\/\/cetm-madrid.es\/web\/wp-json\/wp\/v2\/categories?post=7214"},{"taxonomy":"post_tag","embeddable":true,"href":"https:\/\/cetm-madrid.es\/web\/wp-json\/wp\/v2\/tags?post=7214"}],"curies":[{"name":"wp","href":"https:\/\/api.w.org\/{rel}","templated":true}]}}