{"id":7193,"date":"2021-01-04T15:37:14","date_gmt":"2021-01-04T15:37:14","guid":{"rendered":"https:\/\/cetm-madrid.es\/web\/?p=7193"},"modified":"2021-01-08T15:53:33","modified_gmt":"2021-01-08T15:53:33","slug":"restricciones-en-algunas-comunidades-tras-la-subida-del-numero-de-casos-covid-19","status":"publish","type":"post","link":"https:\/\/cetm-madrid.es\/web\/restricciones-en-algunas-comunidades-tras-la-subida-del-numero-de-casos-covid-19\/","title":{"rendered":"Restricciones en algunas comunidades tras la subida del n\u00famero de casos covid-19"},"content":{"rendered":"<p>[et_pb_section fb_built=&#8221;1&#8243; admin_label=&#8221;section&#8221; _builder_version=&#8221;3.22&#8243;][et_pb_row column_structure=&#8221;2_3,1_3&#8243; admin_label=&#8221;row&#8221; _builder_version=&#8221;3.25&#8243; background_size=&#8221;initial&#8221; background_position=&#8221;top_left&#8221; background_repeat=&#8221;repeat&#8221;][et_pb_column type=&#8221;2_3&#8243; _builder_version=&#8221;3.25&#8243; custom_padding=&#8221;|||&#8221; custom_padding__hover=&#8221;|||&#8221;][et_pb_text admin_label=&#8221;Texto&#8221; _builder_version=&#8221;4.7.7&#8243; background_size=&#8221;initial&#8221; background_position=&#8221;top_left&#8221; background_repeat=&#8221;repeat&#8221; text_orientation=&#8221;justified&#8221; use_border_color=&#8221;off&#8221; border_color=&#8221;#ffffff&#8221; border_style=&#8221;solid&#8221;]<\/p>\n<p>Algunas Comunidades Aut\u00f3nomas est\u00e1n endureciendo sus medidas ante la subida de los casos Covid-19 y el temor de que, tras las celebraciones de los \u00faltimos d\u00edas, la cifra de infectados crezca desproporcionadamente.<\/p>\n<p>A continuaci\u00f3n, se enumeran aquellas que pueden afectar al sector y sus profesionales:<\/p>\n<p><span style=\"text-decoration: underline;\"><strong>\u2022 ARAG\u00d3N:<\/strong> <\/span>Este lunes se ha publicado en el BOA el <a href=\"http:\/\/www.boa.aragon.es\/cgi-bin\/EBOA\/BRSCGI?CMD=VEROBJ&amp;MLKOB=1143563300909&amp;type=pdf\" target=\"_blank\" rel=\"noopener noreferrer\">Decreto, de 4 de enero de 2021<\/a>, del Presidente del Gobierno de Arag\u00f3n, por el que se establecen medidas en el \u00e1mbito territorial de la Comunidad Aut\u00f3noma de Arag\u00f3n en el marco de lo establecido en el Real Decreto 926\/2020, de 25 de octubre, por el que se declara el estado de alarma para contener la propagaci\u00f3n de infecciones causadas por el SARS-CoV-2 y en el Real Decreto 956\/2020, de 3 de noviembre, por el que se prorroga el estado de alarma. Se mantiene la<br \/>limitaci\u00f3n de las entradas y salidas y el toque de queda entre las 23:00 y las 06:00 horas,<strong> excepto en casos excepcionales como el cumplimiento de obligaciones laborales<\/strong> y profesionales, en el que est\u00e1 incluido el transporte de mercanc\u00edas por carretera. Los <strong>operativos de control<\/strong> se establecer\u00e1n en los siguientes puntos (aunque las Fuerzas y Cuerpos de Seguridad podr\u00e1n sustituirlos por otros):<\/p>\n<p>o Somport (E-7 y N-330a)<br \/>o Portalet (A-136)<br \/>o Bielsa (A-138)<br \/>o Sig\u00fc\u00e9s (A-21 y N-240)<br \/>o Puente la Reina de Jaca (A-21 y N-240)<br \/>o Montanuy (N-260)<br \/>o Puente de Monta\u00f1ana (N-230)<br \/>o Bin\u00e9far (A-22 y A-140)<br \/>o Fraga (AP-2 y N-II)<br \/>o Huesca (E-7)<br \/>o Monreal de Ariza (A-2)<br \/>o San Agust\u00edn (A-23)<\/p>\n<p>Por otra parte, la Comunidad ha regresado al nivel de alerta sanitaria 3 agravado y esto implica que<strong> los bares y comercios deber\u00e1n cerrar a las 20:00 horas<\/strong>. Si bien, los establecimientos de hosteler\u00eda y restauraci\u00f3n situados en estaciones o \u00e1reas de servicio podr\u00e1n permanecer abiertos despu\u00e9s de las 20:00 horas, <strong>pero ser\u00e1n de uso exclusivo para los profesionales del transporte<\/strong>.<\/p>\n<p><span style=\"text-decoration: underline;\"><strong>\u2022 REGI\u00d3N DE MURCIA:<\/strong><\/span> La Consejer\u00eda de Salud ha determinado el <strong>cierre de la hosteler\u00eda los d\u00edas 5 y 6 de enero a las 18:00 horas<\/strong> con la intenci\u00f3n de evitar aglomeraciones.<\/p>\n<p><span style=\"text-decoration: underline;\"><strong>\u2022 CATALU\u00d1A:<\/strong> <\/span>La Generalitat ha anunciado que a partir del pr\u00f3ximo jueves 7 de enero se aplicar\u00e1 un nuevo confinamiento municipal. No hay novedades en cuanto a la hosteler\u00eda: los establecimientos continuar\u00e1n abriendo solo<strong> de 07:30 a 09:30 horas y de 13:00 a 15:00 horas<\/strong>. Despu\u00e9s, las cenas se podr\u00e1n servir para llevar en horario de 19:00 a 22:00 horas.<\/p>\n<p>Desde la CETM recordamos que en cuanto a las distintas limitaciones de movilidad que se han establecido en las Comunidades Aut\u00f3nomas, el transporte de mercanc\u00edas est\u00e1 exento y, en caso de control, los conductores solo deber\u00e1n demostrar que se trata del cumplimiento de una obligaci\u00f3n laboral.<\/p>\n<p>[\/et_pb_text][\/et_pb_column][et_pb_column type=&#8221;1_3&#8243; _builder_version=&#8221;3.25&#8243; custom_padding=&#8221;|||&#8221; custom_padding__hover=&#8221;|||&#8221;][et_pb_image src=&#8221;https:\/\/cetm-madrid.es\/web\/wp-content\/uploads\/2021\/01\/Dise\u00f1o-sin-t\u00edtulo-18.png&#8221; title_text=&#8221;Dise\u00f1o sin t\u00edtulo (18)&#8221; align_tablet=&#8221;center&#8221; align_phone=&#8221;&#8221; align_last_edited=&#8221;on|desktop&#8221; admin_label=&#8221;Imagen&#8221; _builder_version=&#8221;4.7.7&#8243; animation_style=&#8221;slide&#8221; animation_direction=&#8221;left&#8221; animation_duration=&#8221;500ms&#8221; animation_intensity_slide=&#8221;10%&#8221; use_border_color=&#8221;off&#8221; border_color=&#8221;#ffffff&#8221; border_style=&#8221;solid&#8221; animation=&#8221;left&#8221; sticky=&#8221;off&#8221; always_center_on_mobile=&#8221;on&#8221;][\/et_pb_image][\/et_pb_column][\/et_pb_row][\/et_pb_section]<\/p>\n","protected":false},"excerpt":{"rendered":"<p>Algunas Comunidades Aut\u00f3nomas est\u00e1n endureciendo sus medidas ante la subida de los casos Covid-19 y el temor de que, tras las celebraciones de los \u00faltimos d\u00edas, la cifra de infectados crezca desproporcionadamente. A continuaci\u00f3n, se enumeran aquellas que pueden afectar al sector y sus profesionales: \u2022 ARAG\u00d3N: Este lunes se ha publicado en el BOA [&hellip;]<\/p>\n","protected":false},"author":1,"featured_media":7196,"comment_status":"closed","ping_status":"open","sticky":false,"template":"","format":"standard","meta":{"_et_pb_use_builder":"on","_et_pb_old_content":"","_et_gb_content_width":"","footnotes":""},"categories":[5,4],"tags":[],"class_list":["post-7193","post","type-post","status-publish","format-standard","has-post-thumbnail","hentry","category-general","category-organizacion"],"_links":{"self":[{"href":"https:\/\/cetm-madrid.es\/web\/wp-json\/wp\/v2\/posts\/7193","targetHints":{"allow":["GET"]}}],"collection":[{"href":"https:\/\/cetm-madrid.es\/web\/wp-json\/wp\/v2\/posts"}],"about":[{"href":"https:\/\/cetm-madrid.es\/web\/wp-json\/wp\/v2\/types\/post"}],"author":[{"embeddable":true,"href":"https:\/\/cetm-madrid.es\/web\/wp-json\/wp\/v2\/users\/1"}],"replies":[{"embeddable":true,"href":"https:\/\/cetm-madrid.es\/web\/wp-json\/wp\/v2\/comments?post=7193"}],"version-history":[{"count":3,"href":"https:\/\/cetm-madrid.es\/web\/wp-json\/wp\/v2\/posts\/7193\/revisions"}],"predecessor-version":[{"id":7198,"href":"https:\/\/cetm-madrid.es\/web\/wp-json\/wp\/v2\/posts\/7193\/revisions\/7198"}],"wp:featuredmedia":[{"embeddable":true,"href":"https:\/\/cetm-madrid.es\/web\/wp-json\/wp\/v2\/media\/7196"}],"wp:attachment":[{"href":"https:\/\/cetm-madrid.es\/web\/wp-json\/wp\/v2\/media?parent=7193"}],"wp:term":[{"taxonomy":"category","embeddable":true,"href":"https:\/\/cetm-madrid.es\/web\/wp-json\/wp\/v2\/categories?post=7193"},{"taxonomy":"post_tag","embeddable":true,"href":"https:\/\/cetm-madrid.es\/web\/wp-json\/wp\/v2\/tags?post=7193"}],"curies":[{"name":"wp","href":"https:\/\/api.w.org\/{rel}","templated":true}]}}