{"id":7092,"date":"2020-12-23T22:11:43","date_gmt":"2020-12-23T22:11:43","guid":{"rendered":"https:\/\/cetm-madrid.es\/web\/?p=7092"},"modified":"2020-12-23T22:11:48","modified_gmt":"2020-12-23T22:11:48","slug":"la-ceoe-apoya-a-la-cetm-y-las-organizaciones-sectoriales-de-transporte-y-solicita-ayuda-urgente-del-gobierno-de-espana","status":"publish","type":"post","link":"https:\/\/cetm-madrid.es\/web\/la-ceoe-apoya-a-la-cetm-y-las-organizaciones-sectoriales-de-transporte-y-solicita-ayuda-urgente-del-gobierno-de-espana\/","title":{"rendered":"LA CEOE APOYA A LA CETM Y LAS ORGANIZACIONES SECTORIALES DE TRANSPORTE Y SOLICITA AYUDA URGENTE DEL GOBIERNO DE ESPA\u00d1A"},"content":{"rendered":"<p>[et_pb_section fb_built=&#8221;1&#8243; admin_label=&#8221;section&#8221; _builder_version=&#8221;3.22&#8243;][et_pb_row admin_label=&#8221;row&#8221; _builder_version=&#8221;3.25&#8243; background_size=&#8221;initial&#8221; background_position=&#8221;top_left&#8221; background_repeat=&#8221;repeat&#8221; column_structure=&#8221;2_3,1_3&#8243;][et_pb_column type=&#8221;2_3&#8243; _builder_version=&#8221;3.25&#8243; custom_padding=&#8221;|||&#8221; custom_padding__hover=&#8221;|||&#8221;][et_pb_text admin_label=&#8221;Texto&#8221; _builder_version=&#8221;4.4.8&#8243; background_size=&#8221;initial&#8221; background_position=&#8221;top_left&#8221; background_repeat=&#8221;repeat&#8221; text_orientation=&#8221;justified&#8221; hover_enabled=&#8221;0&#8243; use_border_color=&#8221;off&#8221; border_color=&#8221;#ffffff&#8221; border_style=&#8221;solid&#8221;]<\/p>\n<p>La Confederaci\u00f3n Espa\u00f1ola de Organizaciones Empresariales, de la que forma parte la CETM, ha lanzado un comunicado en el que solicita<strong> el apoyo \u201curgente\u201d del Gobierno<\/strong> para que ejerza las acciones diplom\u00e1ticas necesarias para lograr el retorno<br \/>de los conductores espa\u00f1oles.<\/p>\n<p>El cierre de la frontera de Francia con Reino Unido ha provocado que miles de conductores queden atrapados y, a pesar de que ambos pa\u00edses han llegado a un acuerdo para reabrir la frontera,<strong> la situaci\u00f3n contin\u00faa siendo exasperante<\/strong> a la espera de que se inicien los test que permitir\u00e1n su entrada en caso de resultar negativos.<\/p>\n<p>Por ello, la CEOE <strong>ha manifestado su apoyo a la CETM<\/strong> y el resto de organizaciones sectoriales y reclama la actuaci\u00f3n del Ejecutivo espa\u00f1ol y que se establezcan medidas de apoyo para atender las necesidades b\u00e1sica de los transportistas atrapados.<\/p>\n<p>El comunicado completo puede consultarse en el siguiente enlace:<br \/><a href=\"https:\/\/www.ceoe.es\/es\/contenido\/actualidad\/noticias\/comunicado-de-prensa-23-de-diciembre-de-2020\" target=\"_blank\" rel=\"noopener noreferrer\">https:\/\/www.ceoe.es\/es\/contenido\/actualidad\/noticias\/comunicado-de-prensa-23-de-diciembre-de-2020<\/a><\/p>\n<p>En la CETM esperamos que el Gobierno espa\u00f1ol tome cartas en el asunto y <strong>act\u00fae de manera inmediata.<\/strong> Los profesionales del transporte de mercanc\u00edas necesitan retornar con urgencia a sus lugares de procedencia.<\/p>\n<p>[\/et_pb_text][\/et_pb_column][et_pb_column type=&#8221;1_3&#8243; _builder_version=&#8221;3.25&#8243; custom_padding=&#8221;|||&#8221; custom_padding__hover=&#8221;|||&#8221;][et_pb_image src=&#8221;https:\/\/cetm-madrid.es\/web\/wp-content\/uploads\/2020\/12\/Captura-6.jpg&#8221; align_tablet=&#8221;center&#8221; align_last_edited=&#8221;on|desktop&#8221; admin_label=&#8221;Imagen&#8221; _builder_version=&#8221;4.4.8&#8243; animation_style=&#8221;slide&#8221; animation_direction=&#8221;left&#8221; animation_duration=&#8221;500ms&#8221; animation_intensity_slide=&#8221;10%&#8221; hover_enabled=&#8221;0&#8243; use_border_color=&#8221;off&#8221; border_color=&#8221;#ffffff&#8221; border_style=&#8221;solid&#8221; animation=&#8221;left&#8221; sticky=&#8221;off&#8221; always_center_on_mobile=&#8221;on&#8221; title_text=&#8221;Captura&#8221;][\/et_pb_image][\/et_pb_column][\/et_pb_row][\/et_pb_section]<\/p>\n","protected":false},"excerpt":{"rendered":"<p>La Confederaci\u00f3n Espa\u00f1ola de Organizaciones Empresariales, de la que forma parte la CETM, ha lanzado un comunicado en el que solicita el apoyo \u201curgente\u201d del Gobierno para que ejerza las acciones diplom\u00e1ticas necesarias para lograr el retornode los conductores espa\u00f1oles. El cierre de la frontera de Francia con Reino Unido ha provocado que miles de [&hellip;]<\/p>\n","protected":false},"author":1,"featured_media":7095,"comment_status":"closed","ping_status":"open","sticky":false,"template":"","format":"standard","meta":{"_et_pb_use_builder":"on","_et_pb_old_content":"","_et_gb_content_width":"","footnotes":""},"categories":[5,4],"tags":[],"class_list":["post-7092","post","type-post","status-publish","format-standard","has-post-thumbnail","hentry","category-general","category-organizacion"],"_links":{"self":[{"href":"https:\/\/cetm-madrid.es\/web\/wp-json\/wp\/v2\/posts\/7092","targetHints":{"allow":["GET"]}}],"collection":[{"href":"https:\/\/cetm-madrid.es\/web\/wp-json\/wp\/v2\/posts"}],"about":[{"href":"https:\/\/cetm-madrid.es\/web\/wp-json\/wp\/v2\/types\/post"}],"author":[{"embeddable":true,"href":"https:\/\/cetm-madrid.es\/web\/wp-json\/wp\/v2\/users\/1"}],"replies":[{"embeddable":true,"href":"https:\/\/cetm-madrid.es\/web\/wp-json\/wp\/v2\/comments?post=7092"}],"version-history":[{"count":2,"href":"https:\/\/cetm-madrid.es\/web\/wp-json\/wp\/v2\/posts\/7092\/revisions"}],"predecessor-version":[{"id":7096,"href":"https:\/\/cetm-madrid.es\/web\/wp-json\/wp\/v2\/posts\/7092\/revisions\/7096"}],"wp:featuredmedia":[{"embeddable":true,"href":"https:\/\/cetm-madrid.es\/web\/wp-json\/wp\/v2\/media\/7095"}],"wp:attachment":[{"href":"https:\/\/cetm-madrid.es\/web\/wp-json\/wp\/v2\/media?parent=7092"}],"wp:term":[{"taxonomy":"category","embeddable":true,"href":"https:\/\/cetm-madrid.es\/web\/wp-json\/wp\/v2\/categories?post=7092"},{"taxonomy":"post_tag","embeddable":true,"href":"https:\/\/cetm-madrid.es\/web\/wp-json\/wp\/v2\/tags?post=7092"}],"curies":[{"name":"wp","href":"https:\/\/api.w.org\/{rel}","templated":true}]}}