{"id":7077,"date":"2020-12-22T21:40:49","date_gmt":"2020-12-22T21:40:49","guid":{"rendered":"https:\/\/cetm-madrid.es\/web\/?p=7077"},"modified":"2020-12-23T22:03:15","modified_gmt":"2020-12-23T22:03:15","slug":"carta-de-ovidio-de-la-roza-a-jose-luis-abalos-reclamamos-la-actuacion-inmediata-del-gobierno-para-que-los-conductores-atrapados-en-francia-y-reino-unido-vuelvan-a-sus-casas-con-urgencia","status":"publish","type":"post","link":"https:\/\/cetm-madrid.es\/web\/carta-de-ovidio-de-la-roza-a-jose-luis-abalos-reclamamos-la-actuacion-inmediata-del-gobierno-para-que-los-conductores-atrapados-en-francia-y-reino-unido-vuelvan-a-sus-casas-con-urgencia\/","title":{"rendered":"CARTA DE OVIDIO DE LA ROZA A JOS\u00c9 LUIS \u00c1BALOS \u201cRECLAMAMOS LA ACTUACI\u00d3N INMEDIATA DEL GOBIERNO PARA QUE LOS CONDUCTORES ATRAPADOS EN FRANCIA Y REINO UNIDO VUELVAN A SUS CASAS CON URGENCIA\u201d"},"content":{"rendered":"<p>[et_pb_section fb_built=&#8221;1&#8243; admin_label=&#8221;section&#8221; _builder_version=&#8221;3.22&#8243;][et_pb_row column_structure=&#8221;2_3,1_3&#8243; admin_label=&#8221;row&#8221; _builder_version=&#8221;3.25&#8243; background_size=&#8221;initial&#8221; background_position=&#8221;top_left&#8221; background_repeat=&#8221;repeat&#8221;][et_pb_column type=&#8221;2_3&#8243; _builder_version=&#8221;3.25&#8243; custom_padding=&#8221;|||&#8221; custom_padding__hover=&#8221;|||&#8221;][et_pb_text admin_label=&#8221;Texto&#8221; _builder_version=&#8221;4.4.8&#8243; background_size=&#8221;initial&#8221; background_position=&#8221;top_left&#8221; background_repeat=&#8221;repeat&#8221; text_orientation=&#8221;justified&#8221; use_border_color=&#8221;off&#8221; border_color=&#8221;#ffffff&#8221; border_style=&#8221;solid&#8221;]<\/p>\n<p>La actuaci\u00f3n de las empresas de transporte y de nuestros conductores durante el transcurso de toda la pandemia del Covid-19 <strong>est\u00e1 siendo ejemplar,<\/strong> tanto por su implicaci\u00f3n y compromiso por no dejar desabastecidos los mercados, <strong>atendiendo las necesidades de los ciudadanos<\/strong> sin ning\u00fan tipo de reticencias a pesar de los riesgos asumidos, como por su esfuerzo para conseguir que la vida contin\u00fae con cierta normalidad.<\/p>\n<p>Sin embargo, parece ser que las medidas adoptadas de forma unilateral por los distintos estados miembros de la Uni\u00f3n Europea est\u00e1n haciendo imposible cumplir el principio b\u00e1sico acordado de <strong>mantener los corredores abiertos para el movimiento de mercanc\u00edas<\/strong>, tambi\u00e9n conocidos como \u2018Green Lines\u2019, que son imprescindibles para que la sociedad, la industria y el comercio sigan funcionando<br \/>con normalidad.<\/p>\n<p>Hoy m\u00e1s que nunca, necesitamos contar con el <strong>apoyo de nuestro Gobierno<\/strong> para que intervenga de forma activa en la b\u00fasqueda de soluciones \u00e1giles, lo que implica <strong>atender de forma inmediata las necesidades b\u00e1sicas<\/strong> de nuestros conductores atrapados en Francia y Reino Unido, as\u00ed como interpelar, tanto al gobierno franc\u00e9s como a la Comisi\u00f3n Europea, para que dichos conductores tengan<br \/>la posibilidad de poder <strong>retornar a sus lugares de procedencia con la mayor urgencia posible.<\/strong><\/p>\n<p>Si de lo que se trata es de <strong>evitar que se extienda la nueva variante del Covid-19<\/strong> detectada en el Reino Unido, dif\u00edcilmente se va a conseguir generando<strong> aglomeraciones innecesarias<\/strong> de miles de conductores abandonados en las cunetas o en aparcamientos disuasorios, improvisados de cualquier manera, sin las atenciones m\u00ednimas necesarias para que las personas all\u00ed hacinadas puedan cumplir con sus necesidades m\u00e1s b\u00e1sicas de comida, descanso y aseo, sin incrementar al mismo tiempo la posibilidad de un contagio por el elevado nivel de concentraci\u00f3n creado.<\/p>\n<p>En nuestra opini\u00f3n, la mejor medida de seguridad contra la propagaci\u00f3n del virus para cualquier transportista en este momento, es poner kil\u00f3metros de por medio en el espacio seguro de sus cabinas,<strong> no intervenir en las operaciones de carga y descarga<\/strong> y limitar al m\u00ednimo los contactos necesarios para el despacho documental de las mercanc\u00edas, para lo cual ser\u00eda a su vez el momento adecuado de impulsar la digitalizaci\u00f3n de los documentos de transporte.<\/p>\n<p>Al margen de las reivindicaciones que el sector tiene pendientes de resolver en las mesas de negociaci\u00f3n con el Ministerio de Transporte, Movilidad y Agenda Urbana, y de las <strong>enormes p\u00e9rdidas econ\u00f3micas<\/strong> que est\u00e1 ocasionando esta situaci\u00f3n sobrevenida, y de la que, sin duda, <strong>tendremos que hablar m\u00e1s adelante<\/strong>, lo que hoy nos urge, es que se d\u00e9 una salida satisfactoria a las necesidades del transporte de mercanc\u00edas por carretera, para lo que se hace imprescindible el apoyo incondicional del Gobierno espa\u00f1ol, a trav\u00e9s de todas las acciones diplom\u00e1ticas necesarias frente a sus hom\u00f3logos franceses y brit\u00e1nicos, as\u00ed como de la b\u00fasqueda de <strong>soluciones urgentes, armonizadas y consensuadas<\/strong> en el Consejo de la Uni\u00f3n Europea.<\/p>\n<p>En consecuencia, desde la CETM<strong> reclamamos la actuaci\u00f3n inmediata de todo el Gobierno<\/strong> para solventar la situaci\u00f3n descrita y <strong>conseguir el retorno urgente de nuestros conductores<\/strong>. Igualmente, solicitamos que se habiliten los cauces adecuados para a<strong>sistir a aquellos profesionales que, en el desarrollo de su trabajo, se puedan ver afectados por un posible contagio<\/strong> y no puedan retornar a sus domicilios de manera inmediata.<\/p>\n<p><em>Ovidio de la Roza, presidente de CETM.<\/em><\/p>\n<p>[\/et_pb_text][\/et_pb_column][et_pb_column type=&#8221;1_3&#8243; _builder_version=&#8221;3.25&#8243; custom_padding=&#8221;|||&#8221; custom_padding__hover=&#8221;|||&#8221;][et_pb_image src=&#8221;https:\/\/cetm-madrid.es\/web\/wp-content\/uploads\/2020\/12\/Captura-4.jpg&#8221; title_text=&#8221;Captura&#8221; align_tablet=&#8221;center&#8221; align_phone=&#8221;&#8221; align_last_edited=&#8221;on|desktop&#8221; admin_label=&#8221;Imagen&#8221; _builder_version=&#8221;4.4.8&#8243; animation_style=&#8221;slide&#8221; animation_direction=&#8221;left&#8221; animation_duration=&#8221;500ms&#8221; animation_intensity_slide=&#8221;10%&#8221; hover_enabled=&#8221;0&#8243; use_border_color=&#8221;off&#8221; border_color=&#8221;#ffffff&#8221; border_style=&#8221;solid&#8221; animation=&#8221;left&#8221; sticky=&#8221;off&#8221; always_center_on_mobile=&#8221;on&#8221;][\/et_pb_image][\/et_pb_column][\/et_pb_row][\/et_pb_section]<\/p>\n","protected":false},"excerpt":{"rendered":"<p>La actuaci\u00f3n de las empresas de transporte y de nuestros conductores durante el transcurso de toda la pandemia del Covid-19 est\u00e1 siendo ejemplar, tanto por su implicaci\u00f3n y compromiso por no dejar desabastecidos los mercados, atendiendo las necesidades de los ciudadanos sin ning\u00fan tipo de reticencias a pesar de los riesgos asumidos, como por su [&hellip;]<\/p>\n","protected":false},"author":1,"featured_media":7080,"comment_status":"closed","ping_status":"open","sticky":false,"template":"","format":"standard","meta":{"_et_pb_use_builder":"on","_et_pb_old_content":"","_et_gb_content_width":"","footnotes":""},"categories":[5,4],"tags":[],"class_list":["post-7077","post","type-post","status-publish","format-standard","has-post-thumbnail","hentry","category-general","category-organizacion"],"_links":{"self":[{"href":"https:\/\/cetm-madrid.es\/web\/wp-json\/wp\/v2\/posts\/7077","targetHints":{"allow":["GET"]}}],"collection":[{"href":"https:\/\/cetm-madrid.es\/web\/wp-json\/wp\/v2\/posts"}],"about":[{"href":"https:\/\/cetm-madrid.es\/web\/wp-json\/wp\/v2\/types\/post"}],"author":[{"embeddable":true,"href":"https:\/\/cetm-madrid.es\/web\/wp-json\/wp\/v2\/users\/1"}],"replies":[{"embeddable":true,"href":"https:\/\/cetm-madrid.es\/web\/wp-json\/wp\/v2\/comments?post=7077"}],"version-history":[{"count":4,"href":"https:\/\/cetm-madrid.es\/web\/wp-json\/wp\/v2\/posts\/7077\/revisions"}],"predecessor-version":[{"id":7091,"href":"https:\/\/cetm-madrid.es\/web\/wp-json\/wp\/v2\/posts\/7077\/revisions\/7091"}],"wp:featuredmedia":[{"embeddable":true,"href":"https:\/\/cetm-madrid.es\/web\/wp-json\/wp\/v2\/media\/7080"}],"wp:attachment":[{"href":"https:\/\/cetm-madrid.es\/web\/wp-json\/wp\/v2\/media?parent=7077"}],"wp:term":[{"taxonomy":"category","embeddable":true,"href":"https:\/\/cetm-madrid.es\/web\/wp-json\/wp\/v2\/categories?post=7077"},{"taxonomy":"post_tag","embeddable":true,"href":"https:\/\/cetm-madrid.es\/web\/wp-json\/wp\/v2\/tags?post=7077"}],"curies":[{"name":"wp","href":"https:\/\/api.w.org\/{rel}","templated":true}]}}