{"id":6975,"date":"2020-12-11T19:26:46","date_gmt":"2020-12-11T19:26:46","guid":{"rendered":"https:\/\/cetm-madrid.es\/web\/?p=6975"},"modified":"2020-12-14T19:33:54","modified_gmt":"2020-12-14T19:33:54","slug":"inscripcion-jornada-preparando-el-brexit-organizada-por-spc-spain","status":"publish","type":"post","link":"https:\/\/cetm-madrid.es\/web\/inscripcion-jornada-preparando-el-brexit-organizada-por-spc-spain\/","title":{"rendered":"INSCRIPCI\u00d3N JORNADA \u2018PREPARANDO EL BREXIT\u2019 ORGANIZADA POR SPC SPAIN"},"content":{"rendered":"<p>[et_pb_section fb_built=&#8221;1&#8243; admin_label=&#8221;section&#8221; _builder_version=&#8221;3.22&#8243;][et_pb_row admin_label=&#8221;row&#8221; _builder_version=&#8221;3.25&#8243; background_size=&#8221;initial&#8221; background_position=&#8221;top_left&#8221; background_repeat=&#8221;repeat&#8221; column_structure=&#8221;2_3,1_3&#8243;][et_pb_column type=&#8221;2_3&#8243; _builder_version=&#8221;3.25&#8243; custom_padding=&#8221;|||&#8221; custom_padding__hover=&#8221;|||&#8221;][et_pb_text admin_label=&#8221;Texto&#8221; _builder_version=&#8221;4.4.8&#8243; background_size=&#8221;initial&#8221; background_position=&#8221;top_left&#8221; background_repeat=&#8221;repeat&#8221; text_orientation=&#8221;justified&#8221; hover_enabled=&#8221;0&#8243; use_border_color=&#8221;off&#8221; border_color=&#8221;#ffffff&#8221; border_style=&#8221;solid&#8221;]<\/p>\n<p>La Asociaci\u00f3n Espa\u00f1ola de Promoci\u00f3n del Transporte Mar\u00edtimo de Corta Distancia (SPC Spain) celebra el pr\u00f3ximo mi\u00e9rcoles 16 de diciembre una jornada desde el puerto de Bilbao para <strong>estudiar la operativas portuarias tras el Brexit.<\/strong><\/p>\n<p>El evento se realizar\u00e1 en formato h\u00edbrido por lo que <strong>podr\u00e1 seguirse v\u00eda streaming<\/strong> y el objetivo es explicar los cambios que surgir\u00e1n en las operaciones portuarias una vez que el Brexit sea efectivo.<\/p>\n<p>Una vez que finalice la jornada, plataforma virtual <strong>se mantendr\u00e1 activa durante dos semanas<\/strong> para que los participantes puedan consultar dudas y ampliar conocimientos. Adem\u00e1s, dicha plataforma servir\u00e1 como punto de encuentro entre asistentes, ponentes y otros participantes, por lo que <strong>facilitar\u00e1 el networking.<\/strong><\/p>\n<p>El encuentro cuenta <strong>con la participaci\u00f3n de Manuel P\u00e9rezcarro<\/strong>, secretario general de CETM Frigor\u00edficos, que expondr\u00e1 los retos que supone el Brexit para el transporte por carretera de productos a temperatura controlada. El programa completo puede consultarse a trav\u00e9s del siguiente enlace: <a href=\"https:\/\/shortseabilbao.com\/\" target=\"_blank\" rel=\"noopener noreferrer\">https:\/\/shortseabilbao.com\/<\/a><\/p>\n<p>La inscripci\u00f3n se puede realizar a trav\u00e9s del siguiente enlace <strong>cumplimentando un breve cuestionario<\/strong>:\u00a0 <a href=\"https:\/\/shortseabilbao.us7.listmanage.com\/subscribe?u=56f27629312851984c4909f2c&amp;id=61cf6a2e45\" target=\"_blank\" rel=\"noopener noreferrer\">https:\/\/shortseabilbao.us7.listmanage.com\/subscribe?u=56f27629312851984c4909f2c&amp;id=61cf6a2e45<\/a><\/p>\n<p>[\/et_pb_text][\/et_pb_column][et_pb_column type=&#8221;1_3&#8243; _builder_version=&#8221;3.25&#8243; custom_padding=&#8221;|||&#8221; custom_padding__hover=&#8221;|||&#8221;][et_pb_image src=&#8221;https:\/\/cetm-madrid.es\/web\/wp-content\/uploads\/2020\/12\/Captura-2.jpg&#8221; align_tablet=&#8221;center&#8221; align_last_edited=&#8221;on|desktop&#8221; admin_label=&#8221;Imagen&#8221; _builder_version=&#8221;4.4.8&#8243; animation_style=&#8221;slide&#8221; animation_direction=&#8221;left&#8221; animation_duration=&#8221;500ms&#8221; animation_intensity_slide=&#8221;10%&#8221; hover_enabled=&#8221;0&#8243; use_border_color=&#8221;off&#8221; border_color=&#8221;#ffffff&#8221; border_style=&#8221;solid&#8221; animation=&#8221;left&#8221; sticky=&#8221;off&#8221; always_center_on_mobile=&#8221;on&#8221; title_text=&#8221;Captura&#8221;][\/et_pb_image][et_pb_button _builder_version=&#8221;4.4.8&#8243; button_text=&#8221;PROGRAMA&#8221; button_url=&#8221;https:\/\/cetm-madrid.es\/web\/wp-content\/uploads\/2020\/12\/Programa-Shortsea.pdf&#8221; hover_enabled=&#8221;0&#8243;][\/et_pb_button][\/et_pb_column][\/et_pb_row][\/et_pb_section]<\/p>\n","protected":false},"excerpt":{"rendered":"<p>La Asociaci\u00f3n Espa\u00f1ola de Promoci\u00f3n del Transporte Mar\u00edtimo de Corta Distancia (SPC Spain) celebra el pr\u00f3ximo mi\u00e9rcoles 16 de diciembre una jornada desde el puerto de Bilbao para estudiar la operativas portuarias tras el Brexit. El evento se realizar\u00e1 en formato h\u00edbrido por lo que podr\u00e1 seguirse v\u00eda streaming y el objetivo es explicar los [&hellip;]<\/p>\n","protected":false},"author":1,"featured_media":6978,"comment_status":"closed","ping_status":"open","sticky":false,"template":"","format":"standard","meta":{"_et_pb_use_builder":"on","_et_pb_old_content":"","_et_gb_content_width":"","footnotes":""},"categories":[5,4],"tags":[],"class_list":["post-6975","post","type-post","status-publish","format-standard","has-post-thumbnail","hentry","category-general","category-organizacion"],"_links":{"self":[{"href":"https:\/\/cetm-madrid.es\/web\/wp-json\/wp\/v2\/posts\/6975","targetHints":{"allow":["GET"]}}],"collection":[{"href":"https:\/\/cetm-madrid.es\/web\/wp-json\/wp\/v2\/posts"}],"about":[{"href":"https:\/\/cetm-madrid.es\/web\/wp-json\/wp\/v2\/types\/post"}],"author":[{"embeddable":true,"href":"https:\/\/cetm-madrid.es\/web\/wp-json\/wp\/v2\/users\/1"}],"replies":[{"embeddable":true,"href":"https:\/\/cetm-madrid.es\/web\/wp-json\/wp\/v2\/comments?post=6975"}],"version-history":[{"count":2,"href":"https:\/\/cetm-madrid.es\/web\/wp-json\/wp\/v2\/posts\/6975\/revisions"}],"predecessor-version":[{"id":6980,"href":"https:\/\/cetm-madrid.es\/web\/wp-json\/wp\/v2\/posts\/6975\/revisions\/6980"}],"wp:featuredmedia":[{"embeddable":true,"href":"https:\/\/cetm-madrid.es\/web\/wp-json\/wp\/v2\/media\/6978"}],"wp:attachment":[{"href":"https:\/\/cetm-madrid.es\/web\/wp-json\/wp\/v2\/media?parent=6975"}],"wp:term":[{"taxonomy":"category","embeddable":true,"href":"https:\/\/cetm-madrid.es\/web\/wp-json\/wp\/v2\/categories?post=6975"},{"taxonomy":"post_tag","embeddable":true,"href":"https:\/\/cetm-madrid.es\/web\/wp-json\/wp\/v2\/tags?post=6975"}],"curies":[{"name":"wp","href":"https:\/\/api.w.org\/{rel}","templated":true}]}}