{"id":6970,"date":"2020-12-10T18:51:26","date_gmt":"2020-12-10T18:51:26","guid":{"rendered":"https:\/\/cetm-madrid.es\/web\/?p=6970"},"modified":"2020-12-14T19:22:45","modified_gmt":"2020-12-14T19:22:45","slug":"inscripcion-para-la-jornada-zal-del-puerto-de-huelva-que-se-celebrara-el-proximo-miercoles-16-de-diciembre-via-streaming","status":"publish","type":"post","link":"https:\/\/cetm-madrid.es\/web\/inscripcion-para-la-jornada-zal-del-puerto-de-huelva-que-se-celebrara-el-proximo-miercoles-16-de-diciembre-via-streaming\/","title":{"rendered":"INSCRIPCI\u00d3N PARA LA JORNADA \u2018ZAL DEL PUERTO DE HUELVA\u2019 QUE SE CELEBRAR\u00c1 EL PR\u00d3XIMO MI\u00c9RCOLES 16 DE DICIEMBRE V\u00cdA STREAMING"},"content":{"rendered":"<p>[et_pb_section fb_built=&#8221;1&#8243; admin_label=&#8221;section&#8221; _builder_version=&#8221;3.22&#8243;][et_pb_row admin_label=&#8221;row&#8221; _builder_version=&#8221;3.25&#8243; background_size=&#8221;initial&#8221; background_position=&#8221;top_left&#8221; background_repeat=&#8221;repeat&#8221; column_structure=&#8221;2_3,1_3&#8243;][et_pb_column type=&#8221;2_3&#8243; _builder_version=&#8221;3.25&#8243; custom_padding=&#8221;|||&#8221; custom_padding__hover=&#8221;|||&#8221;][et_pb_text admin_label=&#8221;Texto&#8221; _builder_version=&#8221;4.4.8&#8243; background_size=&#8221;initial&#8221; background_position=&#8221;top_left&#8221; background_repeat=&#8221;repeat&#8221; text_orientation=&#8221;justified&#8221; hover_enabled=&#8221;0&#8243; use_border_color=&#8221;off&#8221; border_color=&#8221;#ffffff&#8221; border_style=&#8221;solid&#8221;]<\/p>\n<p>La C\u00e1mara Oficial de Comercio, Industria, Servicios y Navegaci\u00f3n de Huelva y la Autoridad Portuaria de Huelva celebran el pr\u00f3ximo <strong>mi\u00e9rcoles 16 de noviembre<\/strong> la Jornada \u2018ZAL del Puerto de Huelva\u2019, englobada dentro de las actividades del proyecto FOCOMAR.<\/p>\n<p>El evento se podr\u00e1 previsualizar<strong> v\u00eda Streaming<\/strong> y se dar\u00e1 la opci\u00f3n de recibir m\u00e1s informaci\u00f3n a trav\u00e9s de una \u2018Bolsa de Jornada Virtual\u2019 para acceder al material presentado.<\/p>\n<p>Durante el encuentro se tratar\u00e1n temas de inter\u00e9s para el sector como el an\u00e1lisis de la <strong>log\u00edstica agroalimentaria, la log\u00edstica sanitaria hospitalaria o la distribuci\u00f3n urbana de mercanc\u00edas.<\/strong> Adem\u00e1s, se presentar\u00e1n los resultados sobre las actividades desarrolladas dentro del proyecto FOCOMAR sobre la promoci\u00f3n y desarrollo de la Zona de Actividades Log\u00edsticas del Puerto de Huelva.<\/p>\n<p><strong>Ram\u00f3n V\u00e1zquez<\/strong>, presidente de la Asociaci\u00f3n de Centros de Transporte y Log\u00edstica de Espa\u00f1a (ACTE), <strong>participar\u00e1<\/strong> en el Cl\u00faster de Log\u00edstica General y Distribuci\u00f3n Urbana de Mercanc\u00edas.<\/p>\n<p>Aquellos que est\u00e9n interesados en seguir el evento, solo tienen que <strong>formalizar su inscripci\u00f3n a trav\u00e9s del siguiente enlace,<\/strong> cumplimentando un breve formulario: <a href=\"https:\/\/docs.google.com\/forms\/d\/e\/1FAIpQLSflz60vFYj5UDSHUKTZW83kHTCWciGu\" target=\"_blank\" rel=\"noopener noreferrer\">https:\/\/docs.google.com\/forms\/d\/e\/1FAIpQLSflz60vFYj5UDSHUKTZW83kHTCWciGu<\/a><br \/><a href=\"_wp_link_placeholder\"> 0z1yGCxVP_N-uW8M0w\/viewform?vc=0&amp;c=0&amp;w=1&amp;flr=0<\/a><\/p>\n<p>Desde la CETM animamos a todos nuestros asociados a participar en la Jornada puesto que el contenido puede ser de utilidad en su d\u00eda a d\u00eda. Adjuntamos el programa completo para su consulta.<\/p>\n<p>[\/et_pb_text][\/et_pb_column][et_pb_column type=&#8221;1_3&#8243; _builder_version=&#8221;3.25&#8243; custom_padding=&#8221;|||&#8221; custom_padding__hover=&#8221;|||&#8221;][et_pb_image src=&#8221;https:\/\/cetm-madrid.es\/web\/wp-content\/uploads\/2020\/12\/Captura.jpg&#8221; align_tablet=&#8221;center&#8221; align_last_edited=&#8221;on|desktop&#8221; admin_label=&#8221;Imagen&#8221; _builder_version=&#8221;4.4.8&#8243; animation_style=&#8221;slide&#8221; animation_direction=&#8221;left&#8221; animation_duration=&#8221;500ms&#8221; animation_intensity_slide=&#8221;10%&#8221; hover_enabled=&#8221;0&#8243; use_border_color=&#8221;off&#8221; border_color=&#8221;#ffffff&#8221; border_style=&#8221;solid&#8221; animation=&#8221;left&#8221; sticky=&#8221;off&#8221; always_center_on_mobile=&#8221;on&#8221; title_text=&#8221;Captura&#8221;][\/et_pb_image][\/et_pb_column][\/et_pb_row][\/et_pb_section]<\/p>\n","protected":false},"excerpt":{"rendered":"<p>La C\u00e1mara Oficial de Comercio, Industria, Servicios y Navegaci\u00f3n de Huelva y la Autoridad Portuaria de Huelva celebran el pr\u00f3ximo mi\u00e9rcoles 16 de noviembre la Jornada \u2018ZAL del Puerto de Huelva\u2019, englobada dentro de las actividades del proyecto FOCOMAR. El evento se podr\u00e1 previsualizar v\u00eda Streaming y se dar\u00e1 la opci\u00f3n de recibir m\u00e1s informaci\u00f3n [&hellip;]<\/p>\n","protected":false},"author":1,"featured_media":6973,"comment_status":"closed","ping_status":"open","sticky":false,"template":"","format":"standard","meta":{"_et_pb_use_builder":"on","_et_pb_old_content":"","_et_gb_content_width":"","footnotes":""},"categories":[5,4],"tags":[],"class_list":["post-6970","post","type-post","status-publish","format-standard","has-post-thumbnail","hentry","category-general","category-organizacion"],"_links":{"self":[{"href":"https:\/\/cetm-madrid.es\/web\/wp-json\/wp\/v2\/posts\/6970","targetHints":{"allow":["GET"]}}],"collection":[{"href":"https:\/\/cetm-madrid.es\/web\/wp-json\/wp\/v2\/posts"}],"about":[{"href":"https:\/\/cetm-madrid.es\/web\/wp-json\/wp\/v2\/types\/post"}],"author":[{"embeddable":true,"href":"https:\/\/cetm-madrid.es\/web\/wp-json\/wp\/v2\/users\/1"}],"replies":[{"embeddable":true,"href":"https:\/\/cetm-madrid.es\/web\/wp-json\/wp\/v2\/comments?post=6970"}],"version-history":[{"count":2,"href":"https:\/\/cetm-madrid.es\/web\/wp-json\/wp\/v2\/posts\/6970\/revisions"}],"predecessor-version":[{"id":6974,"href":"https:\/\/cetm-madrid.es\/web\/wp-json\/wp\/v2\/posts\/6970\/revisions\/6974"}],"wp:featuredmedia":[{"embeddable":true,"href":"https:\/\/cetm-madrid.es\/web\/wp-json\/wp\/v2\/media\/6973"}],"wp:attachment":[{"href":"https:\/\/cetm-madrid.es\/web\/wp-json\/wp\/v2\/media?parent=6970"}],"wp:term":[{"taxonomy":"category","embeddable":true,"href":"https:\/\/cetm-madrid.es\/web\/wp-json\/wp\/v2\/categories?post=6970"},{"taxonomy":"post_tag","embeddable":true,"href":"https:\/\/cetm-madrid.es\/web\/wp-json\/wp\/v2\/tags?post=6970"}],"curies":[{"name":"wp","href":"https:\/\/api.w.org\/{rel}","templated":true}]}}