{"id":6939,"date":"2020-12-02T07:34:34","date_gmt":"2020-12-02T07:34:34","guid":{"rendered":"https:\/\/cetm-madrid.es\/web\/?p=6939"},"modified":"2020-12-03T07:46:03","modified_gmt":"2020-12-03T07:46:03","slug":"celebracion-de-la-jornada-novedades-normativas-en-las-relaciones-laborales-del-transporte-de-mercancias","status":"publish","type":"post","link":"https:\/\/cetm-madrid.es\/web\/celebracion-de-la-jornada-novedades-normativas-en-las-relaciones-laborales-del-transporte-de-mercancias\/","title":{"rendered":"CELEBRACI\u00d3N DE LA JORNADA-NOVEDADES NORMATIVAS EN LAS RELACIONES LABORALES DEL TRANSPORTE DE MERCANC\u00cdAS"},"content":{"rendered":"<p>[et_pb_section fb_built=&#8221;1&#8243; admin_label=&#8221;section&#8221; _builder_version=&#8221;3.22&#8243;][et_pb_row admin_label=&#8221;row&#8221; _builder_version=&#8221;3.25&#8243; background_size=&#8221;initial&#8221; background_position=&#8221;top_left&#8221; background_repeat=&#8221;repeat&#8221; column_structure=&#8221;2_3,1_3&#8243;][et_pb_column type=&#8221;2_3&#8243; _builder_version=&#8221;3.25&#8243; custom_padding=&#8221;|||&#8221; custom_padding__hover=&#8221;|||&#8221;][et_pb_text admin_label=&#8221;Texto&#8221; _builder_version=&#8221;4.4.8&#8243; background_size=&#8221;initial&#8221; background_position=&#8221;top_left&#8221; background_repeat=&#8221;repeat&#8221; text_orientation=&#8221;justified&#8221; hover_enabled=&#8221;0&#8243; use_border_color=&#8221;off&#8221; border_color=&#8221;#ffffff&#8221; border_style=&#8221;solid&#8221;]<\/p>\n<p>La <strong>Confederaci\u00f3n Espa\u00f1ola de Transporte de Mercanc\u00edas (CETM)<\/strong> celebrar\u00e1 el pr\u00f3ximo <strong>mi\u00e9rcoles 16 de diciembre<\/strong> la Jornada \u2018Novedades normativas en las relaciones laborales del Transporte de Mercanc\u00edas\u201d.<\/p>\n<p>El objetivo es difundir entre las empresas del sector del transporte de mercanc\u00edas y las asociaciones profesionales las claves para conocer las distintas novedades legales que durante este a\u00f1o se han ido produciendo que afectan al \u00e1mbito de las relaciones laborales,<br \/>bien por cambios en la normativa sectorial o por cambios que afectan a todos los sectores.\u00a0<\/p>\n<p>El encuentro se celebrar\u00e1 en la sede de <strong>CETM, C\/ L\u00f3pez de Hoyos, 322 (Madrid)<\/strong> y contar\u00e1 con la participaci\u00f3n del despacho de <strong>Abogados PEREIRA MENAUT.<\/strong><\/p>\n<p>La<strong> primera sesi\u00f3n<\/strong> de la jornada, a cargo de <strong>Inmaculada Pereira<\/strong>, estar\u00e1 centrada en la nueva regulaci\u00f3n del trabajo a distancia y las distintas novedades en materia de igualdad en las empresas.<\/p>\n<p>La <strong>segunda sesi\u00f3n<\/strong> de la jornada, con una presentaci\u00f3n de <strong>Miguel Pereira<\/strong>, se centrar\u00e1 en el paquete de movilidad y su incidencia en la jornada de trabajo de los conductores, as\u00ed como en la iniciativa de regulaci\u00f3n del trabajo a trav\u00e9s de plataformas digitales.<\/p>\n<p>La jornada est\u00e1 incluida dentro del <strong>Plan de Ayudas a la Formaci\u00f3n del Ministerio de Transportes, Movilidad y Agenda Urbana.<\/strong> Tiene car\u00e1cter presencial en horario de <strong>09:00 a 14:00 horas,<\/strong> con una pausa para el caf\u00e9. Rogamos que aquellos que est\u00e9is interesados<br \/>confirm\u00e9is vuestra asistencia enviando un correo a <strong><span style=\"text-decoration: underline;\">comunicacion@cetm.es<\/span><\/strong> con la ficha de inscripci\u00f3n que se incluye.<\/p>\n<p>[\/et_pb_text][\/et_pb_column][et_pb_column type=&#8221;1_3&#8243; _builder_version=&#8221;3.25&#8243; custom_padding=&#8221;|||&#8221; custom_padding__hover=&#8221;|||&#8221;][et_pb_image src=&#8221;https:\/\/cetm-madrid.es\/web\/wp-content\/uploads\/2020\/05\/Captura-2-.jpg&#8221; align_tablet=&#8221;center&#8221; align_last_edited=&#8221;on|desktop&#8221; admin_label=&#8221;Imagen&#8221; _builder_version=&#8221;4.4.8&#8243; animation_style=&#8221;slide&#8221; animation_direction=&#8221;left&#8221; animation_duration=&#8221;500ms&#8221; animation_intensity_slide=&#8221;10%&#8221; hover_enabled=&#8221;0&#8243; use_border_color=&#8221;off&#8221; border_color=&#8221;#ffffff&#8221; border_style=&#8221;solid&#8221; animation=&#8221;left&#8221; sticky=&#8221;off&#8221; always_center_on_mobile=&#8221;on&#8221; title_text=&#8221;Captura 2&#8243;][\/et_pb_image][et_pb_button _builder_version=&#8221;4.4.8&#8243; button_url=&#8221;https:\/\/cetm-madrid.es\/web\/wp-content\/uploads\/2020\/12\/CARTEL-JORNADA-RRLL-16-12-2020.pdf&#8221; button_text=&#8221;CARTEL JORNADA&#8221; url_new_window=&#8221;on&#8221; hover_enabled=&#8221;0&#8243;][\/et_pb_button][et_pb_button _builder_version=&#8221;4.4.8&#8243; button_text=&#8221;PROGRAMA&#8221; button_url=&#8221;https:\/\/cetm-madrid.es\/web\/wp-content\/uploads\/2020\/12\/Programa-Jornada-T\u00e9cnica-NOVEDADES-NORMATIVAS-RELACIONES-LABORALES-DEL-TRANSPORTE-2020-12-16.pdf&#8221; url_new_window=&#8221;on&#8221; hover_enabled=&#8221;0&#8243;][\/et_pb_button][\/et_pb_column][\/et_pb_row][\/et_pb_section]<\/p>\n","protected":false},"excerpt":{"rendered":"<p>La Confederaci\u00f3n Espa\u00f1ola de Transporte de Mercanc\u00edas (CETM) celebrar\u00e1 el pr\u00f3ximo mi\u00e9rcoles 16 de diciembre la Jornada \u2018Novedades normativas en las relaciones laborales del Transporte de Mercanc\u00edas\u201d. El objetivo es difundir entre las empresas del sector del transporte de mercanc\u00edas y las asociaciones profesionales las claves para conocer las distintas novedades legales que durante este [&hellip;]<\/p>\n","protected":false},"author":1,"featured_media":5300,"comment_status":"closed","ping_status":"open","sticky":false,"template":"","format":"standard","meta":{"_et_pb_use_builder":"on","_et_pb_old_content":"","_et_gb_content_width":"","footnotes":""},"categories":[5,4],"tags":[],"class_list":["post-6939","post","type-post","status-publish","format-standard","has-post-thumbnail","hentry","category-general","category-organizacion"],"_links":{"self":[{"href":"https:\/\/cetm-madrid.es\/web\/wp-json\/wp\/v2\/posts\/6939","targetHints":{"allow":["GET"]}}],"collection":[{"href":"https:\/\/cetm-madrid.es\/web\/wp-json\/wp\/v2\/posts"}],"about":[{"href":"https:\/\/cetm-madrid.es\/web\/wp-json\/wp\/v2\/types\/post"}],"author":[{"embeddable":true,"href":"https:\/\/cetm-madrid.es\/web\/wp-json\/wp\/v2\/users\/1"}],"replies":[{"embeddable":true,"href":"https:\/\/cetm-madrid.es\/web\/wp-json\/wp\/v2\/comments?post=6939"}],"version-history":[{"count":4,"href":"https:\/\/cetm-madrid.es\/web\/wp-json\/wp\/v2\/posts\/6939\/revisions"}],"predecessor-version":[{"id":6946,"href":"https:\/\/cetm-madrid.es\/web\/wp-json\/wp\/v2\/posts\/6939\/revisions\/6946"}],"wp:featuredmedia":[{"embeddable":true,"href":"https:\/\/cetm-madrid.es\/web\/wp-json\/wp\/v2\/media\/5300"}],"wp:attachment":[{"href":"https:\/\/cetm-madrid.es\/web\/wp-json\/wp\/v2\/media?parent=6939"}],"wp:term":[{"taxonomy":"category","embeddable":true,"href":"https:\/\/cetm-madrid.es\/web\/wp-json\/wp\/v2\/categories?post=6939"},{"taxonomy":"post_tag","embeddable":true,"href":"https:\/\/cetm-madrid.es\/web\/wp-json\/wp\/v2\/tags?post=6939"}],"curies":[{"name":"wp","href":"https:\/\/api.w.org\/{rel}","templated":true}]}}