{"id":6886,"date":"2020-11-30T08:15:42","date_gmt":"2020-11-30T08:15:42","guid":{"rendered":"https:\/\/cetm-madrid.es\/web\/?p=6886"},"modified":"2020-12-01T08:23:48","modified_gmt":"2020-12-01T08:23:48","slug":"levantamiento-de-las-restricciones-de-trafico-los-fines-de-semana-en-francia-hasta-el-27-de-diciembre-para-las-operaciones-de-mensajeria","status":"publish","type":"post","link":"https:\/\/cetm-madrid.es\/web\/levantamiento-de-las-restricciones-de-trafico-los-fines-de-semana-en-francia-hasta-el-27-de-diciembre-para-las-operaciones-de-mensajeria\/","title":{"rendered":"LEVANTAMIENTO DE LAS RESTRICCIONES DE TR\u00c1FICO LOS FINES DE SEMANA EN FRANCIA HASTA EL 27 DE DICIEMBRE PARA LAS OPERACIONES DE MENSAJER\u00cdA"},"content":{"rendered":"<p>[et_pb_section fb_built=&#8221;1&#8243; admin_label=&#8221;section&#8221; _builder_version=&#8221;3.22&#8243;][et_pb_row admin_label=&#8221;row&#8221; _builder_version=&#8221;3.25&#8243; background_size=&#8221;initial&#8221; background_position=&#8221;top_left&#8221; background_repeat=&#8221;repeat&#8221; column_structure=&#8221;2_3,1_3&#8243;][et_pb_column type=&#8221;2_3&#8243; _builder_version=&#8221;3.25&#8243; custom_padding=&#8221;|||&#8221; custom_padding__hover=&#8221;|||&#8221;][et_pb_text admin_label=&#8221;Texto&#8221; _builder_version=&#8221;4.4.8&#8243; background_size=&#8221;initial&#8221; background_position=&#8221;top_left&#8221; background_repeat=&#8221;repeat&#8221; text_orientation=&#8221;justified&#8221; hover_enabled=&#8221;0&#8243; use_border_color=&#8221;off&#8221; border_color=&#8221;#ffffff&#8221; border_style=&#8221;solid&#8221;]<\/p>\n<p>La CETM ha podido conocer a trav\u00e9s de la asociaci\u00f3n francesa AFTRI que Francia ha levantado las restricciones de tr\u00e1fico de los fines de semana <strong>hasta el pr\u00f3ximo 27 de diciembre.<\/strong><\/p>\n<p>Esta excepci\u00f3n <strong>SOLO<\/strong> afecta a los veh\u00edculos con una <strong>MMA superior a 7.5 toneladas y que transportan paquetes de mensajer\u00eda<\/strong> durante:<\/p>\n<p>\u2022 Desde el s\u00e1bado 5 de diciembre a las 22:00 horas hasta el domingo 6 de diciembre a las 22:00 horas.<\/p>\n<p>\u2022 Desde el s\u00e1bado 12 de diciembre a las 22:00 horas hasta el domingo 13 de diciembre a las 22:00 horas.<\/p>\n<p>\u2022 Desde el s\u00e1bado 19 de diciembre a las 22:00 horas hasta el domingo 20 de diciembre a las 22:00 horas<\/p>\n<p>\u2022 Desde el s\u00e1bado 26 de diciembre a las 22:00 horas hasta el domingo 27 de diciembre a las 12:00 horas.<\/p>\n<p>Adem\u00e1s, <strong>se autoriza la devoluci\u00f3n en vac\u00edo de estos veh\u00edculos<\/strong> durante los periodos de levantamiento de prohibici\u00f3n mencionados anteriormente y hasta las 22:00 horas del 27 de diciembre.<\/p>\n<p>Se adjunta la comunicaci\u00f3n enviada por AFTRI para su consulta.<\/p>\n<p>[\/et_pb_text][\/et_pb_column][et_pb_column type=&#8221;1_3&#8243; _builder_version=&#8221;3.25&#8243; custom_padding=&#8221;|||&#8221; custom_padding__hover=&#8221;|||&#8221;][et_pb_image src=&#8221;https:\/\/cetm-madrid.es\/web\/wp-content\/uploads\/2020\/12\/Dise\u00f1o-sin-t\u00edtulo-15.png&#8221; align_tablet=&#8221;center&#8221; align_last_edited=&#8221;on|desktop&#8221; admin_label=&#8221;Imagen&#8221; _builder_version=&#8221;4.4.8&#8243; animation_style=&#8221;slide&#8221; animation_direction=&#8221;left&#8221; animation_duration=&#8221;500ms&#8221; animation_intensity_slide=&#8221;10%&#8221; hover_enabled=&#8221;0&#8243; use_border_color=&#8221;off&#8221; border_color=&#8221;#ffffff&#8221; border_style=&#8221;solid&#8221; animation=&#8221;left&#8221; sticky=&#8221;off&#8221; always_center_on_mobile=&#8221;on&#8221; title_text=&#8221;Dise\u00f1o sin t\u00edtulo (15)&#8221;][\/et_pb_image][et_pb_button _builder_version=&#8221;4.4.8&#8243; button_text=&#8221;AFTRI&#8221; hover_enabled=&#8221;0&#8243; button_url=&#8221;https:\/\/cetm-madrid.es\/web\/wp-content\/uploads\/2020\/12\/AFTRI.pdf&#8221; url_new_window=&#8221;on&#8221;][\/et_pb_button][\/et_pb_column][\/et_pb_row][\/et_pb_section]<\/p>\n","protected":false},"excerpt":{"rendered":"<p>La CETM ha podido conocer a trav\u00e9s de la asociaci\u00f3n francesa AFTRI que Francia ha levantado las restricciones de tr\u00e1fico de los fines de semana hasta el pr\u00f3ximo 27 de diciembre. Esta excepci\u00f3n SOLO afecta a los veh\u00edculos con una MMA superior a 7.5 toneladas y que transportan paquetes de mensajer\u00eda durante: \u2022 Desde el [&hellip;]<\/p>\n","protected":false},"author":1,"featured_media":6889,"comment_status":"closed","ping_status":"open","sticky":false,"template":"","format":"standard","meta":{"_et_pb_use_builder":"on","_et_pb_old_content":"","_et_gb_content_width":"","footnotes":""},"categories":[5,4],"tags":[],"class_list":["post-6886","post","type-post","status-publish","format-standard","has-post-thumbnail","hentry","category-general","category-organizacion"],"_links":{"self":[{"href":"https:\/\/cetm-madrid.es\/web\/wp-json\/wp\/v2\/posts\/6886","targetHints":{"allow":["GET"]}}],"collection":[{"href":"https:\/\/cetm-madrid.es\/web\/wp-json\/wp\/v2\/posts"}],"about":[{"href":"https:\/\/cetm-madrid.es\/web\/wp-json\/wp\/v2\/types\/post"}],"author":[{"embeddable":true,"href":"https:\/\/cetm-madrid.es\/web\/wp-json\/wp\/v2\/users\/1"}],"replies":[{"embeddable":true,"href":"https:\/\/cetm-madrid.es\/web\/wp-json\/wp\/v2\/comments?post=6886"}],"version-history":[{"count":2,"href":"https:\/\/cetm-madrid.es\/web\/wp-json\/wp\/v2\/posts\/6886\/revisions"}],"predecessor-version":[{"id":6891,"href":"https:\/\/cetm-madrid.es\/web\/wp-json\/wp\/v2\/posts\/6886\/revisions\/6891"}],"wp:featuredmedia":[{"embeddable":true,"href":"https:\/\/cetm-madrid.es\/web\/wp-json\/wp\/v2\/media\/6889"}],"wp:attachment":[{"href":"https:\/\/cetm-madrid.es\/web\/wp-json\/wp\/v2\/media?parent=6886"}],"wp:term":[{"taxonomy":"category","embeddable":true,"href":"https:\/\/cetm-madrid.es\/web\/wp-json\/wp\/v2\/categories?post=6886"},{"taxonomy":"post_tag","embeddable":true,"href":"https:\/\/cetm-madrid.es\/web\/wp-json\/wp\/v2\/tags?post=6886"}],"curies":[{"name":"wp","href":"https:\/\/api.w.org\/{rel}","templated":true}]}}