{"id":6881,"date":"2020-11-27T16:40:54","date_gmt":"2020-11-27T16:40:54","guid":{"rendered":"https:\/\/cetm-madrid.es\/web\/?p=6881"},"modified":"2020-11-29T16:43:37","modified_gmt":"2020-11-29T16:43:37","slug":"pablo-m-gutierrez-renueva-como-presidente-de-ocem","status":"publish","type":"post","link":"https:\/\/cetm-madrid.es\/web\/pablo-m-gutierrez-renueva-como-presidente-de-ocem\/","title":{"rendered":"Pablo M. Guti\u00e9rrez renueva como presidente de OCEM"},"content":{"rendered":"<p>[et_pb_section fb_built=&#8221;1&#8243; admin_label=&#8221;section&#8221; _builder_version=&#8221;3.22&#8243;][et_pb_row admin_label=&#8221;row&#8221; _builder_version=&#8221;3.25&#8243; background_size=&#8221;initial&#8221; background_position=&#8221;top_left&#8221; background_repeat=&#8221;repeat&#8221; column_structure=&#8221;2_3,1_3&#8243;][et_pb_column type=&#8221;2_3&#8243; _builder_version=&#8221;3.25&#8243; custom_padding=&#8221;|||&#8221; custom_padding__hover=&#8221;|||&#8221;][et_pb_text admin_label=&#8221;Texto&#8221; _builder_version=&#8221;4.4.8&#8243; background_size=&#8221;initial&#8221; background_position=&#8221;top_left&#8221; background_repeat=&#8221;repeat&#8221; text_orientation=&#8221;justified&#8221; hover_enabled=&#8221;0&#8243; use_border_color=&#8221;off&#8221; border_color=&#8221;#ffffff&#8221; border_style=&#8221;solid&#8221;]<\/p>\n<p>La Asamblea General del Grupo OCEM, integrado en CETM-Madrid, ha dado el respaldo para la continuidad de Pablo M. Guti\u00e9rrez al frente de la patronal de las mudanzas de la Comunidad de Madrid para los pr\u00f3ximos cuatro a\u00f1os.<\/p>\n<p>En la reuni\u00f3n mantenida esta semana, el reci\u00e9n reelegido presidente de OCEM insisti\u00f3 en su idea de luchar por el sector madrile\u00f1o de mudanzas, alegando que todav\u00eda \u201cqueda mucho por hacer\u201d y recordando que \u201chasta el momento, se han recibido muchas zancadillas por parte de las instituciones\u201d.<\/p>\n<p>\u201cEs todo un orgullo representar a OCEM y a CETM-Madrid, por lo que mantendremos una l\u00ednea continuista en nuestro trabajo, desarrollado en los \u00faltimos a\u00f1os\u201d, aleg\u00f3 Pablo M. Guti\u00e9rrez.<\/p>\n<p>A pesar de ello, lament\u00f3 \u201cla falta de asistencia\u201d de asociados de OCEM en la \u00faltima Asamblea General, por lo que reclam\u00f3 \u201cuna mayor participaci\u00f3n por parte de las empresas de mudanzas\u201d, porque en un futuro inmediato \u201cser\u00e1 necesaria una mayor unidad para conseguir defender un sector que est\u00e1 siendo maltratado\u201d.<\/p>\n<p>Adem\u00e1s, Pablo M. Guti\u00e9rrez hizo un balance positivo de la integraci\u00f3n de OCEM en CETM-Madrid, ya que se ha conseguido \u201cganar una mayor representatividad y m\u00e1s presencia\u201d del sector de las mudanzas en las principales organizaciones empresariales del transporte, como el Comit\u00e9 Madrile\u00f1o del Transporte por Carretera.<\/p>\n<p>[\/et_pb_text][\/et_pb_column][et_pb_column type=&#8221;1_3&#8243; _builder_version=&#8221;3.25&#8243; custom_padding=&#8221;|||&#8221; custom_padding__hover=&#8221;|||&#8221;][et_pb_image src=&#8221;https:\/\/cetm-madrid.es\/web\/wp-content\/uploads\/2020\/11\/DSC_0463-scaled.jpg&#8221; align_tablet=&#8221;center&#8221; align_last_edited=&#8221;on|desktop&#8221; admin_label=&#8221;Imagen&#8221; _builder_version=&#8221;4.4.8&#8243; animation_style=&#8221;slide&#8221; animation_direction=&#8221;left&#8221; animation_duration=&#8221;500ms&#8221; animation_intensity_slide=&#8221;10%&#8221; hover_enabled=&#8221;0&#8243; use_border_color=&#8221;off&#8221; border_color=&#8221;#ffffff&#8221; border_style=&#8221;solid&#8221; animation=&#8221;left&#8221; sticky=&#8221;off&#8221; always_center_on_mobile=&#8221;on&#8221; title_text=&#8221;DSC_0463&#8243;][\/et_pb_image][\/et_pb_column][\/et_pb_row][\/et_pb_section]<\/p>\n","protected":false},"excerpt":{"rendered":"<p>La Asamblea General del Grupo OCEM, integrado en CETM-Madrid, ha dado el respaldo para la continuidad de Pablo M. Guti\u00e9rrez al frente de la patronal de las mudanzas de la Comunidad de Madrid para los pr\u00f3ximos cuatro a\u00f1os. En la reuni\u00f3n mantenida esta semana, el reci\u00e9n reelegido presidente de OCEM insisti\u00f3 en su idea de [&hellip;]<\/p>\n","protected":false},"author":1,"featured_media":6884,"comment_status":"closed","ping_status":"open","sticky":false,"template":"","format":"standard","meta":{"_et_pb_use_builder":"on","_et_pb_old_content":"","_et_gb_content_width":"","footnotes":""},"categories":[5,4],"tags":[],"class_list":["post-6881","post","type-post","status-publish","format-standard","has-post-thumbnail","hentry","category-general","category-organizacion"],"_links":{"self":[{"href":"https:\/\/cetm-madrid.es\/web\/wp-json\/wp\/v2\/posts\/6881","targetHints":{"allow":["GET"]}}],"collection":[{"href":"https:\/\/cetm-madrid.es\/web\/wp-json\/wp\/v2\/posts"}],"about":[{"href":"https:\/\/cetm-madrid.es\/web\/wp-json\/wp\/v2\/types\/post"}],"author":[{"embeddable":true,"href":"https:\/\/cetm-madrid.es\/web\/wp-json\/wp\/v2\/users\/1"}],"replies":[{"embeddable":true,"href":"https:\/\/cetm-madrid.es\/web\/wp-json\/wp\/v2\/comments?post=6881"}],"version-history":[{"count":2,"href":"https:\/\/cetm-madrid.es\/web\/wp-json\/wp\/v2\/posts\/6881\/revisions"}],"predecessor-version":[{"id":6885,"href":"https:\/\/cetm-madrid.es\/web\/wp-json\/wp\/v2\/posts\/6881\/revisions\/6885"}],"wp:featuredmedia":[{"embeddable":true,"href":"https:\/\/cetm-madrid.es\/web\/wp-json\/wp\/v2\/media\/6884"}],"wp:attachment":[{"href":"https:\/\/cetm-madrid.es\/web\/wp-json\/wp\/v2\/media?parent=6881"}],"wp:term":[{"taxonomy":"category","embeddable":true,"href":"https:\/\/cetm-madrid.es\/web\/wp-json\/wp\/v2\/categories?post=6881"},{"taxonomy":"post_tag","embeddable":true,"href":"https:\/\/cetm-madrid.es\/web\/wp-json\/wp\/v2\/tags?post=6881"}],"curies":[{"name":"wp","href":"https:\/\/api.w.org\/{rel}","templated":true}]}}