{"id":6816,"date":"2020-11-23T07:34:33","date_gmt":"2020-11-23T07:34:33","guid":{"rendered":"https:\/\/cetm-madrid.es\/web\/?p=6816"},"modified":"2020-11-24T07:42:55","modified_gmt":"2020-11-24T07:42:55","slug":"apertura-de-bares-y-restaurantes-en-cataluna-desde-este-lunes-23-de-noviembre","status":"publish","type":"post","link":"https:\/\/cetm-madrid.es\/web\/apertura-de-bares-y-restaurantes-en-cataluna-desde-este-lunes-23-de-noviembre\/","title":{"rendered":"APERTURA DE BARES Y RESTAURANTES EN CATALU\u00d1A DESDE ESTE LUNES 23 DE NOVIEMBRE"},"content":{"rendered":"<p>[et_pb_section fb_built=&#8221;1&#8243; admin_label=&#8221;section&#8221; _builder_version=&#8221;3.22&#8243;][et_pb_row column_structure=&#8221;2_3,1_3&#8243; admin_label=&#8221;row&#8221; _builder_version=&#8221;3.25&#8243; background_size=&#8221;initial&#8221; background_position=&#8221;top_left&#8221; background_repeat=&#8221;repeat&#8221;][et_pb_column type=&#8221;2_3&#8243; _builder_version=&#8221;3.25&#8243; custom_padding=&#8221;|||&#8221; custom_padding__hover=&#8221;|||&#8221;][et_pb_text admin_label=&#8221;Texto&#8221; _builder_version=&#8221;4.4.8&#8243; background_size=&#8221;initial&#8221; background_position=&#8221;top_left&#8221; background_repeat=&#8221;repeat&#8221; text_orientation=&#8221;justified&#8221; use_border_color=&#8221;off&#8221; border_color=&#8221;#ffffff&#8221; border_style=&#8221;solid&#8221;]<\/p>\n<p>La Generalitat de Catalu\u00f1a public\u00f3 este s\u00e1bado la Resoluci\u00f3n SLT\/2983\/2020, de 21 de noviembre, por la que se prorrogan y modifican las medidas en materia de salud para la contenci\u00f3n de la pandemia en el territorio catal\u00e1n.<\/p>\n<p>El toque de queda se mantiene en el mismo horario, desde las 22:00 hasta las 06:00 horas, y tambi\u00e9n continua la limitaci\u00f3n de las entradas y salidas de toda la Comunidad Aut\u00f3noma y el cierre de los municipios durante el fin de semana. Recordamos que estas medidas <strong>no afectan a los desplazamientos o actividades de car\u00e1cter esencial,<\/strong> como es el transporte de mercanc\u00edas por carretera.<\/p>\n<p>El Ejecutivo catal\u00e1n ha establecido<strong> un plan de apertura por fases<\/strong> y se prev\u00e9 que sea a partir del 7 de diciembre cuando finalice el cierre por municipios y, a partir del 21 de diciembre, las limitaciones de circulaci\u00f3n perimetral, <strong>siempre y cuando haya una buena evoluci\u00f3n.<\/strong> Puede consultarse el plan en el siguiente enlace: <a href=\"https:\/\/govern.cat\/govern\/docs\/2020\/11\/19\/16\/00\/1d765821-6797-4fbc-8ab2-b5a82ddaab95.pdf\" target=\"_blank\" rel=\"noopener noreferrer\">https:\/\/govern.cat\/govern\/docs\/2020\/11\/19\/16\/00\/1d765821-6797-4fbc-8ab2-b5a82ddaab95.pdf<\/a><\/p>\n<p>Sin embargo, la Generalitat ya permite la apertura al p\u00fablico de la <strong>restauraci\u00f3n tanto en interior como en terrazas,<\/strong> con un aforo del 30% en espacios interiores y la limitaci\u00f3n de hasta cuatro comensales por mesa o grupo. Dichos establecimientos podr\u00e1n permanecer<br \/>abiertos ininterrumpidamente <strong>hasta las 21:30 horas.\u00a0<\/strong><\/p>\n<p>En el caso de la actividad de prestaci\u00f3n de servicios de restauraci\u00f3n a domicilio, esta se puede prestar en la franja comprendida entre las 06.00 horas y las 23.00 horas.<\/p>\n<p>Por otra parte, en la Resoluci\u00f3n se establece que \u201clas tiendas de conveniencia, los <strong>establecimientos comerciales anexos a las gasolineras<\/strong>, y los establecimientos de menos de 300 metros cuadrados de superficie de venta, y todos los establecimientos comerciales ubicados en municipios tur\u00edsticos de acuerdo con lo que establece el art\u00edculo 38 de la Ley 18\/2017, de 1 de agosto, de comercio, servicios y ferias, <strong>no pueden permanecer abiertos ni llevar a cabo ninguna actividad de venta entre las 21.00 y las 06.00 <\/strong><strong>horas\u201d.<\/strong><\/p>\n<p>Si bien, las <strong>actividades de restauraci\u00f3n en las \u00e1reas de servicio y otras v\u00edas<\/strong> pueden prestar servicios exclusivamente a transportistas profesionales en ruta, \u201csiempre aplicando las medidas higi\u00e9nicas y de seguridad establecidas en el plan sectorial de restauraci\u00f3n<br \/>aprobado por el Comit\u00e9 de Direcci\u00f3n del Plan de actuaci\u00f3n del PROCICAT\u201d.<\/p>\n<p>Se adjunta Resoluci\u00f3n para su consulta.<\/p>\n<p>[\/et_pb_text][\/et_pb_column][et_pb_column type=&#8221;1_3&#8243; _builder_version=&#8221;3.25&#8243; custom_padding=&#8221;|||&#8221; custom_padding__hover=&#8221;|||&#8221;][et_pb_image src=&#8221;https:\/\/cetm-madrid.es\/web\/wp-content\/uploads\/2020\/11\/Dise\u00f1o-sin-t\u00edtulo-11.png&#8221; title_text=&#8221;Dise\u00f1o sin t\u00edtulo (11)&#8221; align_tablet=&#8221;center&#8221; align_phone=&#8221;&#8221; align_last_edited=&#8221;on|desktop&#8221; admin_label=&#8221;Imagen&#8221; _builder_version=&#8221;4.4.8&#8243; animation_style=&#8221;slide&#8221; animation_direction=&#8221;left&#8221; animation_duration=&#8221;500ms&#8221; animation_intensity_slide=&#8221;10%&#8221; use_border_color=&#8221;off&#8221; border_color=&#8221;#ffffff&#8221; border_style=&#8221;solid&#8221; animation=&#8221;left&#8221; sticky=&#8221;off&#8221; always_center_on_mobile=&#8221;on&#8221;][\/et_pb_image][et_pb_button _builder_version=&#8221;4.4.8&#8243; button_text=&#8221;RESOLUCI\u00d3N&#8221; hover_enabled=&#8221;0&#8243; button_url=&#8221;https:\/\/cetm-madrid.es\/web\/wp-content\/uploads\/2020\/11\/Resoluci\u00f3n-2983-2020.pdf&#8221; url_new_window=&#8221;on&#8221;][\/et_pb_button][\/et_pb_column][\/et_pb_row][\/et_pb_section]<\/p>\n","protected":false},"excerpt":{"rendered":"<p>La Generalitat de Catalu\u00f1a public\u00f3 este s\u00e1bado la Resoluci\u00f3n SLT\/2983\/2020, de 21 de noviembre, por la que se prorrogan y modifican las medidas en materia de salud para la contenci\u00f3n de la pandemia en el territorio catal\u00e1n. El toque de queda se mantiene en el mismo horario, desde las 22:00 hasta las 06:00 horas, y [&hellip;]<\/p>\n","protected":false},"author":1,"featured_media":6733,"comment_status":"closed","ping_status":"open","sticky":false,"template":"","format":"standard","meta":{"_et_pb_use_builder":"on","_et_pb_old_content":"","_et_gb_content_width":"","footnotes":""},"categories":[5,4],"tags":[],"class_list":["post-6816","post","type-post","status-publish","format-standard","has-post-thumbnail","hentry","category-general","category-organizacion"],"_links":{"self":[{"href":"https:\/\/cetm-madrid.es\/web\/wp-json\/wp\/v2\/posts\/6816","targetHints":{"allow":["GET"]}}],"collection":[{"href":"https:\/\/cetm-madrid.es\/web\/wp-json\/wp\/v2\/posts"}],"about":[{"href":"https:\/\/cetm-madrid.es\/web\/wp-json\/wp\/v2\/types\/post"}],"author":[{"embeddable":true,"href":"https:\/\/cetm-madrid.es\/web\/wp-json\/wp\/v2\/users\/1"}],"replies":[{"embeddable":true,"href":"https:\/\/cetm-madrid.es\/web\/wp-json\/wp\/v2\/comments?post=6816"}],"version-history":[{"count":3,"href":"https:\/\/cetm-madrid.es\/web\/wp-json\/wp\/v2\/posts\/6816\/revisions"}],"predecessor-version":[{"id":6823,"href":"https:\/\/cetm-madrid.es\/web\/wp-json\/wp\/v2\/posts\/6816\/revisions\/6823"}],"wp:featuredmedia":[{"embeddable":true,"href":"https:\/\/cetm-madrid.es\/web\/wp-json\/wp\/v2\/media\/6733"}],"wp:attachment":[{"href":"https:\/\/cetm-madrid.es\/web\/wp-json\/wp\/v2\/media?parent=6816"}],"wp:term":[{"taxonomy":"category","embeddable":true,"href":"https:\/\/cetm-madrid.es\/web\/wp-json\/wp\/v2\/categories?post=6816"},{"taxonomy":"post_tag","embeddable":true,"href":"https:\/\/cetm-madrid.es\/web\/wp-json\/wp\/v2\/tags?post=6816"}],"curies":[{"name":"wp","href":"https:\/\/api.w.org\/{rel}","templated":true}]}}