{"id":6766,"date":"2020-11-13T10:00:49","date_gmt":"2020-11-13T10:00:49","guid":{"rendered":"https:\/\/cetm-madrid.es\/web\/?p=6766"},"modified":"2020-11-17T10:08:43","modified_gmt":"2020-11-17T10:08:43","slug":"el-tribunal-supremo-desestima-que-la-fecha-de-validez-de-la-itv-contabilice-desde-la-fecha-prevista-y-no-desde-el-momento-en-el-que-el-vehiculo-pasa-la-inspeccion","status":"publish","type":"post","link":"https:\/\/cetm-madrid.es\/web\/el-tribunal-supremo-desestima-que-la-fecha-de-validez-de-la-itv-contabilice-desde-la-fecha-prevista-y-no-desde-el-momento-en-el-que-el-vehiculo-pasa-la-inspeccion\/","title":{"rendered":"EL TRIBUNAL SUPREMO DESESTIMA QUE LA FECHA DE VALIDEZ DE LA ITV CONTABILICE DESDE LA FECHA PREVISTA Y NO DESDE EL MOMENTO EN EL QUE EL VEH\u00cdCULO PASA LA INSPECCI\u00d3N"},"content":{"rendered":"<p>[et_pb_section fb_built=&#8221;1&#8243; admin_label=&#8221;section&#8221; _builder_version=&#8221;3.22&#8243;][et_pb_row admin_label=&#8221;row&#8221; _builder_version=&#8221;3.25&#8243; background_size=&#8221;initial&#8221; background_position=&#8221;top_left&#8221; background_repeat=&#8221;repeat&#8221; column_structure=&#8221;2_3,1_3&#8243;][et_pb_column type=&#8221;2_3&#8243; _builder_version=&#8221;3.25&#8243; custom_padding=&#8221;|||&#8221; custom_padding__hover=&#8221;|||&#8221;][et_pb_text admin_label=&#8221;Texto&#8221; _builder_version=&#8221;4.4.8&#8243; background_size=&#8221;initial&#8221; background_position=&#8221;top_left&#8221; background_repeat=&#8221;repeat&#8221; text_orientation=&#8221;justified&#8221; hover_enabled=&#8221;0&#8243; use_border_color=&#8221;off&#8221; border_color=&#8221;#ffffff&#8221; border_style=&#8221;solid&#8221;]<\/p>\n<p>La Federaci\u00f3n Empresarial de Auto Transporte de la Provincia de Tarragona (FEAT), organizaci\u00f3n que forma parte de la CETM, <strong>interpuso un Recurso Contencioso ante el Tribunal Supremo contra la Orden SND413\/2020,<\/strong> de 15 de mayo, por la que se establec\u00eda que el periodo de validez de la ITV contabilizaba desde la fecha en la que supuestamente ten\u00eda que haberla pasado y no desde el momento real en el que el veh\u00edculo supera favorablemente la inspecci\u00f3n.<\/p>\n<p>El pasado mes de octubre el Tribunal <strong>fall\u00f3 a favor de FEAT<\/strong>, decretando medidas cautelares, de tal modo que la prorroga concedida como consecuencia de la declaraci\u00f3n del estado de alarma s\u00ed computar\u00e1 a la hora de establecer el periodo de validez de la revisi\u00f3n.<\/p>\n<p>Ahora, la federaci\u00f3n de la CETM en Tarragona ha podido conocer a trav\u00e9s de sus abogados que el Tribunal Supremo <strong>ha desestimado el recurso de la Abogac\u00eda del Estado y, adem\u00e1s, le ha condenado en costas.<\/strong><\/p>\n<p>El Alto Tribunal entiende que el recurso del Abogado del Estado <strong>no defiende intereses generales<\/strong> y da por buenos los razonamientos de FEAT y, mientras no recae una sentencia definitiva, suspende un criterio que, seg\u00fan estima FEAT, puede suponer unos sobrecostes para todos los titulares de veh\u00edculos, sean privados o de transporte, <strong>de unos 200 millones de euros.<\/strong><\/p>\n<p>Asimismo, tanto la CETM como FEAT, consideran que los grupos pol\u00edticos presentes en el Congreso <strong>han de enmendar el Real Decreto ley 26\/2020, de 7 de julio,<\/strong> que consolida el criterio de no considerar la fecha real de revisi\u00f3n para iniciar el c\u00f3mputo del per\u00edodo de validez de esta.<\/p>\n<p>La CETM recuerda que esta disposici\u00f3n <strong>perjudica notablemente a las empresas de transporte de mercanc\u00edas<\/strong> que, en muchas ocasiones, han tenido que pasar la revisi\u00f3n de sus veh\u00edculos dos veces en periodos muy cortos de tiempo. Adem\u00e1s, la medida es contraria a la normativa europea que establece que los c\u00f3mputos de validez de la revisi\u00f3n de los veh\u00edculos se har\u00e1n <strong>desde el momento en que de forma efectiva se compruebe el estado real de los mismos<\/strong> en las estaciones y talleres homologados por los respectivos estados.<\/p>\n<p>Por lo tanto, consideramos que es una medida irracional <strong>cuyo \u00fanico objetivo es el de sustentar a las ITV<\/strong> y no se ha tenido en cuenta el perjuicio que supone no solo para las empresas de transporte, <strong>sino para la sociedad en general. <\/strong><\/p>\n<p>[\/et_pb_text][\/et_pb_column][et_pb_column type=&#8221;1_3&#8243; _builder_version=&#8221;3.25&#8243; custom_padding=&#8221;|||&#8221; custom_padding__hover=&#8221;|||&#8221;][et_pb_image src=&#8221;https:\/\/cetm-madrid.es\/web\/wp-content\/uploads\/2020\/11\/Dise\u00f1o-sin-t\u00edtulo-12.png&#8221; align_tablet=&#8221;center&#8221; align_last_edited=&#8221;on|desktop&#8221; admin_label=&#8221;Imagen&#8221; _builder_version=&#8221;4.4.8&#8243; animation_style=&#8221;slide&#8221; animation_direction=&#8221;left&#8221; animation_duration=&#8221;500ms&#8221; animation_intensity_slide=&#8221;10%&#8221; hover_enabled=&#8221;0&#8243; use_border_color=&#8221;off&#8221; border_color=&#8221;#ffffff&#8221; border_style=&#8221;solid&#8221; animation=&#8221;left&#8221; sticky=&#8221;off&#8221; always_center_on_mobile=&#8221;on&#8221; title_text=&#8221;Dise\u00f1o sin t\u00edtulo (12)&#8221;][\/et_pb_image][\/et_pb_column][\/et_pb_row][\/et_pb_section]<\/p>\n","protected":false},"excerpt":{"rendered":"<p>La Federaci\u00f3n Empresarial de Auto Transporte de la Provincia de Tarragona (FEAT), organizaci\u00f3n que forma parte de la CETM, interpuso un Recurso Contencioso ante el Tribunal Supremo contra la Orden SND413\/2020, de 15 de mayo, por la que se establec\u00eda que el periodo de validez de la ITV contabilizaba desde la fecha en la que [&hellip;]<\/p>\n","protected":false},"author":1,"featured_media":6769,"comment_status":"closed","ping_status":"open","sticky":false,"template":"","format":"standard","meta":{"_et_pb_use_builder":"on","_et_pb_old_content":"","_et_gb_content_width":"","footnotes":""},"categories":[5,4],"tags":[],"class_list":["post-6766","post","type-post","status-publish","format-standard","has-post-thumbnail","hentry","category-general","category-organizacion"],"_links":{"self":[{"href":"https:\/\/cetm-madrid.es\/web\/wp-json\/wp\/v2\/posts\/6766","targetHints":{"allow":["GET"]}}],"collection":[{"href":"https:\/\/cetm-madrid.es\/web\/wp-json\/wp\/v2\/posts"}],"about":[{"href":"https:\/\/cetm-madrid.es\/web\/wp-json\/wp\/v2\/types\/post"}],"author":[{"embeddable":true,"href":"https:\/\/cetm-madrid.es\/web\/wp-json\/wp\/v2\/users\/1"}],"replies":[{"embeddable":true,"href":"https:\/\/cetm-madrid.es\/web\/wp-json\/wp\/v2\/comments?post=6766"}],"version-history":[{"count":2,"href":"https:\/\/cetm-madrid.es\/web\/wp-json\/wp\/v2\/posts\/6766\/revisions"}],"predecessor-version":[{"id":6770,"href":"https:\/\/cetm-madrid.es\/web\/wp-json\/wp\/v2\/posts\/6766\/revisions\/6770"}],"wp:featuredmedia":[{"embeddable":true,"href":"https:\/\/cetm-madrid.es\/web\/wp-json\/wp\/v2\/media\/6769"}],"wp:attachment":[{"href":"https:\/\/cetm-madrid.es\/web\/wp-json\/wp\/v2\/media?parent=6766"}],"wp:term":[{"taxonomy":"category","embeddable":true,"href":"https:\/\/cetm-madrid.es\/web\/wp-json\/wp\/v2\/categories?post=6766"},{"taxonomy":"post_tag","embeddable":true,"href":"https:\/\/cetm-madrid.es\/web\/wp-json\/wp\/v2\/tags?post=6766"}],"curies":[{"name":"wp","href":"https:\/\/api.w.org\/{rel}","templated":true}]}}