{"id":6719,"date":"2020-11-12T08:03:52","date_gmt":"2020-11-12T08:03:52","guid":{"rendered":"https:\/\/cetm-madrid.es\/web\/?p=6719"},"modified":"2020-11-15T08:19:50","modified_gmt":"2020-11-15T08:19:50","slug":"la-fundacion-ceoe-pone-en-marcha-una-iniciativa-para-reducir-la-brecha-digital-reutilizando-los-equipos-donados-por-empresas","status":"publish","type":"post","link":"https:\/\/cetm-madrid.es\/web\/la-fundacion-ceoe-pone-en-marcha-una-iniciativa-para-reducir-la-brecha-digital-reutilizando-los-equipos-donados-por-empresas\/","title":{"rendered":"LA FUNDACI\u00d3N CEOE PONE EN MARCHA UNA INICIATIVA PARA REDUCIR LA BRECHA DIGITAL REUTILIZANDO LOS EQUIPOS DONADOS POR EMPRESAS"},"content":{"rendered":"<p>[et_pb_section fb_built=&#8221;1&#8243; admin_label=&#8221;section&#8221; _builder_version=&#8221;3.22&#8243;][et_pb_row column_structure=&#8221;2_3,1_3&#8243; admin_label=&#8221;row&#8221; _builder_version=&#8221;3.25&#8243; background_size=&#8221;initial&#8221; background_position=&#8221;top_left&#8221; background_repeat=&#8221;repeat&#8221;][et_pb_column type=&#8221;2_3&#8243; _builder_version=&#8221;3.25&#8243; custom_padding=&#8221;|||&#8221; custom_padding__hover=&#8221;|||&#8221;][et_pb_text admin_label=&#8221;Texto&#8221; _builder_version=&#8221;4.4.8&#8243; background_size=&#8221;initial&#8221; background_position=&#8221;top_left&#8221; background_repeat=&#8221;repeat&#8221; text_orientation=&#8221;justified&#8221; use_border_color=&#8221;off&#8221; border_color=&#8221;#ffffff&#8221; border_style=&#8221;solid&#8221;]<\/p>\n<p>La Confederaci\u00f3n Espa\u00f1ola de Organizaciones Empresariales (CEOE), de la que forma parte la CETM, ha puesto en marcha a trav\u00e9s de su Fundaci\u00f3n una nueva edici\u00f3n de la campa\u00f1a \u2018Digitalizaci\u00f3n Sostenible\u2019, para lograr <strong>la reutilizaci\u00f3n de ordenadores y tabletas con fines solidarios.<\/strong><\/p>\n<p>La iniciativa cuenta con la participaci\u00f3n de los principales Sistemas Colectivos de Responsabilidad Ampliada del Productor (Ecotic, Ambilamp, Ecoasimelec, Ecofim\u00e1tica, Ecolec y ERP Espa\u00f1a) y la colaboraci\u00f3n de la Fundaci\u00f3n SEUR. Su objetivo es <strong>reducir la brecha digital,<\/strong> preparando los equipos donados por las empresas para su reutilizaci\u00f3n y distribuy\u00e9ndolos a trav\u00e9s de entidades colaboradoras que los entregar\u00e1n a <strong>menores, personas mayores y personas en riesgo de exclusi\u00f3n<\/strong> para facilitar su acceso a la tecnolog\u00eda.<\/p>\n<p>Enmarcada dentro del proyecto \u2018Empresas que ayudan\u2019, esta campa\u00f1a tambi\u00e9n busca <strong>reducir los residuos<\/strong> y el perjuicio ambiental que pueden ocasionar los distintos componentes, alargar la vida los aparatos, contribuyendo a un <strong>uso racional de la tecnolog\u00eda y proteger el medio ambiente<\/strong> ya que, si no es posible la reutilizaci\u00f3n de los aparatos, se recuperar\u00e1n materiales para evitar el uso de recursos naturales en la fabricaci\u00f3n de nuevos dispositivos.<\/p>\n<p>Las empresas que deseen participar deber\u00e1n realizar su solicitud en el siguiente enlace: <a href=\"https:\/\/empresasqueayudan.es\/digitalizacion-sostenible\/\" target=\"_blank\" rel=\"noopener noreferrer\">https:\/\/empresasqueayudan.es\/digitalizacion-sostenible\/<\/a> e instalar contenedores de recogida selectiva en los centros de trabajo designados.<\/p>\n<p>Una vez llenos, podr\u00e1n <strong>solicitar su recogida sin ning\u00fan coste<\/strong> y los equipos se destinar\u00e1n a los centros espec\u00edficos de preparaci\u00f3n para su reutilizaci\u00f3n. Despu\u00e9s recibir\u00e1n un informe, realizado por el estudio de ecoinnovaci\u00f3n In\u00e9dit, con <strong>el c\u00e1lculo de la reducci\u00f3n de la huella de carbono lograda gracias a su donaci\u00f3n.<\/strong><\/p>\n<p>Desde la CETM animamos a nuestras empresas asociadas a participar en esta iniciativa, como muestra del <strong>compromiso de las empresas de transporte de mercanc\u00edas<\/strong> a la sostenibilidad ambiental y la reducci\u00f3n de la desigualdad, contribuyendo a los Objetivos de Desarrollo Sostenible (ODS) de la Agenda de Naciones Unidas.<\/p>\n<p>Nuestra Organizaci\u00f3n mantiene una fuerte responsabilidad, <strong>fomentando el impulso de la digitalizaci\u00f3n<\/strong> en las empresas del sector, mediante iniciativas como la creaci\u00f3n del M\u00e1ster AulaDigi&gt;Trans o la <strong>participaci\u00f3n en el Grupo de Trabajo del Documento Electr\u00f3nico de Transporte,<\/strong> apoyando la implantaci\u00f3n y el uso de los documentos digitales. De hecho, la CETM mantiene un acuerdo con TransFollow mediante el que pretende dar un vuelco al sector, agilizando sus operaciones y <strong>reduciendo su impacto ambiental.<\/strong><\/p>\n<p>Se adjunta informaci\u00f3n de la campa\u00f1a y las instrucciones para la recogida de equipos.\u00a0<\/p>\n<p>[\/et_pb_text][\/et_pb_column][et_pb_column type=&#8221;1_3&#8243; _builder_version=&#8221;3.25&#8243; custom_padding=&#8221;|||&#8221; custom_padding__hover=&#8221;|||&#8221;][et_pb_image src=&#8221;https:\/\/cetm-madrid.es\/web\/wp-content\/uploads\/2020\/11\/Dise\u00f1o-sin-t\u00edtulo-10-5.png&#8221; title_text=&#8221;Dise\u00f1o sin t\u00edtulo (10)&#8221; align_tablet=&#8221;center&#8221; align_phone=&#8221;&#8221; align_last_edited=&#8221;on|desktop&#8221; admin_label=&#8221;Imagen&#8221; _builder_version=&#8221;4.4.8&#8243; animation_style=&#8221;slide&#8221; animation_direction=&#8221;left&#8221; animation_duration=&#8221;500ms&#8221; animation_intensity_slide=&#8221;10%&#8221; use_border_color=&#8221;off&#8221; border_color=&#8221;#ffffff&#8221; border_style=&#8221;solid&#8221; animation=&#8221;left&#8221; sticky=&#8221;off&#8221; always_center_on_mobile=&#8221;on&#8221;][\/et_pb_image][et_pb_button button_url=&#8221;https:\/\/cetm-madrid.es\/web\/wp-content\/uploads\/2020\/11\/Digitalizaci\u00f3nSostenible-Presentaci\u00f3n.pdf&#8221; url_new_window=&#8221;on&#8221; button_text=&#8221;PRESENTACI\u00d3N&#8221; _builder_version=&#8221;4.4.8&#8243;][\/et_pb_button][et_pb_button button_url=&#8221;https:\/\/cetm-madrid.es\/web\/wp-content\/uploads\/2020\/11\/digitalizacioonsostenible_instrucciones.pdf&#8221; button_text=&#8221;INSTRUCCIONES&#8221; _builder_version=&#8221;4.4.8&#8243;][\/et_pb_button][\/et_pb_column][\/et_pb_row][\/et_pb_section]<\/p>\n","protected":false},"excerpt":{"rendered":"<p>La Confederaci\u00f3n Espa\u00f1ola de Organizaciones Empresariales (CEOE), de la que forma parte la CETM, ha puesto en marcha a trav\u00e9s de su Fundaci\u00f3n una nueva edici\u00f3n de la campa\u00f1a \u2018Digitalizaci\u00f3n Sostenible\u2019, para lograr la reutilizaci\u00f3n de ordenadores y tabletas con fines solidarios. La iniciativa cuenta con la participaci\u00f3n de los principales Sistemas Colectivos de Responsabilidad [&hellip;]<\/p>\n","protected":false},"author":1,"featured_media":6728,"comment_status":"closed","ping_status":"open","sticky":false,"template":"","format":"standard","meta":{"_et_pb_use_builder":"on","_et_pb_old_content":"","_et_gb_content_width":"","footnotes":""},"categories":[5,4],"tags":[],"class_list":["post-6719","post","type-post","status-publish","format-standard","has-post-thumbnail","hentry","category-general","category-organizacion"],"_links":{"self":[{"href":"https:\/\/cetm-madrid.es\/web\/wp-json\/wp\/v2\/posts\/6719","targetHints":{"allow":["GET"]}}],"collection":[{"href":"https:\/\/cetm-madrid.es\/web\/wp-json\/wp\/v2\/posts"}],"about":[{"href":"https:\/\/cetm-madrid.es\/web\/wp-json\/wp\/v2\/types\/post"}],"author":[{"embeddable":true,"href":"https:\/\/cetm-madrid.es\/web\/wp-json\/wp\/v2\/users\/1"}],"replies":[{"embeddable":true,"href":"https:\/\/cetm-madrid.es\/web\/wp-json\/wp\/v2\/comments?post=6719"}],"version-history":[{"count":3,"href":"https:\/\/cetm-madrid.es\/web\/wp-json\/wp\/v2\/posts\/6719\/revisions"}],"predecessor-version":[{"id":6729,"href":"https:\/\/cetm-madrid.es\/web\/wp-json\/wp\/v2\/posts\/6719\/revisions\/6729"}],"wp:featuredmedia":[{"embeddable":true,"href":"https:\/\/cetm-madrid.es\/web\/wp-json\/wp\/v2\/media\/6728"}],"wp:attachment":[{"href":"https:\/\/cetm-madrid.es\/web\/wp-json\/wp\/v2\/media?parent=6719"}],"wp:term":[{"taxonomy":"category","embeddable":true,"href":"https:\/\/cetm-madrid.es\/web\/wp-json\/wp\/v2\/categories?post=6719"},{"taxonomy":"post_tag","embeddable":true,"href":"https:\/\/cetm-madrid.es\/web\/wp-json\/wp\/v2\/tags?post=6719"}],"curies":[{"name":"wp","href":"https:\/\/api.w.org\/{rel}","templated":true}]}}