{"id":6697,"date":"2020-11-11T11:58:52","date_gmt":"2020-11-11T11:58:52","guid":{"rendered":"https:\/\/cetm-madrid.es\/web\/?p=6697"},"modified":"2020-11-12T12:15:07","modified_gmt":"2020-11-12T12:15:07","slug":"portugal-cerrara-los-restaurantes-a-partir-de-las-2230-horas-gasolineras-y-servicios-para-llevar-quedan-excluidos-de-la-medida","status":"publish","type":"post","link":"https:\/\/cetm-madrid.es\/web\/portugal-cerrara-los-restaurantes-a-partir-de-las-2230-horas-gasolineras-y-servicios-para-llevar-quedan-excluidos-de-la-medida\/","title":{"rendered":"PORTUGAL CERRAR\u00c1 LOS RESTAURANTES A PARTIR DE LAS 22:30 HORAS. GASOLINERAS Y SERVICIOS PARA LLEVAR QUEDAN EXCLUIDOS DE LA MEDIDA"},"content":{"rendered":"<p>[et_pb_section fb_built=&#8221;1&#8243; admin_label=&#8221;section&#8221; _builder_version=&#8221;3.22&#8243;][et_pb_row admin_label=&#8221;row&#8221; _builder_version=&#8221;3.25&#8243; background_size=&#8221;initial&#8221; background_position=&#8221;top_left&#8221; background_repeat=&#8221;repeat&#8221; column_structure=&#8221;2_3,1_3&#8243;][et_pb_column type=&#8221;2_3&#8243; _builder_version=&#8221;3.25&#8243; custom_padding=&#8221;|||&#8221; custom_padding__hover=&#8221;|||&#8221;][et_pb_text admin_label=&#8221;Texto&#8221; _builder_version=&#8221;4.4.8&#8243; background_size=&#8221;initial&#8221; background_position=&#8221;top_left&#8221; background_repeat=&#8221;repeat&#8221; text_orientation=&#8221;justified&#8221; hover_enabled=&#8221;0&#8243; use_border_color=&#8221;off&#8221; border_color=&#8221;#ffffff&#8221; border_style=&#8221;solid&#8221;]<\/p>\n<p>El Gobierno de Portugal ha decretado <strong>el estado de excepci\u00f3n y el toque de queda<\/strong> en nuestro pa\u00eds vecino hasta el pr\u00f3ximo 23 de noviembre.<\/p>\n<p>En consecuencia, tal y como informa la asociaci\u00f3n ANTRAM, se han establecido otras medidas que afectan a la apertura de restaurantes y establecimientos no esenciales:<\/p>\n<p>\u2022 Los restaurantes deber\u00e1n cerrar a las 22:30 horas.<\/p>\n<p>\u2022 Los establecimientos minoristas deber\u00e1n cerrar a las 22:00 horas, pero se <strong>except\u00faan farmacias, gasolineras y servicios comerciales con servicio de comida para llevar.<\/strong><\/p>\n<p>\u2022 Durante los dos pr\u00f3ximos fines de semana (14, 15, 21 y 22 de noviembre) <strong>los restaurantes y establecimientos comerciales deber\u00e1n cerrar a las 13:00 horas.<\/strong> Sin embargo, supermercados e hipermercados, farmacias, gasolineras y servicios comerciales con servicio de comida para llevar tambi\u00e9n <strong>quedan excluidos de esta medida. <\/strong><\/p>\n<p style=\"font-weight: 400;\">Les facilitamos un enlace donde pueden consultar las \u00e1reas de servicio y parkings de Portugal.<\/p>\n<p style=\"font-weight: 400;\"><a href=\"https:\/\/imt-ip.maps.arcgis.com\/apps\/webappviewer\/index.html?id=56631da99a2846b2ba4442cde9383443\" target=\"_blank\" rel=\"noopener noreferrer\">https:\/\/imt-ip.maps.arcgis.com\/apps\/webappviewer\/index.html?id=56631da99a2846b2ba4442cde9383443<\/a><\/p>\n<p>[\/et_pb_text][\/et_pb_column][et_pb_column type=&#8221;1_3&#8243; _builder_version=&#8221;3.25&#8243; custom_padding=&#8221;|||&#8221; custom_padding__hover=&#8221;|||&#8221;][et_pb_image src=&#8221;https:\/\/cetm-madrid.es\/web\/wp-content\/uploads\/2020\/11\/Dise\u00f1o-sin-t\u00edtulo-10-2.png&#8221; align_tablet=&#8221;center&#8221; align_last_edited=&#8221;on|desktop&#8221; admin_label=&#8221;Imagen&#8221; _builder_version=&#8221;4.4.8&#8243; animation_style=&#8221;slide&#8221; animation_direction=&#8221;left&#8221; animation_duration=&#8221;500ms&#8221; animation_intensity_slide=&#8221;10%&#8221; hover_enabled=&#8221;0&#8243; use_border_color=&#8221;off&#8221; border_color=&#8221;#ffffff&#8221; border_style=&#8221;solid&#8221; animation=&#8221;left&#8221; sticky=&#8221;off&#8221; always_center_on_mobile=&#8221;on&#8221; title_text=&#8221;Dise\u00f1o sin t\u00edtulo (10)&#8221;][\/et_pb_image][\/et_pb_column][\/et_pb_row][\/et_pb_section]<\/p>\n","protected":false},"excerpt":{"rendered":"<p>El Gobierno de Portugal ha decretado el estado de excepci\u00f3n y el toque de queda en nuestro pa\u00eds vecino hasta el pr\u00f3ximo 23 de noviembre. En consecuencia, tal y como informa la asociaci\u00f3n ANTRAM, se han establecido otras medidas que afectan a la apertura de restaurantes y establecimientos no esenciales: \u2022 Los restaurantes deber\u00e1n cerrar [&hellip;]<\/p>\n","protected":false},"author":1,"featured_media":6700,"comment_status":"closed","ping_status":"open","sticky":false,"template":"","format":"standard","meta":{"_et_pb_use_builder":"on","_et_pb_old_content":"","_et_gb_content_width":"","footnotes":""},"categories":[5,4],"tags":[],"class_list":["post-6697","post","type-post","status-publish","format-standard","has-post-thumbnail","hentry","category-general","category-organizacion"],"_links":{"self":[{"href":"https:\/\/cetm-madrid.es\/web\/wp-json\/wp\/v2\/posts\/6697","targetHints":{"allow":["GET"]}}],"collection":[{"href":"https:\/\/cetm-madrid.es\/web\/wp-json\/wp\/v2\/posts"}],"about":[{"href":"https:\/\/cetm-madrid.es\/web\/wp-json\/wp\/v2\/types\/post"}],"author":[{"embeddable":true,"href":"https:\/\/cetm-madrid.es\/web\/wp-json\/wp\/v2\/users\/1"}],"replies":[{"embeddable":true,"href":"https:\/\/cetm-madrid.es\/web\/wp-json\/wp\/v2\/comments?post=6697"}],"version-history":[{"count":2,"href":"https:\/\/cetm-madrid.es\/web\/wp-json\/wp\/v2\/posts\/6697\/revisions"}],"predecessor-version":[{"id":6701,"href":"https:\/\/cetm-madrid.es\/web\/wp-json\/wp\/v2\/posts\/6697\/revisions\/6701"}],"wp:featuredmedia":[{"embeddable":true,"href":"https:\/\/cetm-madrid.es\/web\/wp-json\/wp\/v2\/media\/6700"}],"wp:attachment":[{"href":"https:\/\/cetm-madrid.es\/web\/wp-json\/wp\/v2\/media?parent=6697"}],"wp:term":[{"taxonomy":"category","embeddable":true,"href":"https:\/\/cetm-madrid.es\/web\/wp-json\/wp\/v2\/categories?post=6697"},{"taxonomy":"post_tag","embeddable":true,"href":"https:\/\/cetm-madrid.es\/web\/wp-json\/wp\/v2\/tags?post=6697"}],"curies":[{"name":"wp","href":"https:\/\/api.w.org\/{rel}","templated":true}]}}