{"id":6578,"date":"2020-11-05T15:55:24","date_gmt":"2020-11-05T15:55:24","guid":{"rendered":"https:\/\/cetm-madrid.es\/web\/?p=6578"},"modified":"2020-11-06T16:09:44","modified_gmt":"2020-11-06T16:09:44","slug":"francia-abrira-250-restaurantes-de-carretera-a-partir-del-sabado-la-cetm-reclama-una-medida-similar-en-espana","status":"publish","type":"post","link":"https:\/\/cetm-madrid.es\/web\/francia-abrira-250-restaurantes-de-carretera-a-partir-del-sabado-la-cetm-reclama-una-medida-similar-en-espana\/","title":{"rendered":"FRANCIA ABRIR\u00c1 250 RESTAURANTES DE CARRETERA A PARTIR DEL S\u00c1BADO. LA CETM RECLAMA UNA MEDIDA SIMILAR EN ESPA\u00d1A"},"content":{"rendered":"<p>[et_pb_section fb_built=&#8221;1&#8243; admin_label=&#8221;section&#8221; _builder_version=&#8221;3.22&#8243;][et_pb_row admin_label=&#8221;row&#8221; _builder_version=&#8221;3.25&#8243; background_size=&#8221;initial&#8221; background_position=&#8221;top_left&#8221; background_repeat=&#8221;repeat&#8221; column_structure=&#8221;2_3,1_3&#8243;][et_pb_column type=&#8221;2_3&#8243; _builder_version=&#8221;3.25&#8243; custom_padding=&#8221;|||&#8221; custom_padding__hover=&#8221;|||&#8221;][et_pb_text admin_label=&#8221;Texto&#8221; _builder_version=&#8221;4.4.8&#8243; background_size=&#8221;initial&#8221; background_position=&#8221;top_left&#8221; background_repeat=&#8221;repeat&#8221; text_orientation=&#8221;justified&#8221; hover_enabled=&#8221;0&#8243; use_border_color=&#8221;off&#8221; border_color=&#8221;#ffffff&#8221; border_style=&#8221;solid&#8221;]<\/p>\n<p>El ministro de Transportes del Gobierno franc\u00e9s, Jean-Baptiste Djebbari, ha anunciado este mi\u00e9rcoles que 250 restaurantes de carretera abrir\u00e1n sus puertas a partir del s\u00e1bado <strong>para dar servicio a los profesionales del transporte.\u00a0<\/strong><\/p>\n<p>Las organizaciones de las empresas de transporte francesas como OTRE y FNTR ya han enviado al titular de Transportes un listado con los establecimientos que consideran imprescindibles por su ubicaci\u00f3n y capacidad.<\/p>\n<p>Durante el anuncio, Djebbari ha se\u00f1alado que el objetivo del Ejecutivo es apoyar al sector para garantizar que puedan realizar su misi\u00f3n <strong>\u201cen condiciones de trabajo dignas y adaptadas a las condiciones clim\u00e1ticas&#8221;<\/strong> y asegurar el funcionamiento de la cadena de suministro.<br \/>El Gobierno franc\u00e9s prepara ahora un decreto que obligar\u00e1 a la apertura de esos restaurantes <strong>desde las 18:00 horas de la tarde hasta 10:00 horas de la ma\u00f1ana<\/strong>, con la intenci\u00f3n de que puedan atender \u00fanicamente a los conductores profesionales, previa presentaci\u00f3n de su carn\u00e9 profesional y el cumplimiento de los protocolos sanitarios vigentes. De igual modo, los restaurantes podr\u00e1n <strong>seguir ofreciendo el servicio de comida para llevar.<\/strong><\/p>\n<p>Os haremos llegar el listado de restaurantes tan pronto como el Gobierno galo lo haga p\u00fablico.<\/p>\n<p>Desde la CETM consideramos necesario que el Ministerio de Transportes, Movilidad y Agenda Urbana establezca un modelo de actuaci\u00f3n similar al de Francia, puesto que<strong> es imprescindible que garanticen el acceso a unos servicios m\u00ednimos<\/strong> para los profesionales de transporte.<\/p>\n<p>Ante <strong>la disparidad de las medidas establecidas en cada Comunidad Aut\u00f3noma,<\/strong> los conductores se encuentran con escenarios diferentes y, de momento, el Principado de Asturias ha sido el \u00fanico que ha publicado un listado con las estaciones de servicio que permanecen abiertas.<\/p>\n<p>En el resto de las comunidades que han ordenado el cierre de la hosteler\u00eda y la restauraci\u00f3n, s<strong>olo permiten los servicios de comida para llevar o no han establecido unos servicios m\u00ednimos para atender a transportistas<\/strong>, permitiendo la apertura de los restaurantes de carretera con limitaciones o dejando la decisi\u00f3n en sus manos.<\/p>\n<p>Por tanto, es urgente que el MITMA tome medidas y garantice que los profesionales del transporte puedan comer caliente, acceder a los aseos y, en definitiva, <strong>realizar su labor en las condiciones adecuadas. <\/strong><\/p>\n<p>[\/et_pb_text][\/et_pb_column][et_pb_column type=&#8221;1_3&#8243; _builder_version=&#8221;3.25&#8243; custom_padding=&#8221;|||&#8221; custom_padding__hover=&#8221;|||&#8221;][et_pb_image src=&#8221;https:\/\/cetm-madrid.es\/web\/wp-content\/uploads\/2020\/11\/Dise\u00f1o-sin-t\u00edtulo-8.png&#8221; align_tablet=&#8221;center&#8221; align_last_edited=&#8221;on|desktop&#8221; admin_label=&#8221;Imagen&#8221; _builder_version=&#8221;4.4.8&#8243; animation_style=&#8221;slide&#8221; animation_direction=&#8221;left&#8221; animation_duration=&#8221;500ms&#8221; animation_intensity_slide=&#8221;10%&#8221; hover_enabled=&#8221;0&#8243; use_border_color=&#8221;off&#8221; border_color=&#8221;#ffffff&#8221; border_style=&#8221;solid&#8221; animation=&#8221;left&#8221; sticky=&#8221;off&#8221; always_center_on_mobile=&#8221;on&#8221; title_text=&#8221;Dise\u00f1o sin t\u00edtulo (8)&#8221;][\/et_pb_image][\/et_pb_column][\/et_pb_row][\/et_pb_section]<\/p>\n","protected":false},"excerpt":{"rendered":"<p>El ministro de Transportes del Gobierno franc\u00e9s, Jean-Baptiste Djebbari, ha anunciado este mi\u00e9rcoles que 250 restaurantes de carretera abrir\u00e1n sus puertas a partir del s\u00e1bado para dar servicio a los profesionales del transporte.\u00a0 Las organizaciones de las empresas de transporte francesas como OTRE y FNTR ya han enviado al titular de Transportes un listado con [&hellip;]<\/p>\n","protected":false},"author":1,"featured_media":6582,"comment_status":"closed","ping_status":"open","sticky":false,"template":"","format":"standard","meta":{"_et_pb_use_builder":"on","_et_pb_old_content":"","_et_gb_content_width":"","footnotes":""},"categories":[5,4],"tags":[],"class_list":["post-6578","post","type-post","status-publish","format-standard","has-post-thumbnail","hentry","category-general","category-organizacion"],"_links":{"self":[{"href":"https:\/\/cetm-madrid.es\/web\/wp-json\/wp\/v2\/posts\/6578","targetHints":{"allow":["GET"]}}],"collection":[{"href":"https:\/\/cetm-madrid.es\/web\/wp-json\/wp\/v2\/posts"}],"about":[{"href":"https:\/\/cetm-madrid.es\/web\/wp-json\/wp\/v2\/types\/post"}],"author":[{"embeddable":true,"href":"https:\/\/cetm-madrid.es\/web\/wp-json\/wp\/v2\/users\/1"}],"replies":[{"embeddable":true,"href":"https:\/\/cetm-madrid.es\/web\/wp-json\/wp\/v2\/comments?post=6578"}],"version-history":[{"count":2,"href":"https:\/\/cetm-madrid.es\/web\/wp-json\/wp\/v2\/posts\/6578\/revisions"}],"predecessor-version":[{"id":6583,"href":"https:\/\/cetm-madrid.es\/web\/wp-json\/wp\/v2\/posts\/6578\/revisions\/6583"}],"wp:featuredmedia":[{"embeddable":true,"href":"https:\/\/cetm-madrid.es\/web\/wp-json\/wp\/v2\/media\/6582"}],"wp:attachment":[{"href":"https:\/\/cetm-madrid.es\/web\/wp-json\/wp\/v2\/media?parent=6578"}],"wp:term":[{"taxonomy":"category","embeddable":true,"href":"https:\/\/cetm-madrid.es\/web\/wp-json\/wp\/v2\/categories?post=6578"},{"taxonomy":"post_tag","embeddable":true,"href":"https:\/\/cetm-madrid.es\/web\/wp-json\/wp\/v2\/tags?post=6578"}],"curies":[{"name":"wp","href":"https:\/\/api.w.org\/{rel}","templated":true}]}}