{"id":6555,"date":"2020-11-04T09:03:01","date_gmt":"2020-11-04T09:03:01","guid":{"rendered":"https:\/\/cetm-madrid.es\/web\/?p=6555"},"modified":"2020-11-05T09:15:31","modified_gmt":"2020-11-05T09:15:31","slug":"la-junta-de-castilla-y-leon-establece-que-los-conductores-no-deberan-realizar-las-labores-de-carga-y-descarga","status":"publish","type":"post","link":"https:\/\/cetm-madrid.es\/web\/la-junta-de-castilla-y-leon-establece-que-los-conductores-no-deberan-realizar-las-labores-de-carga-y-descarga\/","title":{"rendered":"LA JUNTA DE CASTILLA Y LE\u00d3N ESTABLECE QUE LOS CONDUCTORES NO DEBER\u00c1N REALIZAR LAS LABORES DE CARGA Y DESCARGA"},"content":{"rendered":"<p>[et_pb_section fb_built=&#8221;1&#8243; admin_label=&#8221;section&#8221; _builder_version=&#8221;3.22&#8243;][et_pb_row admin_label=&#8221;row&#8221; _builder_version=&#8221;3.25&#8243; background_size=&#8221;initial&#8221; background_position=&#8221;top_left&#8221; background_repeat=&#8221;repeat&#8221; column_structure=&#8221;2_3,1_3&#8243;][et_pb_column type=&#8221;2_3&#8243; _builder_version=&#8221;3.25&#8243; custom_padding=&#8221;|||&#8221; custom_padding__hover=&#8221;|||&#8221;][et_pb_text admin_label=&#8221;Texto&#8221; _builder_version=&#8221;4.4.8&#8243; background_size=&#8221;initial&#8221; background_position=&#8221;top_left&#8221; background_repeat=&#8221;repeat&#8221; text_orientation=&#8221;justified&#8221; hover_enabled=&#8221;0&#8243; use_border_color=&#8221;off&#8221; border_color=&#8221;#ffffff&#8221; border_style=&#8221;solid&#8221;]<\/p>\n<p>La Junta de Castilla y Le\u00f3n ha publicado hoy el Acuerdo 76\/2020, de 3 de noviembre, por el que se establecen los niveles de alerta sanitaria y se aprueba el <strong>Plan de Pedidas de Prevenci\u00f3n y Control<\/strong> para hacer frente a la crisis sanitaria ocasionada por la COVID-19, en la Comunidad de Castilla y Le\u00f3n.\u00a0<\/p>\n<p>En el <strong>apartado VI<\/strong> de dicho acuerdo se establecen medidas en relaci\u00f3n con la ocupaci\u00f3n y el uso de veh\u00edculos en el transporte terrestre, donde se recoge que las empresas cargadoras, log\u00edsticas y de transporte de mercanc\u00edas han de cumplir con las pautas de protecci\u00f3n <strong>\u201cevitando contactos con el personal de conducci\u00f3n <\/strong>en el momento del intercambio de documentaci\u00f3n en los sitios de carga y descarga\u201d.<\/p>\n<p>Pero, adem\u00e1s, se\u00f1ala que el personal de conducci\u00f3n,<strong> \u201csiempre que sea posible, no intervendr\u00e1 en la carga y descarga, siendo \u00e9sta responsabilidad del centro donde se efect\u00fae tal actividad,<\/strong> debiendo mantenerse dentro de la cabina o en las zonas espec\u00edficamente habilitadas al efecto\u201d.<\/p>\n<p>La CETM y la Federaci\u00f3n de Empresas de Transporte de Mercanc\u00edas por Carretera de Castilla y Le\u00f3n (FETRACAL) avalan esta medida puesto que, aunque se ha tomado ante una situaci\u00f3n excepcional como es la pandemia del coronavirus, <strong>supone un avance hacia la consecuci\u00f3n de una de las reclamaciones hist\u00f3ricas del sector,<\/strong> como es la prohibici\u00f3n de la carga y la descarga por parte de los conductores.<\/p>\n<p>La participaci\u00f3n de los conductores en las labores de carga y descarga no solo contraviene la normativa de prevenci\u00f3n de los riesgos laborales, sino que pone en riesgo su salud, aumentando las probabilidades de contagio, y son los principales motivos por los que desde la CETM llevamos a\u00f1os reclamado al Gobierno central su regulaci\u00f3n.<\/p>\n<p>La patronal del transporte espera que el contexto actual propicie un cambio en el funcionamiento de la cadena de suministro, donde cada parte debe asumir su responsabilidad, y la de los conductores profesionales no es otra que la de conducir.<\/p>\n<p>Por otra parte, en relaci\u00f3n a las excepciones que se han establecido para la apertura de servicios de restauraci\u00f3n, desde la CETM <strong>valoran que la Junta de Castilla y Le\u00f3n permita su apertura en los establecimientos de suministro de combustible,<\/strong> tal y como se indica en el Acuerdo.<\/p>\n<p>Sin embargo, consideramos que, al no establecer la apertura de unos servicios m\u00ednimos, como s\u00ed ha ocurrido en el caso Asturias, <strong>ser\u00e1n muchos los establecimientos que finalmente decidan no abrir sus puertas,<\/strong> lo que dificultar\u00e1 enormemente la probabilidad de que los profesionales del transporte de mercanc\u00edas encuentren lugares donde comer, descansar o acudir al aseo, para que puedan desarrollar su actividad sin obst\u00e1culos y de una manera digna.<\/p>\n<p>[\/et_pb_text][\/et_pb_column][et_pb_column type=&#8221;1_3&#8243; _builder_version=&#8221;3.25&#8243; custom_padding=&#8221;|||&#8221; custom_padding__hover=&#8221;|||&#8221;][et_pb_image src=&#8221;https:\/\/cetm-madrid.es\/web\/wp-content\/uploads\/2020\/11\/Dise\u00f1o-sin-t\u00edtulo-5.png&#8221; align_tablet=&#8221;center&#8221; align_last_edited=&#8221;on|desktop&#8221; admin_label=&#8221;Imagen&#8221; _builder_version=&#8221;4.4.8&#8243; animation_style=&#8221;slide&#8221; animation_direction=&#8221;left&#8221; animation_duration=&#8221;500ms&#8221; animation_intensity_slide=&#8221;10%&#8221; hover_enabled=&#8221;0&#8243; use_border_color=&#8221;off&#8221; border_color=&#8221;#ffffff&#8221; border_style=&#8221;solid&#8221; animation=&#8221;left&#8221; sticky=&#8221;off&#8221; always_center_on_mobile=&#8221;on&#8221; title_text=&#8221;Dise\u00f1o sin t\u00edtulo (5)&#8221;][\/et_pb_image][\/et_pb_column][\/et_pb_row][\/et_pb_section]<\/p>\n","protected":false},"excerpt":{"rendered":"<p>La Junta de Castilla y Le\u00f3n ha publicado hoy el Acuerdo 76\/2020, de 3 de noviembre, por el que se establecen los niveles de alerta sanitaria y se aprueba el Plan de Pedidas de Prevenci\u00f3n y Control para hacer frente a la crisis sanitaria ocasionada por la COVID-19, en la Comunidad de Castilla y Le\u00f3n.\u00a0 [&hellip;]<\/p>\n","protected":false},"author":1,"featured_media":6559,"comment_status":"closed","ping_status":"open","sticky":false,"template":"","format":"standard","meta":{"_et_pb_use_builder":"on","_et_pb_old_content":"","_et_gb_content_width":"","footnotes":""},"categories":[5,4],"tags":[],"class_list":["post-6555","post","type-post","status-publish","format-standard","has-post-thumbnail","hentry","category-general","category-organizacion"],"_links":{"self":[{"href":"https:\/\/cetm-madrid.es\/web\/wp-json\/wp\/v2\/posts\/6555","targetHints":{"allow":["GET"]}}],"collection":[{"href":"https:\/\/cetm-madrid.es\/web\/wp-json\/wp\/v2\/posts"}],"about":[{"href":"https:\/\/cetm-madrid.es\/web\/wp-json\/wp\/v2\/types\/post"}],"author":[{"embeddable":true,"href":"https:\/\/cetm-madrid.es\/web\/wp-json\/wp\/v2\/users\/1"}],"replies":[{"embeddable":true,"href":"https:\/\/cetm-madrid.es\/web\/wp-json\/wp\/v2\/comments?post=6555"}],"version-history":[{"count":2,"href":"https:\/\/cetm-madrid.es\/web\/wp-json\/wp\/v2\/posts\/6555\/revisions"}],"predecessor-version":[{"id":6560,"href":"https:\/\/cetm-madrid.es\/web\/wp-json\/wp\/v2\/posts\/6555\/revisions\/6560"}],"wp:featuredmedia":[{"embeddable":true,"href":"https:\/\/cetm-madrid.es\/web\/wp-json\/wp\/v2\/media\/6559"}],"wp:attachment":[{"href":"https:\/\/cetm-madrid.es\/web\/wp-json\/wp\/v2\/media?parent=6555"}],"wp:term":[{"taxonomy":"category","embeddable":true,"href":"https:\/\/cetm-madrid.es\/web\/wp-json\/wp\/v2\/categories?post=6555"},{"taxonomy":"post_tag","embeddable":true,"href":"https:\/\/cetm-madrid.es\/web\/wp-json\/wp\/v2\/tags?post=6555"}],"curies":[{"name":"wp","href":"https:\/\/api.w.org\/{rel}","templated":true}]}}