{"id":6549,"date":"2020-11-04T08:36:39","date_gmt":"2020-11-04T08:36:39","guid":{"rendered":"https:\/\/cetm-madrid.es\/web\/?p=6549"},"modified":"2020-11-05T09:00:27","modified_gmt":"2020-11-05T09:00:27","slug":"castilla-y-leon-permite-la-apertura-de-los-servicios-de-restauracion-en-las-estaciones-de-servicio","status":"publish","type":"post","link":"https:\/\/cetm-madrid.es\/web\/castilla-y-leon-permite-la-apertura-de-los-servicios-de-restauracion-en-las-estaciones-de-servicio\/","title":{"rendered":"CASTILLA Y LE\u00d3N PERMITE LA APERTURA DE LOS SERVICIOS DE RESTAURACI\u00d3N EN LAS ESTACIONES DE SERVICIO"},"content":{"rendered":"<p>[et_pb_section fb_built=&#8221;1&#8243; admin_label=&#8221;section&#8221; _builder_version=&#8221;3.22&#8243;][et_pb_row admin_label=&#8221;row&#8221; _builder_version=&#8221;3.25&#8243; background_size=&#8221;initial&#8221; background_position=&#8221;top_left&#8221; background_repeat=&#8221;repeat&#8221; column_structure=&#8221;2_3,1_3&#8243;][et_pb_column type=&#8221;2_3&#8243; _builder_version=&#8221;3.25&#8243; custom_padding=&#8221;|||&#8221; custom_padding__hover=&#8221;|||&#8221;][et_pb_text admin_label=&#8221;Texto&#8221; _builder_version=&#8221;4.4.8&#8243; background_size=&#8221;initial&#8221; background_position=&#8221;top_left&#8221; background_repeat=&#8221;repeat&#8221; text_orientation=&#8221;justified&#8221; hover_enabled=&#8221;0&#8243; use_border_color=&#8221;off&#8221; border_color=&#8221;#ffffff&#8221; border_style=&#8221;solid&#8221;]<\/p>\n<p>La Junta de Castilla y Le\u00f3n ha publicado en el BOCYL el Acuerdo 78\/2020, de 3 de noviembre, por el que <strong>se declara el nivel de alerta 4<\/strong> para todo el territorio de la Comunidad de Castilla y Le\u00f3n y se adoptan medidas sanitarias preventivas de car\u00e1cter excepcional para la contenci\u00f3n de la COVID-19 en la Comunidad de Castilla y Le\u00f3n.<\/p>\n<p>Esto implica <strong>el cierre de los establecimientos comerciales<\/strong> a excepci\u00f3n de los que que suministran alimentaci\u00f3n, bebidas, productos y otros bienes de primera necesidad y se suspenden todas las actividades de restauraci\u00f3n. Sin embargo, para los servicios de restauraci\u00f3n <strong>se establecen varias excepciones:<\/strong><\/p>\n<p>&#8211; Los servicios de entrega a domicilio o recogida en el establecimiento o en veh\u00edculo.<\/p>\n<p>&#8211; Los restaurantes de los hoteles y otros alojamientos tur\u00edsticos, que pueden permanecer abiertos siempre que sea para uso exclusivo de sus clientes, sin perjuicio que tambi\u00e9n puedan prestar servicios de entrega a domicilio o recogida en el establecimiento.<\/p>\n<p>&#8211; Los servicios de restauraci\u00f3n integrados en centros y servicios sanitarios, sociosanitarios y sociales, incluyendo las actividades de ocio infantil y juvenil, los comedores escolares y los servicios de comedor de car\u00e1cter social.<\/p>\n<p>&#8211; Otros servicios de restauraci\u00f3n de centros de formaci\u00f3n no incluidos en el p\u00e1rrafo anterior y los servicios de restauraci\u00f3n de los centros de trabajo destinados a las personas trabajadoras.<\/p>\n<p>&#8211; Los <strong>servicios de restauraci\u00f3n de los establecimientos de suministro de combustible o centros de carga o descarga o los expendedores de comida preparada,<\/strong> con el objeto de posibilitar la actividad profesional de conducci\u00f3n, el cumplimiento de la normativa de tiempos de conducci\u00f3n y descanso, y dem\u00e1s actividades imprescindibles <strong>para poder llevar a cabo las operaciones de transporte de mercanc\u00edas o viajeros.<\/strong><\/p>\n<p>Por tanto, los profesionales del transporte de mercanc\u00edas por carretera <strong>podr\u00e1n encontrar servicios de restauraci\u00f3n en las estaciones de servicio.<\/strong> Adjuntamos el Acuerdo publicado en el BOCYL para su consulta.<\/p>\n<p>[\/et_pb_text][\/et_pb_column][et_pb_column type=&#8221;1_3&#8243; _builder_version=&#8221;3.25&#8243; custom_padding=&#8221;|||&#8221; custom_padding__hover=&#8221;|||&#8221;][et_pb_image src=&#8221;https:\/\/cetm-madrid.es\/web\/wp-content\/uploads\/2020\/11\/Dise\u00f1o-sin-t\u00edtulo-4.png&#8221; align_tablet=&#8221;center&#8221; align_last_edited=&#8221;on|desktop&#8221; admin_label=&#8221;Imagen&#8221; _builder_version=&#8221;4.4.8&#8243; animation_style=&#8221;slide&#8221; animation_direction=&#8221;left&#8221; animation_duration=&#8221;500ms&#8221; animation_intensity_slide=&#8221;10%&#8221; hover_enabled=&#8221;0&#8243; use_border_color=&#8221;off&#8221; border_color=&#8221;#ffffff&#8221; border_style=&#8221;solid&#8221; animation=&#8221;left&#8221; sticky=&#8221;off&#8221; always_center_on_mobile=&#8221;on&#8221; title_text=&#8221;Dise\u00f1o sin t\u00edtulo (4)&#8221;][\/et_pb_image][et_pb_button _builder_version=&#8221;4.4.8&#8243; button_text=&#8221;BOCYL&#8221; button_url=&#8221;https:\/\/cetm-madrid.es\/web\/wp-content\/uploads\/2020\/11\/BOCYL-D-04112020-11.pdf&#8221; hover_enabled=&#8221;0&#8243;][\/et_pb_button][\/et_pb_column][\/et_pb_row][\/et_pb_section]<\/p>\n","protected":false},"excerpt":{"rendered":"<p>La Junta de Castilla y Le\u00f3n ha publicado en el BOCYL el Acuerdo 78\/2020, de 3 de noviembre, por el que se declara el nivel de alerta 4 para todo el territorio de la Comunidad de Castilla y Le\u00f3n y se adoptan medidas sanitarias preventivas de car\u00e1cter excepcional para la contenci\u00f3n de la COVID-19 en [&hellip;]<\/p>\n","protected":false},"author":1,"featured_media":6545,"comment_status":"closed","ping_status":"open","sticky":false,"template":"","format":"standard","meta":{"_et_pb_use_builder":"on","_et_pb_old_content":"","_et_gb_content_width":"","footnotes":""},"categories":[5,4],"tags":[],"class_list":["post-6549","post","type-post","status-publish","format-standard","has-post-thumbnail","hentry","category-general","category-organizacion"],"_links":{"self":[{"href":"https:\/\/cetm-madrid.es\/web\/wp-json\/wp\/v2\/posts\/6549","targetHints":{"allow":["GET"]}}],"collection":[{"href":"https:\/\/cetm-madrid.es\/web\/wp-json\/wp\/v2\/posts"}],"about":[{"href":"https:\/\/cetm-madrid.es\/web\/wp-json\/wp\/v2\/types\/post"}],"author":[{"embeddable":true,"href":"https:\/\/cetm-madrid.es\/web\/wp-json\/wp\/v2\/users\/1"}],"replies":[{"embeddable":true,"href":"https:\/\/cetm-madrid.es\/web\/wp-json\/wp\/v2\/comments?post=6549"}],"version-history":[{"count":2,"href":"https:\/\/cetm-madrid.es\/web\/wp-json\/wp\/v2\/posts\/6549\/revisions"}],"predecessor-version":[{"id":6553,"href":"https:\/\/cetm-madrid.es\/web\/wp-json\/wp\/v2\/posts\/6549\/revisions\/6553"}],"wp:featuredmedia":[{"embeddable":true,"href":"https:\/\/cetm-madrid.es\/web\/wp-json\/wp\/v2\/media\/6545"}],"wp:attachment":[{"href":"https:\/\/cetm-madrid.es\/web\/wp-json\/wp\/v2\/media?parent=6549"}],"wp:term":[{"taxonomy":"category","embeddable":true,"href":"https:\/\/cetm-madrid.es\/web\/wp-json\/wp\/v2\/categories?post=6549"},{"taxonomy":"post_tag","embeddable":true,"href":"https:\/\/cetm-madrid.es\/web\/wp-json\/wp\/v2\/tags?post=6549"}],"curies":[{"name":"wp","href":"https:\/\/api.w.org\/{rel}","templated":true}]}}