{"id":6503,"date":"2020-10-30T18:54:44","date_gmt":"2020-10-30T18:54:44","guid":{"rendered":"https:\/\/cetm-madrid.es\/web\/?p=6503"},"modified":"2020-11-01T18:57:24","modified_gmt":"2020-11-01T18:57:24","slug":"asamblea-general-cetm-el-presidente-de-la-cetm-pide-a-la-administracion-trabajar-en-conjunto-para-llevar-a-cabo-la-ley-de-movilidad-sostenible-y-financiacion-del-transporte","status":"publish","type":"post","link":"https:\/\/cetm-madrid.es\/web\/asamblea-general-cetm-el-presidente-de-la-cetm-pide-a-la-administracion-trabajar-en-conjunto-para-llevar-a-cabo-la-ley-de-movilidad-sostenible-y-financiacion-del-transporte\/","title":{"rendered":"ASAMBLEA GENERAL CETM: EL PRESIDENTE DE LA CETM PIDE A LA ADMINISTRACI\u00d3N TRABAJAR EN CONJUNTO PARA LLEVAR A CABO LA LEY DE MOVILIDAD SOSTENIBLE Y FINANCIACI\u00d3N DEL TRANSPORTE"},"content":{"rendered":"<p>[et_pb_section fb_built=&#8221;1&#8243; admin_label=&#8221;section&#8221; _builder_version=&#8221;3.22&#8243;][et_pb_row column_structure=&#8221;2_3,1_3&#8243; admin_label=&#8221;row&#8221; _builder_version=&#8221;3.25&#8243; background_size=&#8221;initial&#8221; background_position=&#8221;top_left&#8221; background_repeat=&#8221;repeat&#8221;][et_pb_column type=&#8221;2_3&#8243; _builder_version=&#8221;3.25&#8243; custom_padding=&#8221;|||&#8221; custom_padding__hover=&#8221;|||&#8221;][et_pb_text admin_label=&#8221;Texto&#8221; _builder_version=&#8221;4.4.8&#8243; background_size=&#8221;initial&#8221; background_position=&#8221;top_left&#8221; background_repeat=&#8221;repeat&#8221; text_orientation=&#8221;justified&#8221; use_border_color=&#8221;off&#8221; border_color=&#8221;#ffffff&#8221; border_style=&#8221;solid&#8221;]<\/p>\n<p>La Confederaci\u00f3n Espa\u00f1ola de Transporte de Mercanc\u00edas (CETM) ha celebrado este viernes su Asamblea General y, <strong>por primera vez en su historia<\/strong>,<strong> de forma telem\u00e1tica<\/strong> debido a la coyuntura actual ante la crisis del Covid-19.<\/p>\n<p>En primer lugar, el presidente de la CETM, Ovidio de la Roza, ha hecho una menci\u00f3n especial en memoria de todos los profesionales y compa\u00f1eros de la organizaci\u00f3n y las asociaciones provinciales que han fallecido este a\u00f1o. De La Roza ha remarcado que estamos viviendo un a\u00f1o intenso debido a la pandemia y ha mostrado su preocupaci\u00f3n por el perjuicio que supone para las empresas del sector del transporte de mercanc\u00edas por carretera y la econom\u00eda en general.<\/p>\n<p>En este sentido, ha recordado que muchas de <strong>las dificultades del sector ven\u00edan de atr\u00e1s<\/strong>, un hecho que llev\u00f3 al Comit\u00e9 Nacional de Transporte por Carretera (CNTC) a poner encima de la mesa sus reivindicaciones ante el abandono de las\u00a0Administraciones. Sin embargo, el Covid-19 ha alterado a\u00fan m\u00e1s la econom\u00eda espa\u00f1ola y el transporte de mercanc\u00edas ha tenido que vivir durante el estado de<br \/>alarma situaciones extremas que han llevado <strong>al borde de la quiebra a muchas empresas de transporte de mercanc\u00edas,<\/strong> tal y como se ha podido comprobar a trav\u00e9s de las encuestas realizadas por la organizaci\u00f3n.<\/p>\n<p>El incremento de los retornos en vac\u00edo, la bajada de precios y, por ende, la ca\u00edda de ingresos ha perjudicado con fuerza al sector y, es especial, a los aut\u00f3nomos.\u00a0<\/p>\n<p>El presidente de la patronal ha puesto en situaci\u00f3n todo lo vivido durante los \u00faltimos meses, en los que el menosprecio del Gobierno llev\u00f3 a la convocatoria de un paro que sirvi\u00f3 para que el CNTC <strong>consiguiera el compromiso del Ministerio de Transportes, Movilidad y Agenda Urbana<\/strong> para no implantar la Eurovi\u00f1eta o el incremento de los pesos y dimensiones sin su consenso y, adem\u00e1s, ha dado lugar a una mesa de negociaci\u00f3n para regular la carga y la descarga y el impulso de un nuevo r\u00e9gimen sancionador contra la morosidad en el transporte para los pagos superiores\u00a0 a 60 d\u00edas.<\/p>\n<p>De La Roza considera que nuestro pa\u00eds ha vuelto a la \u201cmala normalidad\u201d, en la que contin\u00faa faltando un sistema productivo que d\u00e9 valor a la econom\u00eda y el empleo, sin olvidarnos de la mala gesti\u00f3n pol\u00edtica y sanitaria. Del mismo modo, el presidente de la CETM cuestiona las posibles soluciones para el transporte de mercanc\u00edas por carretera como el Plan de Recuperaci\u00f3n del Gobierno y <strong>aboga por la Ley de Movilidad y Financiaci\u00f3n del Transporte,<\/strong> \u201cnuestro \u00faltimo cartucho\u201d. El presidente de la CETM ha reclamado la participaci\u00f3n del sector en el dise\u00f1o de la futura ley, que deber\u00eda conservar el r\u00e9gimen de devoluci\u00f3n parcial del Impuesto sobre<br \/>Hidrocarburos por el gas\u00f3leo profesional \u201cmientras no existan alternativas eficientes y econ\u00f3micamente viables\u201d.<\/p>\n<p>Durante su discurso, Ovidio de La Roza tambi\u00e9n ha hecho referencia a <strong>la exclusi\u00f3n del sector del Plan Renove, un hecho \u201cinconcebible\u201d<\/strong> que ha dejado a muchas empresas en la estacada y ha se\u00f1alado que la CETM ya ha reclamado las modificaciones normativas necesarias para su inclusi\u00f3n. \u201cDe no ser as\u00ed, se pondr\u00e1 en evidencia, una vez m\u00e1s, que el Ejecutivo no tiene en cuenta al transporte de mercanc\u00edas por carretera\u201d, ha afirmado.<\/p>\n<p>La \u201cincoherencia\u201d que supone la eliminaci\u00f3n del requisito de antig\u00fcedad por parte del Tribunal Supremo, la falta de ayudas al transporte multimodal, la digitalizaci\u00f3n en el sector, la mejora de la formaci\u00f3n con medidas como la implantaci\u00f3n del t\u00edtulo de Grado Medio de Conductor de Veh\u00edculos de Transporte o la inviabilidad del pago por uso de las carreteras, han sido otras de las demandas que ha puesto encima de la mesa. <strong>\u201cHasta que no se cumplan todas y cada una de nuestras peticiones,<\/strong> en la CETM no cejaremos en reivindicar los plazos de pago, la reducci\u00f3n de los tiempos de espera, la prohibici\u00f3n de las labores de carga y descarga, la eliminaci\u00f3n<br \/>de los desv\u00edos obligatorios a carreteras de peaje o la supresi\u00f3n de las restricciones a la circulaci\u00f3n\u201d, ha remarcado con contundencia, emplazando a los poderes p\u00fablicos a trabajar de la mano del sector.<\/p>\n<p>Finalmente, el presidente de la patronal ha querido recalcar la labor de los conductores profesionales \u201cquienes <strong>se han jugado literalmente la vida en condiciones infrahumanas<\/strong> para atender las necesidades sanitarias y alimenticias de sus conciudadanos\u201d y ha mostrado su profunda admiraci\u00f3n.\u00a0<\/p>\n<p>De la Roza ha puesto en valor la labor de las empresas y sus trabajadores que \u201chan logrado evitar el colapso social y econ\u00f3mico\u201d.<\/p>\n<p>La clausura de la Asamblea General de la CETM ha contado con la participaci\u00f3n de la secretaria general de Transportes, Mar\u00eda Jos\u00e9 Rallo, que se ha mostrado agradecida al sector del transporte de mercanc\u00edas por carretera por la labor que ha desarrollado durante la pandemia. <strong>\u201cEl sector tuvo un comportamiento ejemplarizante<\/strong>. Nadie pudo percibir que hab\u00eda falta de abastecimiento gracias al transporte\u201d, ha se\u00f1alado.<\/p>\n<p>En su intervenci\u00f3n, Rallo ha asegurado que el sector <strong>jugar\u00e1 un papel esencial en el \u2018Plan de Recuperaci\u00f3n<\/strong>, Transformaci\u00f3n y Resiliencia de la Econom\u00eda espa\u00f1ola\u2019 y ha incidido en que dos de las palancas del proyecto del Gobierno son la sostenibilidad y la digitalizaci\u00f3n y le afectan de manera directa.<\/p>\n<p>La secretaria general de Transportes tambi\u00e9n se ha referido a los Presupuestos de 2021, que van en sinton\u00eda con la Ley de Movilidad Sostenible y Financiaci\u00f3n del Transporte que est\u00e1 preparando el MITMA. \u201cEs un reto sin precedentes, va a requerir un gran esfuerzo. No podemos ir solos, necesitamos el acompa\u00f1amiento de todo el sector y de la carretera en particular\u201d, afirma. Rallo <strong>ha valorado la propuesta presentada por CETM<\/strong> para dicha ley y ha constatado que el Ministerio de Transportes la est\u00e1 estudiando en detalle e, incluso, ha animado a la Confederaci\u00f3n a desarrollar un evento en colaboraci\u00f3n.<\/p>\n<p>En otro orden, ha hecho especial hincapi\u00e9 en el compromiso del Ministerio para abordar los retos a los que se enfrenta el transporte de mercanc\u00edas por carretera y ha detallado que<strong> la Mesa de Negociaci\u00f3n Tripartita seguir\u00e1 adelante porque \u201cdebemos mirar al futuro\u201d.<\/strong> En este sentido, ha pedido que no existan \u201cposiciones maximalistas\u201d y, aunque considera la regulaci\u00f3n de la carga y la descarga ha de abordarse, emplaza a las asociaciones de transporte y a los cargadores a dar un salto cualitativo para que el sector <strong>\u201cno tenga que ser precio aceptante y tenga un papel m\u00e1s activo en la cadena log\u00edstica\u201d.\u00a0<\/strong><\/p>\n<p>La secretaria general de Transportes tambi\u00e9n se ha referido a otras cuestiones como el <strong>Plan de Impulso para el Transporte 2021-2023<\/strong> que incluir\u00e1 \u201clas medidas necesarias para garantizar la sostenibilidad econ\u00f3mica, social y ambiental\u201d, la necesidad de <strong>atraer nuevo talento<\/strong> a trav\u00e9s de la divulgaci\u00f3n y formaci\u00f3n, en la que CETM tiene un papel muy activo, o el <strong>Paquete de Movilidad<\/strong> que \u201cpermitir\u00e1 luchar de manera m\u00e1s \u00e1gil e intensa contra la competencia desleal\u201d.<\/p>\n<p>Seguidamente ha mencionado la problem\u00e1tica del Plan Renove al que, debido a los requisitos de ayudas de minimis, no podr\u00e1n acogerse las empresas del sector. Rallo ha comunicado que la Direcci\u00f3n General de Transportes <strong>est\u00e1 trabajando con el Ministerio de Industria<\/strong> en este tema, tal y como ha reclamado CETM, aunque reconoce que ser\u00e1 dif\u00edcil debido a que act\u00faa bajo el paraguas europeo.<\/p>\n<p>Para finalizar, la secretaria general de Transportes ha se\u00f1alado que el MITMA <strong>est\u00e1 trabajando para desarrollar un mecanismo similar al de los carriles verdes<\/strong> de la Uni\u00f3n Europea, que elimine los obst\u00e1culos que est\u00e1n encontrando los conductores debido al cierre perimetral que se ha establecido en la mayor\u00eda de CC. AA, y as\u00ed dar un papel preferente al transporte pesado.<\/p>\n<p>Asimismo, Rallo ha destacado que el Ministerio est\u00e1 en contacto con las Administraciones para que los certificados que justifican el desplazamiento <strong>sean orientativos<\/strong> y no haya que utilizar uno para cada regi\u00f3n. De hecho, algunas comunidades ya han comunicado al MITMA que no es necesario llevar su modelo en concreto.<\/p>\n<p>Pueden consultar la Memoria 2020 en el siguiente enlace:<br \/><a href=\"http:\/\/w2.cetm.es\/asamblea2020\/\" target=\"_blank\" rel=\"noopener noreferrer\">http:\/\/w2.cetm.es\/asamblea2020\/<\/a><\/p>\n<p>&nbsp;<\/p>\n<p>[\/et_pb_text][\/et_pb_column][et_pb_column type=&#8221;1_3&#8243; _builder_version=&#8221;3.25&#8243; custom_padding=&#8221;|||&#8221; custom_padding__hover=&#8221;|||&#8221;][et_pb_image src=&#8221;https:\/\/cetm-madrid.es\/web\/wp-content\/uploads\/2020\/11\/Captura.jpg&#8221; title_text=&#8221;Captura&#8221; align_tablet=&#8221;center&#8221; align_phone=&#8221;&#8221; align_last_edited=&#8221;on|desktop&#8221; admin_label=&#8221;Imagen&#8221; _builder_version=&#8221;4.4.8&#8243; animation_style=&#8221;slide&#8221; animation_direction=&#8221;left&#8221; animation_duration=&#8221;500ms&#8221; animation_intensity_slide=&#8221;10%&#8221; use_border_color=&#8221;off&#8221; border_color=&#8221;#ffffff&#8221; border_style=&#8221;solid&#8221; animation=&#8221;left&#8221; sticky=&#8221;off&#8221; always_center_on_mobile=&#8221;on&#8221;][\/et_pb_image][\/et_pb_column][\/et_pb_row][\/et_pb_section]<\/p>\n","protected":false},"excerpt":{"rendered":"<p>La Confederaci\u00f3n Espa\u00f1ola de Transporte de Mercanc\u00edas (CETM) ha celebrado este viernes su Asamblea General y, por primera vez en su historia, de forma telem\u00e1tica debido a la coyuntura actual ante la crisis del Covid-19. En primer lugar, el presidente de la CETM, Ovidio de la Roza, ha hecho una menci\u00f3n especial en memoria de [&hellip;]<\/p>\n","protected":false},"author":1,"featured_media":6506,"comment_status":"closed","ping_status":"open","sticky":false,"template":"","format":"standard","meta":{"_et_pb_use_builder":"on","_et_pb_old_content":"","_et_gb_content_width":"","footnotes":""},"categories":[5,4],"tags":[],"class_list":["post-6503","post","type-post","status-publish","format-standard","has-post-thumbnail","hentry","category-general","category-organizacion"],"_links":{"self":[{"href":"https:\/\/cetm-madrid.es\/web\/wp-json\/wp\/v2\/posts\/6503","targetHints":{"allow":["GET"]}}],"collection":[{"href":"https:\/\/cetm-madrid.es\/web\/wp-json\/wp\/v2\/posts"}],"about":[{"href":"https:\/\/cetm-madrid.es\/web\/wp-json\/wp\/v2\/types\/post"}],"author":[{"embeddable":true,"href":"https:\/\/cetm-madrid.es\/web\/wp-json\/wp\/v2\/users\/1"}],"replies":[{"embeddable":true,"href":"https:\/\/cetm-madrid.es\/web\/wp-json\/wp\/v2\/comments?post=6503"}],"version-history":[{"count":3,"href":"https:\/\/cetm-madrid.es\/web\/wp-json\/wp\/v2\/posts\/6503\/revisions"}],"predecessor-version":[{"id":6508,"href":"https:\/\/cetm-madrid.es\/web\/wp-json\/wp\/v2\/posts\/6503\/revisions\/6508"}],"wp:featuredmedia":[{"embeddable":true,"href":"https:\/\/cetm-madrid.es\/web\/wp-json\/wp\/v2\/media\/6506"}],"wp:attachment":[{"href":"https:\/\/cetm-madrid.es\/web\/wp-json\/wp\/v2\/media?parent=6503"}],"wp:term":[{"taxonomy":"category","embeddable":true,"href":"https:\/\/cetm-madrid.es\/web\/wp-json\/wp\/v2\/categories?post=6503"},{"taxonomy":"post_tag","embeddable":true,"href":"https:\/\/cetm-madrid.es\/web\/wp-json\/wp\/v2\/tags?post=6503"}],"curies":[{"name":"wp","href":"https:\/\/api.w.org\/{rel}","templated":true}]}}