{"id":6469,"date":"2020-10-27T08:54:28","date_gmt":"2020-10-27T08:54:28","guid":{"rendered":"https:\/\/cetm-madrid.es\/web\/?p=6469"},"modified":"2020-10-30T09:06:20","modified_gmt":"2020-10-30T09:06:20","slug":"la-cetm-reclama-un-certificado-unico-para-justificar-la-movilidad-de-los-profesionales-del-transporte-de-mercancias-ante-las-nuevas-restricciones","status":"publish","type":"post","link":"https:\/\/cetm-madrid.es\/web\/la-cetm-reclama-un-certificado-unico-para-justificar-la-movilidad-de-los-profesionales-del-transporte-de-mercancias-ante-las-nuevas-restricciones\/","title":{"rendered":"LA CETM RECLAMA UN CERTIFICADO \u00daNICO PARA JUSTIFICAR LA MOVILIDAD DE LOS PROFESIONALES DEL TRANSPORTE DE MERCANC\u00cdAS ANTE LAS NUEVAS RESTRICCIONES"},"content":{"rendered":"<p>[et_pb_section fb_built=&#8221;1&#8243; admin_label=&#8221;section&#8221; _builder_version=&#8221;3.22&#8243;][et_pb_row admin_label=&#8221;row&#8221; _builder_version=&#8221;3.25&#8243; background_size=&#8221;initial&#8221; background_position=&#8221;top_left&#8221; background_repeat=&#8221;repeat&#8221; column_structure=&#8221;2_3,1_3&#8243;][et_pb_column type=&#8221;2_3&#8243; _builder_version=&#8221;3.25&#8243; custom_padding=&#8221;|||&#8221; custom_padding__hover=&#8221;|||&#8221;][et_pb_text admin_label=&#8221;Texto&#8221; _builder_version=&#8221;4.4.8&#8243; background_size=&#8221;initial&#8221; background_position=&#8221;top_left&#8221; background_repeat=&#8221;repeat&#8221; text_orientation=&#8221;justified&#8221; hover_enabled=&#8221;0&#8243; use_border_color=&#8221;off&#8221; border_color=&#8221;#ffffff&#8221; border_style=&#8221;solid&#8221;]<\/p>\n<p>La Confederaci\u00f3n Espa\u00f1ola de Transporte de Mercanc\u00edas (CETM) pide al Gobierno Central y a las Comunidades Aut\u00f3nomas que establezcan un documento \u00fanico para justificar la movilidad de los profesionales de transporte durante los toques de queda o los cierres perimetrales.<\/p>\n<p>Los certificados de movilidad que exige cada Comunidad Aut\u00f3noma ante las restricciones son diferentes y <strong>suponen una carga burocr\u00e1tica in\u00fatil<\/strong> para los profesionales del sector, <strong>obstaculizando<\/strong> considerablemente <strong>una actividad esencial<\/strong> como la que desarrollan las empresas de transporte, que permiten el abastecimiento de la industria, hospitales, farmacias, supermercados y todo tipo de negocios y domicilios particulares.<\/p>\n<p>En nuestra opini\u00f3n, si resulta necesario que los profesionales del transporte demuestren la raz\u00f3n de su viaje ante las paradas que puedan realizar para descansar, comer o el desplazamiento hacia los veh\u00edculos, lo m\u00e1s l\u00f3gico es que Espa\u00f1a siga el ejemplo de otros pa\u00edses como Francia o Italia <strong>en los que se ha establecido un certificado de movilidad \u00fanico<\/strong> para todo el territorio.\u00a0<\/p>\n<p>Por tanto, la CETM ha reclamado al Ministerio de Transportes, Movilidad y Agenda Urbana que establezca un documento \u00fanico para que los transportistas puedan moverse por el territorio nacional sin necesidad de llevar un certificado para cada zona y as\u00ed acabar de una vez por todas con este sinsentido.<\/p>\n<p>Asimismo, la patronal de las empresas de transporte de mercanc\u00edas reclama que <strong>se eviten controles innecesarios a los camiones,<\/strong> puesto que los transportistas est\u00e1n sufriendo largas colas y esperas que perjudican la calidad de sus servicios, demorando innecesariamente las entregas de las mercanc\u00edas que transportan.<\/p>\n<p>[\/et_pb_text][\/et_pb_column][et_pb_column type=&#8221;1_3&#8243; _builder_version=&#8221;3.25&#8243; custom_padding=&#8221;|||&#8221; custom_padding__hover=&#8221;|||&#8221;][et_pb_image src=&#8221;https:\/\/cetm-madrid.es\/web\/wp-content\/uploads\/2020\/10\/Dise\u00f1o-sin-t\u00edtulo-3.png&#8221; align_tablet=&#8221;center&#8221; align_last_edited=&#8221;on|desktop&#8221; admin_label=&#8221;Imagen&#8221; _builder_version=&#8221;4.4.8&#8243; animation_style=&#8221;slide&#8221; animation_direction=&#8221;left&#8221; animation_duration=&#8221;500ms&#8221; animation_intensity_slide=&#8221;10%&#8221; hover_enabled=&#8221;0&#8243; use_border_color=&#8221;off&#8221; border_color=&#8221;#ffffff&#8221; border_style=&#8221;solid&#8221; animation=&#8221;left&#8221; sticky=&#8221;off&#8221; always_center_on_mobile=&#8221;on&#8221; title_text=&#8221;Dise\u00f1o sin t\u00edtulo (3)&#8221;][\/et_pb_image][\/et_pb_column][\/et_pb_row][\/et_pb_section]<\/p>\n","protected":false},"excerpt":{"rendered":"<p>La Confederaci\u00f3n Espa\u00f1ola de Transporte de Mercanc\u00edas (CETM) pide al Gobierno Central y a las Comunidades Aut\u00f3nomas que establezcan un documento \u00fanico para justificar la movilidad de los profesionales de transporte durante los toques de queda o los cierres perimetrales. Los certificados de movilidad que exige cada Comunidad Aut\u00f3noma ante las restricciones son diferentes y [&hellip;]<\/p>\n","protected":false},"author":1,"featured_media":6472,"comment_status":"closed","ping_status":"open","sticky":false,"template":"","format":"standard","meta":{"_et_pb_use_builder":"on","_et_pb_old_content":"","_et_gb_content_width":"","footnotes":""},"categories":[5,4],"tags":[],"class_list":["post-6469","post","type-post","status-publish","format-standard","has-post-thumbnail","hentry","category-general","category-organizacion"],"_links":{"self":[{"href":"https:\/\/cetm-madrid.es\/web\/wp-json\/wp\/v2\/posts\/6469","targetHints":{"allow":["GET"]}}],"collection":[{"href":"https:\/\/cetm-madrid.es\/web\/wp-json\/wp\/v2\/posts"}],"about":[{"href":"https:\/\/cetm-madrid.es\/web\/wp-json\/wp\/v2\/types\/post"}],"author":[{"embeddable":true,"href":"https:\/\/cetm-madrid.es\/web\/wp-json\/wp\/v2\/users\/1"}],"replies":[{"embeddable":true,"href":"https:\/\/cetm-madrid.es\/web\/wp-json\/wp\/v2\/comments?post=6469"}],"version-history":[{"count":2,"href":"https:\/\/cetm-madrid.es\/web\/wp-json\/wp\/v2\/posts\/6469\/revisions"}],"predecessor-version":[{"id":6473,"href":"https:\/\/cetm-madrid.es\/web\/wp-json\/wp\/v2\/posts\/6469\/revisions\/6473"}],"wp:featuredmedia":[{"embeddable":true,"href":"https:\/\/cetm-madrid.es\/web\/wp-json\/wp\/v2\/media\/6472"}],"wp:attachment":[{"href":"https:\/\/cetm-madrid.es\/web\/wp-json\/wp\/v2\/media?parent=6469"}],"wp:term":[{"taxonomy":"category","embeddable":true,"href":"https:\/\/cetm-madrid.es\/web\/wp-json\/wp\/v2\/categories?post=6469"},{"taxonomy":"post_tag","embeddable":true,"href":"https:\/\/cetm-madrid.es\/web\/wp-json\/wp\/v2\/tags?post=6469"}],"curies":[{"name":"wp","href":"https:\/\/api.w.org\/{rel}","templated":true}]}}