{"id":6369,"date":"2020-10-21T06:39:37","date_gmt":"2020-10-21T06:39:37","guid":{"rendered":"https:\/\/cetm-madrid.es\/web\/?p=6369"},"modified":"2020-10-22T06:49:09","modified_gmt":"2020-10-22T06:49:09","slug":"la-cetm-pide-al-gobierno-que-sea-coherente-y-permita-el-acceso-a-las-ayudas-del-plan-renove-para-la-renovacion-de-flotas-de-las-empresas-de-transporte-de-mercancias","status":"publish","type":"post","link":"https:\/\/cetm-madrid.es\/web\/la-cetm-pide-al-gobierno-que-sea-coherente-y-permita-el-acceso-a-las-ayudas-del-plan-renove-para-la-renovacion-de-flotas-de-las-empresas-de-transporte-de-mercancias\/","title":{"rendered":"LA CETM PIDE AL GOBIERNO QUE SEA COHERENTE Y PERMITA EL ACCESO A LAS AYUDAS DEL PLAN RENOVE PARA LA RENOVACI\u00d3N DE FLOTAS DE LAS EMPRESAS DE TRANSPORTE DE MERCANC\u00cdAS"},"content":{"rendered":"<p>[et_pb_section fb_built=&#8221;1&#8243; admin_label=&#8221;section&#8221; _builder_version=&#8221;3.22&#8243;][et_pb_row admin_label=&#8221;row&#8221; _builder_version=&#8221;3.25&#8243; background_size=&#8221;initial&#8221; background_position=&#8221;top_left&#8221; background_repeat=&#8221;repeat&#8221; column_structure=&#8221;2_3,1_3&#8243;][et_pb_column type=&#8221;2_3&#8243; _builder_version=&#8221;3.25&#8243; custom_padding=&#8221;|||&#8221; custom_padding__hover=&#8221;|||&#8221;][et_pb_text admin_label=&#8221;Texto&#8221; _builder_version=&#8221;4.4.8&#8243; background_size=&#8221;initial&#8221; background_position=&#8221;top_left&#8221; background_repeat=&#8221;repeat&#8221; text_orientation=&#8221;justified&#8221; hover_enabled=&#8221;0&#8243; use_border_color=&#8221;off&#8221; border_color=&#8221;#ffffff&#8221; border_style=&#8221;solid&#8221;]<\/p>\n<p>La semana pasada la ministra de Industria, Comercio y Turismo, Reyes Maroto, anunci\u00f3 que el 20 de octubre por fin estar\u00eda activada la plataforma inform\u00e1tica para solicitar las ayudas del Plan Renove.<\/p>\n<p>Sin embargo, a pesar de que mediante estas ayudas <strong>se subvencionan veh\u00edculos destinados al transporte de mercanc\u00edas<\/strong> de las categor\u00edas N1 (cuya MMA es inferior a las 3,5 toneladas), N2 (MMA entre 3,5 y 12 toneladas) y N3 (MMA superior a las 12 toneladas) y de que pueden beneficiarse tanto profesionales aut\u00f3nomos, personas f\u00edsicas como empresas privadas, la gran sorpresa ha sido que las empresas de transporte de mercanc\u00edas por carretera <strong>no pueden utilizarlas para la renovaci\u00f3n de flotas.<\/strong><\/p>\n<p>Esto se debe a que el Programa Renove opera bajo las condiciones del Reglamento (UE) n.\u00ba 1407\/2013 de la Comisi\u00f3n, de 18 de diciembre de 2013, relativo a la aplicaci\u00f3n de los art\u00edculos 107 y 108 del Tratado de funcionamiento de la Uni\u00f3n Europea a las ayudas &#8220;de minimis&#8221;, que establece que dichas ayudas <strong>no podr\u00e1n utilizarse para la adquisici\u00f3n de veh\u00edculos de transporte de mercanc\u00edas por <\/strong><strong>carretera de servicio p\u00fablico.<\/strong>\u00a0<\/p>\n<p>En consecuencia, <strong>muchas empresas del sector se han quedado en la estacada,<\/strong> con la renovaci\u00f3n de flotas pactadas desde julio y sin las ayudas del Plan Renove con las que contaban para hacer frente a una inversi\u00f3n de tal calibre y en un momento tan dif\u00edcil como el que estamos viviendo ante la crisis del coronavirus.\u00a0<\/p>\n<p>Es <strong>incoherente e indignante<\/strong> que el Gobierno, la Uni\u00f3n Europea y las principales Administraciones hagan alarde de las ayudas destinadas a la movilidad sostenible y, al mismo tiempo, abandonen a su suerte a las empresas de nuestro sector, que llevan a\u00f1os comprometidas, invirtiendo en veh\u00edculos ecol\u00f3gicamente mejorados y menos contaminantes.<\/p>\n<p>La Confederaci\u00f3n Espa\u00f1ola de Transporte de Mercanc\u00edas (CETM) <strong>reclama la modificaci\u00f3n de los requisitos para acceder al Plan Renove y las ayudas &#8220;de minimis&#8221;<\/strong> y as\u00ed poder cumplir con las propias exigencias del Gobierno en su camino hacia la movilidad sostenible.\u00a0<\/p>\n<p>De no ser as\u00ed, se pondr\u00e1 en evidencia, una vez m\u00e1s, que el Ejecutivo <strong>no tiene en cuenta al transporte de mercanc\u00edas por carretera,<\/strong> a pesar de haber demostrado con creces que es un sector fundamental para el funcionamiento de la econom\u00eda y de la sociedad en su conjunto.<\/p>\n<p>[\/et_pb_text][\/et_pb_column][et_pb_column type=&#8221;1_3&#8243; _builder_version=&#8221;3.25&#8243; custom_padding=&#8221;|||&#8221; custom_padding__hover=&#8221;|||&#8221;][et_pb_image src=&#8221;https:\/\/cetm-madrid.es\/web\/wp-content\/uploads\/2020\/10\/Dise\u00f1o-sin-t\u00edtulo.png&#8221; align_tablet=&#8221;center&#8221; align_last_edited=&#8221;on|desktop&#8221; admin_label=&#8221;Imagen&#8221; _builder_version=&#8221;4.4.8&#8243; animation_style=&#8221;slide&#8221; animation_direction=&#8221;left&#8221; animation_duration=&#8221;500ms&#8221; animation_intensity_slide=&#8221;10%&#8221; hover_enabled=&#8221;0&#8243; use_border_color=&#8221;off&#8221; border_color=&#8221;#ffffff&#8221; border_style=&#8221;solid&#8221; animation=&#8221;left&#8221; sticky=&#8221;off&#8221; always_center_on_mobile=&#8221;on&#8221; title_text=&#8221;Dise\u00f1o sin t\u00edtulo&#8221;][\/et_pb_image][\/et_pb_column][\/et_pb_row][\/et_pb_section]<\/p>\n","protected":false},"excerpt":{"rendered":"<p>La semana pasada la ministra de Industria, Comercio y Turismo, Reyes Maroto, anunci\u00f3 que el 20 de octubre por fin estar\u00eda activada la plataforma inform\u00e1tica para solicitar las ayudas del Plan Renove. Sin embargo, a pesar de que mediante estas ayudas se subvencionan veh\u00edculos destinados al transporte de mercanc\u00edas de las categor\u00edas N1 (cuya MMA [&hellip;]<\/p>\n","protected":false},"author":1,"featured_media":6372,"comment_status":"closed","ping_status":"open","sticky":false,"template":"","format":"standard","meta":{"_et_pb_use_builder":"on","_et_pb_old_content":"","_et_gb_content_width":"","footnotes":""},"categories":[5,4],"tags":[],"class_list":["post-6369","post","type-post","status-publish","format-standard","has-post-thumbnail","hentry","category-general","category-organizacion"],"_links":{"self":[{"href":"https:\/\/cetm-madrid.es\/web\/wp-json\/wp\/v2\/posts\/6369","targetHints":{"allow":["GET"]}}],"collection":[{"href":"https:\/\/cetm-madrid.es\/web\/wp-json\/wp\/v2\/posts"}],"about":[{"href":"https:\/\/cetm-madrid.es\/web\/wp-json\/wp\/v2\/types\/post"}],"author":[{"embeddable":true,"href":"https:\/\/cetm-madrid.es\/web\/wp-json\/wp\/v2\/users\/1"}],"replies":[{"embeddable":true,"href":"https:\/\/cetm-madrid.es\/web\/wp-json\/wp\/v2\/comments?post=6369"}],"version-history":[{"count":2,"href":"https:\/\/cetm-madrid.es\/web\/wp-json\/wp\/v2\/posts\/6369\/revisions"}],"predecessor-version":[{"id":6373,"href":"https:\/\/cetm-madrid.es\/web\/wp-json\/wp\/v2\/posts\/6369\/revisions\/6373"}],"wp:featuredmedia":[{"embeddable":true,"href":"https:\/\/cetm-madrid.es\/web\/wp-json\/wp\/v2\/media\/6372"}],"wp:attachment":[{"href":"https:\/\/cetm-madrid.es\/web\/wp-json\/wp\/v2\/media?parent=6369"}],"wp:term":[{"taxonomy":"category","embeddable":true,"href":"https:\/\/cetm-madrid.es\/web\/wp-json\/wp\/v2\/categories?post=6369"},{"taxonomy":"post_tag","embeddable":true,"href":"https:\/\/cetm-madrid.es\/web\/wp-json\/wp\/v2\/tags?post=6369"}],"curies":[{"name":"wp","href":"https:\/\/api.w.org\/{rel}","templated":true}]}}