{"id":6346,"date":"2020-10-20T19:34:21","date_gmt":"2020-10-20T19:34:21","guid":{"rendered":"https:\/\/cetm-madrid.es\/web\/?p=6346"},"modified":"2020-10-20T19:36:26","modified_gmt":"2020-10-20T19:36:26","slug":"celebracion-de-la-jornada-plan-de-comunicacion-digital-en-las-organizaciones-de-transporte-el-proximo-28-de-octubre","status":"publish","type":"post","link":"https:\/\/cetm-madrid.es\/web\/celebracion-de-la-jornada-plan-de-comunicacion-digital-en-las-organizaciones-de-transporte-el-proximo-28-de-octubre\/","title":{"rendered":"CELEBRACI\u00d3N DE LA JORNADA \u2018PLAN DE COMUNICACI\u00d3N DIGITAL EN LAS ORGANIZACIONES DE TRANSPORTE\u2019 EL PR\u00d3XIMO 28 DE OCTUBRE"},"content":{"rendered":"<p>[et_pb_section fb_built=&#8221;1&#8243; admin_label=&#8221;section&#8221; _builder_version=&#8221;3.22&#8243;][et_pb_row column_structure=&#8221;2_3,1_3&#8243; admin_label=&#8221;row&#8221; _builder_version=&#8221;3.25&#8243; background_size=&#8221;initial&#8221; background_position=&#8221;top_left&#8221; background_repeat=&#8221;repeat&#8221;][et_pb_column type=&#8221;2_3&#8243; _builder_version=&#8221;3.25&#8243; custom_padding=&#8221;|||&#8221; custom_padding__hover=&#8221;|||&#8221;][et_pb_text admin_label=&#8221;Texto&#8221; _builder_version=&#8221;4.4.8&#8243; background_size=&#8221;initial&#8221; background_position=&#8221;top_left&#8221; background_repeat=&#8221;repeat&#8221; text_orientation=&#8221;justified&#8221; use_border_color=&#8221;off&#8221; border_color=&#8221;#ffffff&#8221; border_style=&#8221;solid&#8221;]<\/p>\n<p>La Confederaci\u00f3n Espa\u00f1ola de Transporte de Mercanc\u00edas (CETM) celebra el pr\u00f3ximo mi\u00e9rcoles 28 de octubre la Jornada \u2018Plan de comunicaci\u00f3n digital en las organizaciones de transporte\u2019.<\/p>\n<p>El objetivo es que las asociaciones y organizaciones que forman parte de CETM conozcan <strong>las claves para enriquecer su plan de comunicaci\u00f3n<\/strong> y enfocarlo en los medios digitales.<\/p>\n<p>El encuentro se celebrar\u00e1 en la sede de la CETM, ubicada en c\/ L\u00f3pez de Hoyos, 322 (Madrid) y contar\u00e1 con la participaci\u00f3n de diversos profesionales que, a lo largo de la ma\u00f1ana, contribuir\u00e1n a que las organizaciones enfoquen con claridad su estrategia de comunicaci\u00f3n digital y <strong>saquen mayor partido a las herramientas que existen.<\/strong><\/p>\n<p>Asimismo, la Jornada <strong>tambi\u00e9n estar\u00e1 orientada al teletrabajo<\/strong>, puesto que la crisis del coronavirus ha puesto de manifiesto su utilidad.<\/p>\n<p>La primera intervenci\u00f3n correr\u00e1 a cargo de <strong>F\u00e9lix Dom\u00ednguez, CEO de \u2018La Web L\u00facida\u2019,<\/strong> una agencia digital especializada en desarrollo web, comercio electr\u00f3nico, aplicaciones m\u00f3viles y marketing online, que se encargar\u00e1 de explicar c\u00f3mo debe ser una web corporativa. A continuaci\u00f3n, <strong>Carlos Pardo, Director Inform\u00e1tico de CETM<\/strong>, explicar\u00e1 las principales herramientas para el desarrollo del teletrabajo ante la crisis del COVID-19.<\/p>\n<p>Despu\u00e9s intervendr\u00e1 <strong>Magaceda Serrano<\/strong>, que forma parte del <strong>departamento de Comunicaci\u00f3n e Imagen de CETM,<\/strong> y mostrar\u00e1 cu\u00e1les son las claves para desarrollar una estrategia en redes sociales y conseguir mayor \u00e9xito. Por \u00faltimo, <strong>Pedro Luis S\u00e1nchez, Jefe de Informaci\u00f3n y Documentaci\u00f3n de FROET,<\/strong> expondr\u00e1 c\u00f3mo debe realizarse la gesti\u00f3n de la comunicaci\u00f3n en las asociaciones provinciales.<\/p>\n<p>La jornada est\u00e1 incluida dentro del Plan de Ayudas a la Formaci\u00f3n del Ministerio de Transportes, Movilidad y Agenda Urbana. Tiene car\u00e1cter presencial en horario de 09:00 a 14:00 horas, con una pausa para el caf\u00e9. Rogamos que aquellos que est\u00e9is interesados <strong>confirm\u00e9is vuestra asistencia<\/strong> enviando un correo a <span style=\"color: #00ccff;\">comunicacion@cetm.es<\/span> con la ficha de inscripci\u00f3n que se incluye.<\/p>\n<p>La jornada ser\u00e1 una <strong>oportunidad para encaminar la digitalizaci\u00f3n<\/strong> en las organizaciones, ya que las herramientas digitales son una apuesta clave para el impulso de nuestro sector.<\/p>\n<p>[\/et_pb_text][\/et_pb_column][et_pb_column type=&#8221;1_3&#8243; _builder_version=&#8221;3.25&#8243; custom_padding=&#8221;|||&#8221; custom_padding__hover=&#8221;|||&#8221;][et_pb_image src=&#8221;https:\/\/cetm-madrid.es\/web\/wp-content\/uploads\/2020\/10\/Captura.jpg&#8221; title_text=&#8221;Captura&#8221; align_tablet=&#8221;center&#8221; align_phone=&#8221;&#8221; align_last_edited=&#8221;on|desktop&#8221; admin_label=&#8221;Imagen&#8221; _builder_version=&#8221;4.4.8&#8243; animation_style=&#8221;slide&#8221; animation_direction=&#8221;left&#8221; animation_duration=&#8221;500ms&#8221; animation_intensity_slide=&#8221;10%&#8221; use_border_color=&#8221;off&#8221; border_color=&#8221;#ffffff&#8221; border_style=&#8221;solid&#8221; animation=&#8221;left&#8221; sticky=&#8221;off&#8221; always_center_on_mobile=&#8221;on&#8221;][\/et_pb_image][et_pb_button button_url=&#8221;https:\/\/cetm-madrid.es\/web\/wp-content\/uploads\/2020\/10\/cartel_jornadas_.pdf&#8221; button_text=&#8221;JORNADA T\u00c9CNICA DE FORMACI\u00d3N E IMAGEN&#8221; _builder_version=&#8221;4.4.8&#8243; hover_enabled=&#8221;0&#8243;][\/et_pb_button][et_pb_button button_url=&#8221;https:\/\/cetm-madrid.es\/web\/wp-content\/uploads\/2020\/10\/Ficha_inscripcion.pdf&#8221; button_text=&#8221;FICHA INSCRIPCI\u00d3N&#8221; _builder_version=&#8221;4.4.8&#8243; hover_enabled=&#8221;0&#8243;][\/et_pb_button][\/et_pb_column][\/et_pb_row][\/et_pb_section]<\/p>\n","protected":false},"excerpt":{"rendered":"<p>La Confederaci\u00f3n Espa\u00f1ola de Transporte de Mercanc\u00edas (CETM) celebra el pr\u00f3ximo mi\u00e9rcoles 28 de octubre la Jornada \u2018Plan de comunicaci\u00f3n digital en las organizaciones de transporte\u2019. El objetivo es que las asociaciones y organizaciones que forman parte de CETM conozcan las claves para enriquecer su plan de comunicaci\u00f3n y enfocarlo en los medios digitales. El [&hellip;]<\/p>\n","protected":false},"author":1,"featured_media":6351,"comment_status":"closed","ping_status":"open","sticky":false,"template":"","format":"standard","meta":{"_et_pb_use_builder":"on","_et_pb_old_content":"","_et_gb_content_width":"","footnotes":""},"categories":[5,4],"tags":[],"class_list":["post-6346","post","type-post","status-publish","format-standard","has-post-thumbnail","hentry","category-general","category-organizacion"],"_links":{"self":[{"href":"https:\/\/cetm-madrid.es\/web\/wp-json\/wp\/v2\/posts\/6346","targetHints":{"allow":["GET"]}}],"collection":[{"href":"https:\/\/cetm-madrid.es\/web\/wp-json\/wp\/v2\/posts"}],"about":[{"href":"https:\/\/cetm-madrid.es\/web\/wp-json\/wp\/v2\/types\/post"}],"author":[{"embeddable":true,"href":"https:\/\/cetm-madrid.es\/web\/wp-json\/wp\/v2\/users\/1"}],"replies":[{"embeddable":true,"href":"https:\/\/cetm-madrid.es\/web\/wp-json\/wp\/v2\/comments?post=6346"}],"version-history":[{"count":3,"href":"https:\/\/cetm-madrid.es\/web\/wp-json\/wp\/v2\/posts\/6346\/revisions"}],"predecessor-version":[{"id":6355,"href":"https:\/\/cetm-madrid.es\/web\/wp-json\/wp\/v2\/posts\/6346\/revisions\/6355"}],"wp:featuredmedia":[{"embeddable":true,"href":"https:\/\/cetm-madrid.es\/web\/wp-json\/wp\/v2\/media\/6351"}],"wp:attachment":[{"href":"https:\/\/cetm-madrid.es\/web\/wp-json\/wp\/v2\/media?parent=6346"}],"wp:term":[{"taxonomy":"category","embeddable":true,"href":"https:\/\/cetm-madrid.es\/web\/wp-json\/wp\/v2\/categories?post=6346"},{"taxonomy":"post_tag","embeddable":true,"href":"https:\/\/cetm-madrid.es\/web\/wp-json\/wp\/v2\/tags?post=6346"}],"curies":[{"name":"wp","href":"https:\/\/api.w.org\/{rel}","templated":true}]}}