{"id":6319,"date":"2020-10-16T19:44:15","date_gmt":"2020-10-16T19:44:15","guid":{"rendered":"https:\/\/cetm-madrid.es\/web\/?p=6319"},"modified":"2020-10-16T19:44:20","modified_gmt":"2020-10-16T19:44:20","slug":"las-ayudas-del-plan-renove-podran-solitarse-a-partir-del-proximo-20-de-octubre","status":"publish","type":"post","link":"https:\/\/cetm-madrid.es\/web\/las-ayudas-del-plan-renove-podran-solitarse-a-partir-del-proximo-20-de-octubre\/","title":{"rendered":"LAS AYUDAS DEL PLAN RENOVE PODR\u00c1N SOLITARSE A PARTIR DEL PR\u00d3XIMO 20 DE OCTUBRE"},"content":{"rendered":"<p>[et_pb_section fb_built=&#8221;1&#8243; admin_label=&#8221;section&#8221; _builder_version=&#8221;3.22&#8243;][et_pb_row admin_label=&#8221;row&#8221; _builder_version=&#8221;3.25&#8243; background_size=&#8221;initial&#8221; background_position=&#8221;top_left&#8221; background_repeat=&#8221;repeat&#8221; column_structure=&#8221;2_3,1_3&#8243;][et_pb_column type=&#8221;2_3&#8243; _builder_version=&#8221;3.25&#8243; custom_padding=&#8221;|||&#8221; custom_padding__hover=&#8221;|||&#8221;][et_pb_text admin_label=&#8221;Texto&#8221; _builder_version=&#8221;4.4.8&#8243; background_size=&#8221;initial&#8221; background_position=&#8221;top_left&#8221; background_repeat=&#8221;repeat&#8221; text_orientation=&#8221;justified&#8221; hover_enabled=&#8221;0&#8243; use_border_color=&#8221;off&#8221; border_color=&#8221;#ffffff&#8221; border_style=&#8221;solid&#8221;]<\/p>\n<p>La ministra de Industria, Comercio y Turismo, Reyes Maroto, ha anunciado hoy que el pr\u00f3ximo martes 20 de octubre se activar\u00e1 la plataforma inform\u00e1tica para solicitar las ayudas del Plan Renove:<\/p>\n<p>Ser\u00e1 <strong>a partir de las 10:00 horas<\/strong> del pr\u00f3ximo martes cuando los solicitantes de las ayudas podr\u00e1n subir su solicitud a trav\u00e9s de la aplicaci\u00f3n habilitada en su sede electr\u00f3nica a la que podr\u00e9is acceder a trav\u00e9s del siguiente enlace:<\/p>\n<p><a href=\"https:\/\/sede.serviciosmin.gob.es\/es-es\/Paginas\/Index.aspx\" target=\"_blank\" rel=\"noopener noreferrer\">https:\/\/sede.serviciosmin.gob.es\/es-es\/Paginas\/Index.aspx<\/a><\/p>\n<p>Una vez dentro, podr\u00e9is reservar el importe de la ayuda correspondiente por la operaci\u00f3n de adquisici\u00f3n del veh\u00edculo. Deber\u00e9is <strong>tener preparada la documentaci\u00f3n m\u00ednima exigida<\/strong> por la normativa. El acceso a la aplicaci\u00f3n inform\u00e1tica se debe realizar exclusivamente <strong>mediante certificado electr\u00f3nico<\/strong> de persona f\u00edsica.<\/p>\n<p>La evaluaci\u00f3n y validaci\u00f3n de los expedientes de ayudas se empezar\u00e1 a producir en noviembre y ser\u00e1 un proceso que se extienda durante los seis primeros meses del 2021. <strong>Los primeros pagos llegar\u00e1n a partir del mes de diciembre<\/strong> y durante la primera mitad del 2021.<\/p>\n<p>[\/et_pb_text][\/et_pb_column][et_pb_column type=&#8221;1_3&#8243; _builder_version=&#8221;3.25&#8243; custom_padding=&#8221;|||&#8221; custom_padding__hover=&#8221;|||&#8221;][et_pb_image src=&#8221;https:\/\/cetm-madrid.es\/web\/wp-content\/uploads\/2020\/10\/Captura-1-1.png&#8221; align_tablet=&#8221;center&#8221; align_last_edited=&#8221;on|desktop&#8221; admin_label=&#8221;Imagen&#8221; _builder_version=&#8221;4.4.8&#8243; animation_style=&#8221;slide&#8221; animation_direction=&#8221;left&#8221; animation_duration=&#8221;500ms&#8221; animation_intensity_slide=&#8221;10%&#8221; hover_enabled=&#8221;0&#8243; use_border_color=&#8221;off&#8221; border_color=&#8221;#ffffff&#8221; border_style=&#8221;solid&#8221; animation=&#8221;left&#8221; sticky=&#8221;off&#8221; always_center_on_mobile=&#8221;on&#8221; title_text=&#8221;Captura 1&#8243;][\/et_pb_image][\/et_pb_column][\/et_pb_row][\/et_pb_section]<\/p>\n","protected":false},"excerpt":{"rendered":"<p>La ministra de Industria, Comercio y Turismo, Reyes Maroto, ha anunciado hoy que el pr\u00f3ximo martes 20 de octubre se activar\u00e1 la plataforma inform\u00e1tica para solicitar las ayudas del Plan Renove: Ser\u00e1 a partir de las 10:00 horas del pr\u00f3ximo martes cuando los solicitantes de las ayudas podr\u00e1n subir su solicitud a trav\u00e9s de la [&hellip;]<\/p>\n","protected":false},"author":1,"featured_media":6322,"comment_status":"closed","ping_status":"open","sticky":false,"template":"","format":"standard","meta":{"_et_pb_use_builder":"on","_et_pb_old_content":"","_et_gb_content_width":"","footnotes":""},"categories":[5,4],"tags":[],"class_list":["post-6319","post","type-post","status-publish","format-standard","has-post-thumbnail","hentry","category-general","category-organizacion"],"_links":{"self":[{"href":"https:\/\/cetm-madrid.es\/web\/wp-json\/wp\/v2\/posts\/6319","targetHints":{"allow":["GET"]}}],"collection":[{"href":"https:\/\/cetm-madrid.es\/web\/wp-json\/wp\/v2\/posts"}],"about":[{"href":"https:\/\/cetm-madrid.es\/web\/wp-json\/wp\/v2\/types\/post"}],"author":[{"embeddable":true,"href":"https:\/\/cetm-madrid.es\/web\/wp-json\/wp\/v2\/users\/1"}],"replies":[{"embeddable":true,"href":"https:\/\/cetm-madrid.es\/web\/wp-json\/wp\/v2\/comments?post=6319"}],"version-history":[{"count":2,"href":"https:\/\/cetm-madrid.es\/web\/wp-json\/wp\/v2\/posts\/6319\/revisions"}],"predecessor-version":[{"id":6323,"href":"https:\/\/cetm-madrid.es\/web\/wp-json\/wp\/v2\/posts\/6319\/revisions\/6323"}],"wp:featuredmedia":[{"embeddable":true,"href":"https:\/\/cetm-madrid.es\/web\/wp-json\/wp\/v2\/media\/6322"}],"wp:attachment":[{"href":"https:\/\/cetm-madrid.es\/web\/wp-json\/wp\/v2\/media?parent=6319"}],"wp:term":[{"taxonomy":"category","embeddable":true,"href":"https:\/\/cetm-madrid.es\/web\/wp-json\/wp\/v2\/categories?post=6319"},{"taxonomy":"post_tag","embeddable":true,"href":"https:\/\/cetm-madrid.es\/web\/wp-json\/wp\/v2\/tags?post=6319"}],"curies":[{"name":"wp","href":"https:\/\/api.w.org\/{rel}","templated":true}]}}