{"id":6196,"date":"2020-09-25T06:59:59","date_gmt":"2020-09-25T06:59:59","guid":{"rendered":"https:\/\/cetm-madrid.es\/web\/?p=6196"},"modified":"2020-09-28T07:08:27","modified_gmt":"2020-09-28T07:08:27","slug":"la-cetm-se-une-a-la-iru-para-reclamar-un-acuerdo-del-brexit-que-proteja-al-transporte-de-mercancias-por-carretera","status":"publish","type":"post","link":"https:\/\/cetm-madrid.es\/web\/la-cetm-se-une-a-la-iru-para-reclamar-un-acuerdo-del-brexit-que-proteja-al-transporte-de-mercancias-por-carretera\/","title":{"rendered":"LA CETM SE UNE A LA IRU PARA RECLAMAR UN ACUERDO DEL BREXIT QUE PROTEJA AL TRANSPORTE DE MERCANC\u00cdAS POR CARRETERA"},"content":{"rendered":"<p>[et_pb_section fb_built=&#8221;1&#8243; admin_label=&#8221;section&#8221; _builder_version=&#8221;3.22&#8243;][et_pb_row admin_label=&#8221;row&#8221; _builder_version=&#8221;3.25&#8243; background_size=&#8221;initial&#8221; background_position=&#8221;top_left&#8221; background_repeat=&#8221;repeat&#8221; column_structure=&#8221;2_3,1_3&#8243;][et_pb_column type=&#8221;2_3&#8243; _builder_version=&#8221;3.25&#8243; custom_padding=&#8221;|||&#8221; custom_padding__hover=&#8221;|||&#8221;][et_pb_text admin_label=&#8221;Texto&#8221; _builder_version=&#8221;4.4.8&#8243; background_size=&#8221;initial&#8221; background_position=&#8221;top_left&#8221; background_repeat=&#8221;repeat&#8221; text_orientation=&#8221;justified&#8221; hover_enabled=&#8221;0&#8243; use_border_color=&#8221;off&#8221; border_color=&#8221;#ffffff&#8221; border_style=&#8221;solid&#8221;]<\/p>\n<p>La Confederaci\u00f3n Espa\u00f1ola de Transporte de Mercanc\u00edas (CETM) se ha unido a la Organizaci\u00f3n Internacional del Transporte (IRU), de la que es miembro, para reclamar, en una carta <strong>abierta junto a otras 31 organizaciones empresariales de transporte,<\/strong> un acuerdo del Brexit que respalde al transporte de mercanc\u00edas por carretera y las econom\u00edas de la Uni\u00f3n Europea.<\/p>\n<p>El escrito, dirigido a los negociadores europeos para el Brexit, Michel Barnier y David Fost, pone de manifiesto la relevancia del sector para el conjunto de la econom\u00eda. Cada a\u00f1o, <strong>m\u00e1s de 2.3 millones de camiones<\/strong> viajan de ida y vuelta entre la Uni\u00f3n Europea y el Reino Unido y son indispensables para el resto de la industria y los consumidores, puesto que distribuyen materias primas, repuestos, alimentaci\u00f3n y todo tipo de productos.<\/p>\n<p>El objetivo de esta iniciativa paneuropea es recordar que a\u00fan hay tiempo para alcanzar un acuerdo y proteger los movimientos de veh\u00edculos pesados, permitiendo el tr\u00e1nsito entre Reino Unido y los Estados miembros de la UE <strong>sin la introducci\u00f3n <\/strong><strong>de permisos de transporte y sistemas de cuotas.<\/strong><\/p>\n<p>Es necesario el <strong>reconocimiento mutuo de est\u00e1ndares, competencias y <\/strong><strong>certificados<\/strong> para asegurar la competencia leal y proteger la seguridad y las condiciones laborales de los conductores profesionales. Por tanto, si finalmente no se alcanza un pacto, la p\u00e9rdida ser\u00eda mutua y supondr\u00eda el entorpecimiento del desarrollo de la cadena de suministro y, por ende, del conjunto de la econom\u00eda.<\/p>\n<p>Como bien ha se\u00f1ala la delegada general de la IRU en la UE, Raluca Marian, la crisis del coronavirus ha supuesto <strong>una p\u00e9rdida anual de 64.000 millones de euros para los operadores de transporte,<\/strong> y no podemos permitir que la ausencia de un acuerdo entre la UE y Reino Unido amenace a\u00fan m\u00e1s la viabilidad de las empresas de transporte de mercanc\u00edas.<\/p>\n<p>La CETM considera que, de no alcanzarse un acuerdo, las consecuencias para el sector podr\u00edan ser demoledoras y, por ello, reclama que haya consenso entre las partes. De no ser as\u00ed, las empresas de transporte de mercanc\u00edas no podr\u00edan sostener la situaci\u00f3n y <strong>estar\u00eda en peligro el suministro de la industria y la resistencia de la econom\u00eda.<\/strong><\/p>\n<p><em>\u00b7 Adjunto va la carta abierta firmada por 32 organizaciones empresariales de transporte por carretera de toda Europa. <\/em><\/p>\n<p>[\/et_pb_text][\/et_pb_column][et_pb_column type=&#8221;1_3&#8243; _builder_version=&#8221;3.25&#8243; custom_padding=&#8221;|||&#8221; custom_padding__hover=&#8221;|||&#8221;][et_pb_image src=&#8221;https:\/\/cetm-madrid.es\/web\/wp-content\/uploads\/2020\/09\/Captura-6.png&#8221; align_tablet=&#8221;center&#8221; align_last_edited=&#8221;on|desktop&#8221; admin_label=&#8221;Imagen&#8221; _builder_version=&#8221;4.4.8&#8243; animation_style=&#8221;slide&#8221; animation_direction=&#8221;left&#8221; animation_duration=&#8221;500ms&#8221; animation_intensity_slide=&#8221;10%&#8221; hover_enabled=&#8221;0&#8243; use_border_color=&#8221;off&#8221; border_color=&#8221;#ffffff&#8221; border_style=&#8221;solid&#8221; animation=&#8221;left&#8221; sticky=&#8221;off&#8221; always_center_on_mobile=&#8221;on&#8221; title_text=&#8221;Captura&#8221;][\/et_pb_image][et_pb_button _builder_version=&#8221;4.4.8&#8243; button_text=&#8221;PDF&#8221; hover_enabled=&#8221;0&#8243; button_url=&#8221;https:\/\/cetm-madrid.es\/web\/wp-content\/uploads\/2020\/09\/Open-letter-to-EU-Chief-Negotiator-Michel-Barnier-and-to-UK-Prime-Minister-Boris-Johnson.pdf-1.pdf&#8221;][\/et_pb_button][\/et_pb_column][\/et_pb_row][\/et_pb_section]<\/p>\n","protected":false},"excerpt":{"rendered":"<p>La Confederaci\u00f3n Espa\u00f1ola de Transporte de Mercanc\u00edas (CETM) se ha unido a la Organizaci\u00f3n Internacional del Transporte (IRU), de la que es miembro, para reclamar, en una carta abierta junto a otras 31 organizaciones empresariales de transporte, un acuerdo del Brexit que respalde al transporte de mercanc\u00edas por carretera y las econom\u00edas de la Uni\u00f3n [&hellip;]<\/p>\n","protected":false},"author":1,"featured_media":6199,"comment_status":"closed","ping_status":"open","sticky":false,"template":"","format":"standard","meta":{"_et_pb_use_builder":"on","_et_pb_old_content":"","_et_gb_content_width":"","footnotes":""},"categories":[5,4],"tags":[],"class_list":["post-6196","post","type-post","status-publish","format-standard","has-post-thumbnail","hentry","category-general","category-organizacion"],"_links":{"self":[{"href":"https:\/\/cetm-madrid.es\/web\/wp-json\/wp\/v2\/posts\/6196","targetHints":{"allow":["GET"]}}],"collection":[{"href":"https:\/\/cetm-madrid.es\/web\/wp-json\/wp\/v2\/posts"}],"about":[{"href":"https:\/\/cetm-madrid.es\/web\/wp-json\/wp\/v2\/types\/post"}],"author":[{"embeddable":true,"href":"https:\/\/cetm-madrid.es\/web\/wp-json\/wp\/v2\/users\/1"}],"replies":[{"embeddable":true,"href":"https:\/\/cetm-madrid.es\/web\/wp-json\/wp\/v2\/comments?post=6196"}],"version-history":[{"count":2,"href":"https:\/\/cetm-madrid.es\/web\/wp-json\/wp\/v2\/posts\/6196\/revisions"}],"predecessor-version":[{"id":6201,"href":"https:\/\/cetm-madrid.es\/web\/wp-json\/wp\/v2\/posts\/6196\/revisions\/6201"}],"wp:featuredmedia":[{"embeddable":true,"href":"https:\/\/cetm-madrid.es\/web\/wp-json\/wp\/v2\/media\/6199"}],"wp:attachment":[{"href":"https:\/\/cetm-madrid.es\/web\/wp-json\/wp\/v2\/media?parent=6196"}],"wp:term":[{"taxonomy":"category","embeddable":true,"href":"https:\/\/cetm-madrid.es\/web\/wp-json\/wp\/v2\/categories?post=6196"},{"taxonomy":"post_tag","embeddable":true,"href":"https:\/\/cetm-madrid.es\/web\/wp-json\/wp\/v2\/tags?post=6196"}],"curies":[{"name":"wp","href":"https:\/\/api.w.org\/{rel}","templated":true}]}}