{"id":6179,"date":"2020-09-24T07:01:15","date_gmt":"2020-09-24T07:01:15","guid":{"rendered":"https:\/\/cetm-madrid.es\/web\/?p=6179"},"modified":"2020-09-25T07:05:35","modified_gmt":"2020-09-25T07:05:35","slug":"cerrada-al-trafico-la-n-121-en-irun-entre-los-enlaces-de-intxaurreta-y-gurutze","status":"publish","type":"post","link":"https:\/\/cetm-madrid.es\/web\/cerrada-al-trafico-la-n-121-en-irun-entre-los-enlaces-de-intxaurreta-y-gurutze\/","title":{"rendered":"CERRADA AL TR\u00c1FICO LA N-121 EN IR\u00daN ENTRE LOS ENLACES DE INTXAURRETA Y GURUTZE"},"content":{"rendered":"<p>[et_pb_section fb_built=&#8221;1&#8243; admin_label=&#8221;section&#8221; _builder_version=&#8221;3.22&#8243;][et_pb_row admin_label=&#8221;row&#8221; _builder_version=&#8221;3.25&#8243; background_size=&#8221;initial&#8221; background_position=&#8221;top_left&#8221; background_repeat=&#8221;repeat&#8221; column_structure=&#8221;2_3,1_3&#8243;][et_pb_column type=&#8221;2_3&#8243; _builder_version=&#8221;3.25&#8243; custom_padding=&#8221;|||&#8221; custom_padding__hover=&#8221;|||&#8221;][et_pb_text admin_label=&#8221;Texto&#8221; _builder_version=&#8221;4.4.8&#8243; background_size=&#8221;initial&#8221; background_position=&#8221;top_left&#8221; background_repeat=&#8221;repeat&#8221; text_orientation=&#8221;justified&#8221; hover_enabled=&#8221;0&#8243; use_border_color=&#8221;off&#8221; border_color=&#8221;#ffffff&#8221; border_style=&#8221;solid&#8221;]<\/p>\n<p>La Diputaci\u00f3n Floral de Guip\u00fazcoa ha anunciado que la N-121<strong> est\u00e1 cerrada al tr\u00e1fico en Ir\u00fan<\/strong> desde el lunes, entre los cruces de Intxaurreta y Gurutxe, debido a los problemas detectados en los puentes de Alunda y Gurutxe.<\/p>\n<p>El tr\u00e1fico <strong>se desviar\u00e1 por la carretera GI-3455<\/strong> para proceder a la reparaci\u00f3n de los viaductos y se estima que el corte se prolongar\u00e1 al menos hasta finales de a\u00f1o.<\/p>\n<p>Desde la CETM recomendamos a las empresas de transporte que tengan en cuenta esta incidencia para <strong>planear rutas alternativas<\/strong> y evitar contratiempos.<\/p>\n<p>[\/et_pb_text][\/et_pb_column][et_pb_column type=&#8221;1_3&#8243; _builder_version=&#8221;3.25&#8243; custom_padding=&#8221;|||&#8221; custom_padding__hover=&#8221;|||&#8221;][et_pb_image src=&#8221;https:\/\/cetm-madrid.es\/web\/wp-content\/uploads\/2019\/05\/Logo-CETM-MADRID-Socios.jpg&#8221; align_tablet=&#8221;center&#8221; align_last_edited=&#8221;on|desktop&#8221; admin_label=&#8221;Imagen&#8221; _builder_version=&#8221;4.4.8&#8243; animation_style=&#8221;slide&#8221; animation_direction=&#8221;left&#8221; animation_duration=&#8221;500ms&#8221; animation_intensity_slide=&#8221;10%&#8221; hover_enabled=&#8221;0&#8243; use_border_color=&#8221;off&#8221; border_color=&#8221;#ffffff&#8221; border_style=&#8221;solid&#8221; animation=&#8221;left&#8221; sticky=&#8221;off&#8221; always_center_on_mobile=&#8221;on&#8221; title_text=&#8221;Logo-CETM-MADRID-Socios&#8221;][\/et_pb_image][\/et_pb_column][\/et_pb_row][\/et_pb_section]<\/p>\n","protected":false},"excerpt":{"rendered":"<p>La Diputaci\u00f3n Floral de Guip\u00fazcoa ha anunciado que la N-121 est\u00e1 cerrada al tr\u00e1fico en Ir\u00fan desde el lunes, entre los cruces de Intxaurreta y Gurutxe, debido a los problemas detectados en los puentes de Alunda y Gurutxe. El tr\u00e1fico se desviar\u00e1 por la carretera GI-3455 para proceder a la reparaci\u00f3n de los viaductos y [&hellip;]<\/p>\n","protected":false},"author":1,"featured_media":2078,"comment_status":"closed","ping_status":"open","sticky":false,"template":"","format":"standard","meta":{"_et_pb_use_builder":"on","_et_pb_old_content":"","_et_gb_content_width":"","footnotes":""},"categories":[5,4],"tags":[],"class_list":["post-6179","post","type-post","status-publish","format-standard","has-post-thumbnail","hentry","category-general","category-organizacion"],"_links":{"self":[{"href":"https:\/\/cetm-madrid.es\/web\/wp-json\/wp\/v2\/posts\/6179","targetHints":{"allow":["GET"]}}],"collection":[{"href":"https:\/\/cetm-madrid.es\/web\/wp-json\/wp\/v2\/posts"}],"about":[{"href":"https:\/\/cetm-madrid.es\/web\/wp-json\/wp\/v2\/types\/post"}],"author":[{"embeddable":true,"href":"https:\/\/cetm-madrid.es\/web\/wp-json\/wp\/v2\/users\/1"}],"replies":[{"embeddable":true,"href":"https:\/\/cetm-madrid.es\/web\/wp-json\/wp\/v2\/comments?post=6179"}],"version-history":[{"count":2,"href":"https:\/\/cetm-madrid.es\/web\/wp-json\/wp\/v2\/posts\/6179\/revisions"}],"predecessor-version":[{"id":6182,"href":"https:\/\/cetm-madrid.es\/web\/wp-json\/wp\/v2\/posts\/6179\/revisions\/6182"}],"wp:featuredmedia":[{"embeddable":true,"href":"https:\/\/cetm-madrid.es\/web\/wp-json\/wp\/v2\/media\/2078"}],"wp:attachment":[{"href":"https:\/\/cetm-madrid.es\/web\/wp-json\/wp\/v2\/media?parent=6179"}],"wp:term":[{"taxonomy":"category","embeddable":true,"href":"https:\/\/cetm-madrid.es\/web\/wp-json\/wp\/v2\/categories?post=6179"},{"taxonomy":"post_tag","embeddable":true,"href":"https:\/\/cetm-madrid.es\/web\/wp-json\/wp\/v2\/tags?post=6179"}],"curies":[{"name":"wp","href":"https:\/\/api.w.org\/{rel}","templated":true}]}}