{"id":6154,"date":"2020-09-21T08:50:00","date_gmt":"2020-09-21T08:50:00","guid":{"rendered":"https:\/\/cetm-madrid.es\/web\/?p=6154"},"modified":"2020-09-22T09:03:30","modified_gmt":"2020-09-22T09:03:30","slug":"afeccion-al-trafico-a-partir-del-martes-22-de-septiembre-en-la-a-44-variante-exterior-de-granada-debido-a-las-obras-en-el-tramo-albolote-santa-fe","status":"publish","type":"post","link":"https:\/\/cetm-madrid.es\/web\/afeccion-al-trafico-a-partir-del-martes-22-de-septiembre-en-la-a-44-variante-exterior-de-granada-debido-a-las-obras-en-el-tramo-albolote-santa-fe\/","title":{"rendered":"AFECCI\u00d3N AL TR\u00c1FICO A PARTIR DEL MARTES 22 DE SEPTIEMBRE EN LA A-44, VARIANTE EXTERIOR DE GRANADA, DEBIDO A LAS OBRAS EN EL TRAMO ALBOLOTE-SANTA FE"},"content":{"rendered":"<p>[et_pb_section fb_built=&#8221;1&#8243; admin_label=&#8221;section&#8221; _builder_version=&#8221;3.22&#8243;][et_pb_row column_structure=&#8221;2_3,1_3&#8243; admin_label=&#8221;row&#8221; _builder_version=&#8221;3.25&#8243; background_size=&#8221;initial&#8221; background_position=&#8221;top_left&#8221; background_repeat=&#8221;repeat&#8221;][et_pb_column type=&#8221;2_3&#8243; _builder_version=&#8221;3.25&#8243; custom_padding=&#8221;|||&#8221; custom_padding__hover=&#8221;|||&#8221;][et_pb_text admin_label=&#8221;Texto&#8221; _builder_version=&#8221;4.4.8&#8243; background_size=&#8221;initial&#8221; background_position=&#8221;top_left&#8221; background_repeat=&#8221;repeat&#8221; text_orientation=&#8221;justified&#8221; use_border_color=&#8221;off&#8221; border_color=&#8221;#ffffff&#8221; border_style=&#8221;solid&#8221;]<\/p>\n<p>El Ministerio de Transportes, Movilidad y Agenda Urbana ha comunicado que este martes, 22 de septiembre, se iniciar\u00e1n afecciones al tr\u00e1fico en la A-44 <strong>debido a trabajos de se\u00f1alizaci\u00f3n y capa de rodadura<\/strong> correspondientes al programa de creaci\u00f3n de nueva infraestructura en el tramo Albolote &#8211; Santa Fe.<\/p>\n<p>Concretamente, el tr\u00e1fico se ver\u00e1 afectado en el subtramo de la variante exterior que se encuentra en servicio <strong>entre los puntos kilom\u00e9tricos 119 a 122 en sentido N-432,<\/strong> reduci\u00e9ndose el n\u00famero de carriles de dos a uno.<\/p>\n<p>Asimismo, cuando se realicen los trabajos de aglomerado de la v\u00eda colectora de la salida 122,\u00a0 <strong>se desviar\u00e1 el tr\u00e1fico por la carretera GR-3417<\/strong> en direcci\u00f3n Atarfe.<\/p>\n<p>Cabe destacar que el MITMA ha se\u00f1alado que<strong> durante el fin de semana no habr\u00e1 afecci\u00f3n,<\/strong> puesto que el desv\u00edo de desmontar\u00e1 a las 13:00 del viernes y se volver\u00e1 a instalar el lunes 28 a las 08:00 horas.<\/p>\n<p>Est\u00e1 previsto que los trabajos <strong>se extiendan hasta el pr\u00f3ximo 2 de octubre<\/strong> a las 13:00 horas, por lo que desde la CETM recomendamos que tengan en cuenta las fechas para poder organizar las rutas con antelaci\u00f3n.\u00a0<\/p>\n<p>[\/et_pb_text][et_pb_image src=&#8221;https:\/\/cetm-madrid.es\/web\/wp-content\/uploads\/2020\/09\/Captura-5.png&#8221; title_text=&#8221;Captura&#8221; _builder_version=&#8221;4.4.8&#8243;][\/et_pb_image][\/et_pb_column][et_pb_column type=&#8221;1_3&#8243; _builder_version=&#8221;3.25&#8243; custom_padding=&#8221;|||&#8221; custom_padding__hover=&#8221;|||&#8221;][et_pb_image src=&#8221;https:\/\/cetm-madrid.es\/web\/wp-content\/uploads\/2020\/09\/Captura-2-1.png&#8221; title_text=&#8221;Captura 2&#8243; align_tablet=&#8221;center&#8221; align_phone=&#8221;&#8221; align_last_edited=&#8221;on|desktop&#8221; admin_label=&#8221;Imagen&#8221; _builder_version=&#8221;4.4.8&#8243; animation_style=&#8221;slide&#8221; animation_direction=&#8221;left&#8221; animation_duration=&#8221;500ms&#8221; animation_intensity_slide=&#8221;10%&#8221; use_border_color=&#8221;off&#8221; border_color=&#8221;#ffffff&#8221; border_style=&#8221;solid&#8221; animation=&#8221;left&#8221; sticky=&#8221;off&#8221; always_center_on_mobile=&#8221;on&#8221;][\/et_pb_image][\/et_pb_column][\/et_pb_row][\/et_pb_section]<\/p>\n","protected":false},"excerpt":{"rendered":"<p>El Ministerio de Transportes, Movilidad y Agenda Urbana ha comunicado que este martes, 22 de septiembre, se iniciar\u00e1n afecciones al tr\u00e1fico en la A-44 debido a trabajos de se\u00f1alizaci\u00f3n y capa de rodadura correspondientes al programa de creaci\u00f3n de nueva infraestructura en el tramo Albolote &#8211; Santa Fe. Concretamente, el tr\u00e1fico se ver\u00e1 afectado en [&hellip;]<\/p>\n","protected":false},"author":1,"featured_media":6159,"comment_status":"closed","ping_status":"open","sticky":false,"template":"","format":"standard","meta":{"_et_pb_use_builder":"on","_et_pb_old_content":"","_et_gb_content_width":"","footnotes":""},"categories":[5,4],"tags":[],"class_list":["post-6154","post","type-post","status-publish","format-standard","has-post-thumbnail","hentry","category-general","category-organizacion"],"_links":{"self":[{"href":"https:\/\/cetm-madrid.es\/web\/wp-json\/wp\/v2\/posts\/6154","targetHints":{"allow":["GET"]}}],"collection":[{"href":"https:\/\/cetm-madrid.es\/web\/wp-json\/wp\/v2\/posts"}],"about":[{"href":"https:\/\/cetm-madrid.es\/web\/wp-json\/wp\/v2\/types\/post"}],"author":[{"embeddable":true,"href":"https:\/\/cetm-madrid.es\/web\/wp-json\/wp\/v2\/users\/1"}],"replies":[{"embeddable":true,"href":"https:\/\/cetm-madrid.es\/web\/wp-json\/wp\/v2\/comments?post=6154"}],"version-history":[{"count":4,"href":"https:\/\/cetm-madrid.es\/web\/wp-json\/wp\/v2\/posts\/6154\/revisions"}],"predecessor-version":[{"id":6162,"href":"https:\/\/cetm-madrid.es\/web\/wp-json\/wp\/v2\/posts\/6154\/revisions\/6162"}],"wp:featuredmedia":[{"embeddable":true,"href":"https:\/\/cetm-madrid.es\/web\/wp-json\/wp\/v2\/media\/6159"}],"wp:attachment":[{"href":"https:\/\/cetm-madrid.es\/web\/wp-json\/wp\/v2\/media?parent=6154"}],"wp:term":[{"taxonomy":"category","embeddable":true,"href":"https:\/\/cetm-madrid.es\/web\/wp-json\/wp\/v2\/categories?post=6154"},{"taxonomy":"post_tag","embeddable":true,"href":"https:\/\/cetm-madrid.es\/web\/wp-json\/wp\/v2\/tags?post=6154"}],"curies":[{"name":"wp","href":"https:\/\/api.w.org\/{rel}","templated":true}]}}