{"id":6131,"date":"2020-09-18T06:18:00","date_gmt":"2020-09-18T06:18:00","guid":{"rendered":"https:\/\/cetm-madrid.es\/web\/?p=6131"},"modified":"2020-09-21T06:29:40","modified_gmt":"2020-09-21T06:29:40","slug":"el-comite-ejecutivo-de-la-cetm-presenta-una-propuesta-para-mejorar-el-desarrollo-de-la-ley-de-movilidad-sostenible-y-financiacion-del-transporte-y-pide-la-implicacion-directa-del-sector","status":"publish","type":"post","link":"https:\/\/cetm-madrid.es\/web\/el-comite-ejecutivo-de-la-cetm-presenta-una-propuesta-para-mejorar-el-desarrollo-de-la-ley-de-movilidad-sostenible-y-financiacion-del-transporte-y-pide-la-implicacion-directa-del-sector\/","title":{"rendered":"EL COMIT\u00c9 EJECUTIVO DE LA CETM PRESENTA UNA PROPUESTA PARA MEJORAR EL DESARROLLO DE LA LEY DE MOVILIDAD SOSTENIBLE Y FINANCIACI\u00d3N DEL TRANSPORTE Y PIDE LA IMPLICACI\u00d3N DIRECTA DEL SECTOR"},"content":{"rendered":"<p>[et_pb_section fb_built=&#8221;1&#8243; admin_label=&#8221;section&#8221; _builder_version=&#8221;3.22&#8243;][et_pb_row admin_label=&#8221;row&#8221; _builder_version=&#8221;3.25&#8243; background_size=&#8221;initial&#8221; background_position=&#8221;top_left&#8221; background_repeat=&#8221;repeat&#8221; column_structure=&#8221;2_3,1_3&#8243;][et_pb_column type=&#8221;2_3&#8243; _builder_version=&#8221;3.25&#8243; custom_padding=&#8221;|||&#8221; custom_padding__hover=&#8221;|||&#8221;][et_pb_text admin_label=&#8221;Texto&#8221; _builder_version=&#8221;4.4.8&#8243; background_size=&#8221;initial&#8221; background_position=&#8221;top_left&#8221; background_repeat=&#8221;repeat&#8221; text_orientation=&#8221;justified&#8221; hover_enabled=&#8221;0&#8243; use_border_color=&#8221;off&#8221; border_color=&#8221;#ffffff&#8221; border_style=&#8221;solid&#8221;]<\/p>\n<p>El Ministerio de Transportes, Movilidad y Agenda Urbana ha abierto una consulta p\u00fablica para que, tanto los ciudadanos como las organizaciones profesionales, puedan hacer sus aportaciones a la futura Ley de Movilidad Sostenible y Financiaci\u00f3n del Transporte.<\/p>\n<p>En este sentido, el Comit\u00e9 Ejecutivo de la Confederaci\u00f3n Espa\u00f1ola de Transporte de Mercanc\u00edas (CETM) ha acordado presentar una propuesta en la que se incorporan las principales necesidades del transporte de mercanc\u00edas por carretera. La CETM considera absolutamente necesario que se tenga en cuenta la sostenibilidad de las empresas de transporte por carretera desde el punto de vista<br \/>medioambiental, econ\u00f3mico y social y que, adem\u00e1s, cualquier modificaci\u00f3n sea consensuada con el sector.<\/p>\n<p>En lo que respecta a la fiscalidad en el transporte, la CETM solicita que se mantenga el r\u00e9gimen fiscal contemplado en el art\u00edculo 52 bis L38\/92 de IIEE por el que se establece la devoluci\u00f3n parcial del Impuesto sobre hidrocarburos por el gas\u00f3leo de uso profesional, ante la falta de alternativas energ\u00e9ticas competitivas, eficientes y econ\u00f3micamente viables.<\/p>\n<p>As\u00ed mismo, respecto de la Distribuci\u00f3n Urbana de Mercanc\u00edas (DUM), ponemos de manifiesto la necesidad de destinar ayudas para la renovaci\u00f3n de flotas y la falta de infraestructura asociada de energ\u00edas alternativas, que puede da\u00f1ar no s\u00f3lo la competitividad del sector sino, tambi\u00e9n, la de los productos espa\u00f1oles.\u00a0<\/p>\n<p>Por ello, la CETM ha estimado que ser\u00e1 necesario que se destinen 1.500 millones de euros anuales para la transici\u00f3n energ\u00e9tica de las flotas de veh\u00edculos, la renovaci\u00f3n de las instalaciones de suministro, la transformaci\u00f3n de veh\u00edculos o la realizaci\u00f3n de estudios que permitan a las empresas calcular sus objetivos a la hora de reducir las emisiones. Por otra parte, se reclaman ayudas directas y temporales a los operadores ferroviarios para la puesta en marcha de servicios regulares multicliente para el transporte de contenedores o la creaci\u00f3n de autopistas ferroviarias, y se articulan soluciones multimodales similares al ECOBONO o FERROBONO como alternativa para las empresas de transporte de mercanc\u00edas por carretera, sostenibles y econ\u00f3micamente viables.<\/p>\n<p>Otra de las demandas que se presenta en esta propuesta y que es crucial para el avance del sector, es que el modelo de financiaci\u00f3n no suponga un aumento de la fiscalidad destinado al mantenimiento de las infraestructuras. Es inaceptable que el pago por uso de las mismas recaiga solo sobre las empresas de transporte de mercanc\u00edas por carretera, puesto que el mantenimiento debe ir ligado al uso<br \/>proporcional, incluyendo a todos los usuarios.<\/p>\n<p>Igualmente solicitamos que las \u00e1reas de estacionamiento protegidas y seguras se consideren dentro de las infraestructuras del transporte. La formaci\u00f3n es otro de los puntos que forma parte de la propuesta del Comit\u00e9 Ejecutivo de la CETM, que plantea el impulso del T\u00edtulo de Grado Medio de Conductor de Veh\u00edculos de Transporte o una mejora de la oferta formativa en \u00e1mbitos como la transformaci\u00f3n digital, el transporte multimodal y la conducci\u00f3n eficiente.<\/p>\n<p>Tampoco faltan reivindicaciones que hemos defendido a lo largo de nuestra historia como el cumplimiento de los plazos de pago, la reducci\u00f3n de los tiempos de espera, la prohibici\u00f3n de las labores de carga y descarga, la eliminaci\u00f3n de los desv\u00edos obligatorios a carreteras de peaje o la supresi\u00f3n de las restricciones a la circulaci\u00f3n.\u00a0<\/p>\n<p>En definitiva, el Comit\u00e9 Ejecutivo de la CETM considera primordial que el Gobierno ponga en valor al transporte de mercanc\u00edas por carretera a la hora de tramitar la Ley de Movilidad Sostenible y Financiaci\u00f3n del Transporte, llegando a un consenso con el sector en todos aquellos aspectos que le afectan y que pueden da\u00f1ar su competitividad.<\/p>\n<p>[\/et_pb_text][\/et_pb_column][et_pb_column type=&#8221;1_3&#8243; _builder_version=&#8221;3.25&#8243; custom_padding=&#8221;|||&#8221; custom_padding__hover=&#8221;|||&#8221;][et_pb_image src=&#8221;https:\/\/cetm-madrid.es\/web\/wp-content\/uploads\/2020\/09\/Captura-4.png&#8221; align_tablet=&#8221;center&#8221; align_last_edited=&#8221;on|desktop&#8221; admin_label=&#8221;Imagen&#8221; _builder_version=&#8221;4.4.8&#8243; animation_style=&#8221;slide&#8221; animation_direction=&#8221;left&#8221; animation_duration=&#8221;500ms&#8221; animation_intensity_slide=&#8221;10%&#8221; hover_enabled=&#8221;0&#8243; use_border_color=&#8221;off&#8221; border_color=&#8221;#ffffff&#8221; border_style=&#8221;solid&#8221; animation=&#8221;left&#8221; sticky=&#8221;off&#8221; always_center_on_mobile=&#8221;on&#8221; title_text=&#8221;Captura&#8221;][\/et_pb_image][\/et_pb_column][\/et_pb_row][\/et_pb_section]<\/p>\n","protected":false},"excerpt":{"rendered":"<p>El Ministerio de Transportes, Movilidad y Agenda Urbana ha abierto una consulta p\u00fablica para que, tanto los ciudadanos como las organizaciones profesionales, puedan hacer sus aportaciones a la futura Ley de Movilidad Sostenible y Financiaci\u00f3n del Transporte. En este sentido, el Comit\u00e9 Ejecutivo de la Confederaci\u00f3n Espa\u00f1ola de Transporte de Mercanc\u00edas (CETM) ha acordado presentar [&hellip;]<\/p>\n","protected":false},"author":1,"featured_media":6134,"comment_status":"closed","ping_status":"open","sticky":false,"template":"","format":"standard","meta":{"_et_pb_use_builder":"on","_et_pb_old_content":"","_et_gb_content_width":"","footnotes":""},"categories":[5,4],"tags":[],"class_list":["post-6131","post","type-post","status-publish","format-standard","has-post-thumbnail","hentry","category-general","category-organizacion"],"_links":{"self":[{"href":"https:\/\/cetm-madrid.es\/web\/wp-json\/wp\/v2\/posts\/6131","targetHints":{"allow":["GET"]}}],"collection":[{"href":"https:\/\/cetm-madrid.es\/web\/wp-json\/wp\/v2\/posts"}],"about":[{"href":"https:\/\/cetm-madrid.es\/web\/wp-json\/wp\/v2\/types\/post"}],"author":[{"embeddable":true,"href":"https:\/\/cetm-madrid.es\/web\/wp-json\/wp\/v2\/users\/1"}],"replies":[{"embeddable":true,"href":"https:\/\/cetm-madrid.es\/web\/wp-json\/wp\/v2\/comments?post=6131"}],"version-history":[{"count":2,"href":"https:\/\/cetm-madrid.es\/web\/wp-json\/wp\/v2\/posts\/6131\/revisions"}],"predecessor-version":[{"id":6135,"href":"https:\/\/cetm-madrid.es\/web\/wp-json\/wp\/v2\/posts\/6131\/revisions\/6135"}],"wp:featuredmedia":[{"embeddable":true,"href":"https:\/\/cetm-madrid.es\/web\/wp-json\/wp\/v2\/media\/6134"}],"wp:attachment":[{"href":"https:\/\/cetm-madrid.es\/web\/wp-json\/wp\/v2\/media?parent=6131"}],"wp:term":[{"taxonomy":"category","embeddable":true,"href":"https:\/\/cetm-madrid.es\/web\/wp-json\/wp\/v2\/categories?post=6131"},{"taxonomy":"post_tag","embeddable":true,"href":"https:\/\/cetm-madrid.es\/web\/wp-json\/wp\/v2\/tags?post=6131"}],"curies":[{"name":"wp","href":"https:\/\/api.w.org\/{rel}","templated":true}]}}